{"id":51815,"date":"2014-10-02T09:42:21","date_gmt":"2014-10-02T12:42:21","guid":{"rendered":"http:\/\/www.eltrabajo.cl\/portal\/?p=51815"},"modified":"2014-10-02T09:42:21","modified_gmt":"2014-10-02T12:42:21","slug":"convenio-codelco-gobernacion-lanza-fondo-concursable-de-40-millones","status":"publish","type":"post","link":"https:\/\/eltrabajo.cl\/portal\/convenio-codelco-gobernacion-lanza-fondo-concursable-de-40-millones\/","title":{"rendered":"Convenio Codelco-Gobernaci\u00f3n lanza Fondo Concursable de $40 millones"},"content":{"rendered":"<figure id=\"attachment_51816\" aria-describedby=\"caption-attachment-51816\" style=\"width: 529px\" class=\"wp-caption alignnone\"><a href=\"https:\/\/i0.wp.com\/www.eltrabajo.cl\/portal\/wp-content\/uploads\/2014\/10\/Fondos1.jpg\"><img data-recalc-dims=\"1\" loading=\"lazy\" decoding=\"async\" class=\"size-full wp-image-51816\" alt=\"Esta instancia conjunta de asociatividad busca fortalecer el desarrollo de las distintas organizaciones y, para este a\u00f1o, pretende beneficiar a m\u00e1s proyectos sociales.\" src=\"https:\/\/i0.wp.com\/www.eltrabajo.cl\/portal\/wp-content\/uploads\/2014\/10\/Fondos1.jpg?resize=529%2C316\" width=\"529\" height=\"316\" srcset=\"https:\/\/i0.wp.com\/eltrabajo.cl\/portal\/wp-content\/uploads\/2014\/10\/Fondos1.jpg?w=529&amp;ssl=1 529w, https:\/\/i0.wp.com\/eltrabajo.cl\/portal\/wp-content\/uploads\/2014\/10\/Fondos1.jpg?resize=200%2C119&amp;ssl=1 200w, https:\/\/i0.wp.com\/eltrabajo.cl\/portal\/wp-content\/uploads\/2014\/10\/Fondos1.jpg?resize=300%2C179&amp;ssl=1 300w, https:\/\/i0.wp.com\/eltrabajo.cl\/portal\/wp-content\/uploads\/2014\/10\/Fondos1.jpg?resize=150%2C89&amp;ssl=1 150w, https:\/\/i0.wp.com\/eltrabajo.cl\/portal\/wp-content\/uploads\/2014\/10\/Fondos1.jpg?resize=400%2C238&amp;ssl=1 400w\" sizes=\"auto, (max-width: 529px) 100vw, 529px\" \/><\/a><figcaption id=\"caption-attachment-51816\" class=\"wp-caption-text\">Esta instancia conjunta de asociatividad busca fortalecer el desarrollo de las distintas organizaciones y, para este a\u00f1o, pretende beneficiar a m\u00e1s proyectos sociales.<\/figcaption><\/figure>\n<p>El Gobernador Eduardo Le\u00f3n, junto al Gerente de Sustentabilidad y Asuntos Externos de Codelco Divisi\u00f3n Andina, Aldo Andrei y los presidentes de las uniones comunales de juntas de vecinos de Llay Llay, Catemu, Panquehue, San Felipe, Putaendo y Santa Mar\u00eda, dieron el vamos a la postulaci\u00f3n del Fondo Concursables Codelco Divisi\u00f3n Andina-Gobernaci\u00f3n de San Felipe 2014, cuyo proceso de entrega de bases comenz\u00f3 el 30 de septiembre y se extender\u00e1 hasta el 10 de octubre.<\/p>\n<figure id=\"attachment_51817\" aria-describedby=\"caption-attachment-51817\" style=\"width: 317px\" class=\"wp-caption alignright\"><a href=\"https:\/\/i0.wp.com\/www.eltrabajo.cl\/portal\/wp-content\/uploads\/2014\/10\/Leon1.jpg\"><img data-recalc-dims=\"1\" loading=\"lazy\" decoding=\"async\" class=\" wp-image-51817 \" alt=\"El Gobernador Eduardo Le\u00f3n, junto al Gerente de Sustentabilidad y Asuntos Externos de Codelco Divisi\u00f3n Andina, Aldo Andrei.\" src=\"https:\/\/i0.wp.com\/www.eltrabajo.cl\/portal\/wp-content\/uploads\/2014\/10\/Leon1.jpg?resize=317%2C215\" width=\"317\" height=\"215\" srcset=\"https:\/\/i0.wp.com\/eltrabajo.cl\/portal\/wp-content\/uploads\/2014\/10\/Leon1.jpg?w=529&amp;ssl=1 529w, https:\/\/i0.wp.com\/eltrabajo.cl\/portal\/wp-content\/uploads\/2014\/10\/Leon1.jpg?resize=200%2C135&amp;ssl=1 200w, https:\/\/i0.wp.com\/eltrabajo.cl\/portal\/wp-content\/uploads\/2014\/10\/Leon1.jpg?resize=300%2C203&amp;ssl=1 300w, https:\/\/i0.wp.com\/eltrabajo.cl\/portal\/wp-content\/uploads\/2014\/10\/Leon1.jpg?resize=150%2C101&amp;ssl=1 150w, https:\/\/i0.wp.com\/eltrabajo.cl\/portal\/wp-content\/uploads\/2014\/10\/Leon1.jpg?resize=400%2C270&amp;ssl=1 400w\" sizes=\"auto, (max-width: 317px) 100vw, 317px\" \/><\/a><figcaption id=\"caption-attachment-51817\" class=\"wp-caption-text\">El Gobernador Eduardo Le\u00f3n, junto al Gerente de Sustentabilidad y Asuntos Externos de Codelco Divisi\u00f3n Andina, Aldo Andrei.<\/figcaption><\/figure>\n<p>A partir del lunes 13 al viernes 24 de octubre, a las 13:00 horas inclusive, se recepcionar\u00e1n las postulaciones de los proyectos, en oficina de la Gobernaci\u00f3n provincial de San Felipe. El resultado de las organizaciones favorecidas, ser\u00e1 informado por la prensa local, luego del proceso de adjudicaci\u00f3n de proyectos.<\/p>\n<p>Este a\u00f1o la provincia de San Felipe tendr\u00e1 un Fondo Concursable de $40 millones, pudiendo cada proyecto optar a un monto desde $500.000 y hasta un tope de $1 mill\u00f3n por proyecto.<\/p>\n<p>\u201cEl objetivo de este fondo es que sean los propios vecinos quienes prioricen sus necesidades, realicen el levantamiento y formulen proyectos de alto impacto en la calidad de vida de sus comunidades\u201d, se\u00f1al\u00f3 el Gobernador Eduardo Le\u00f3n.<\/p>\n<p>Por su parte el Gerente de Sustentabilidad y Asuntos Externos de Codelco Divisi\u00f3n Andina, Aldo Andrei, agreg\u00f3 que \u201cesperamos repetir el alto n\u00famero de proyectos financiados el 2013 y finalizados con \u00e9xito para el beneficio de la comunidad, en \u00e1mbitos como equipamiento, habilitaci\u00f3n y mejoramiento de sedes; aportes a infraestructura comunitaria; realizaci\u00f3n de programas, talleres y proyectos; todos enmarcados en los \u00e1mbitos de Seguridad Ciudadana, Cultura y Recreaci\u00f3n\u201d. Las bases del Concurso y formularios de postulaci\u00f3n estar\u00e1n disponibles en la Gobernaci\u00f3n Provincia de San Felipe, en la oficina de recepci\u00f3n de Codelco Andina (Avenida Santa Teresa 513, Los Andes) y en las distintas sedes de las Uniones Comunales de Junta de Vecinos de la provincia.<\/p>\n<p>&nbsp;<\/p>\n","protected":false},"excerpt":{"rendered":"<p>El Gobernador Eduardo Le\u00f3n, junto al Gerente de Sustentabilidad y Asuntos Externos de Codelco Divisi\u00f3n Andina, Aldo Andrei y los presidentes de las uniones comunales de juntas de vecinos de Llay Llay,&#8230;<\/p>\n","protected":false},"author":482,"featured_media":51816,"comment_status":"open","ping_status":"closed","sticky":false,"template":"","format":"standard","meta":{"advanced_seo_description":"","jetpack_seo_html_title":"","jetpack_seo_noindex":false,"_jetpack_memberships_contains_paid_content":false,"footnotes":""},"categories":[15],"tags":[],"class_list":["post-51815","post","type-post","status-publish","format-standard","has-post-thumbnail","hentry","category-comunidad"],"jetpack_featured_media_url":"https:\/\/i0.wp.com\/eltrabajo.cl\/portal\/wp-content\/uploads\/2014\/10\/Fondos1.jpg?fit=529%2C316&ssl=1","jetpack_sharing_enabled":true,"jetpack_likes_enabled":true,"jetpack-related-posts":[],"_links":{"self":[{"href":"https:\/\/eltrabajo.cl\/portal\/wp-json\/wp\/v2\/posts\/51815","targetHints":{"allow":["GET"]}}],"collection":[{"href":"https:\/\/eltrabajo.cl\/portal\/wp-json\/wp\/v2\/posts"}],"about":[{"href":"https:\/\/eltrabajo.cl\/portal\/wp-json\/wp\/v2\/types\/post"}],"author":[{"embeddable":true,"href":"https:\/\/eltrabajo.cl\/portal\/wp-json\/wp\/v2\/users\/482"}],"replies":[{"embeddable":true,"href":"https:\/\/eltrabajo.cl\/portal\/wp-json\/wp\/v2\/comments?post=51815"}],"version-history":[{"count":0,"href":"https:\/\/eltrabajo.cl\/portal\/wp-json\/wp\/v2\/posts\/51815\/revisions"}],"wp:featuredmedia":[{"embeddable":true,"href":"https:\/\/eltrabajo.cl\/portal\/wp-json\/wp\/v2\/media\/51816"}],"wp:attachment":[{"href":"https:\/\/eltrabajo.cl\/portal\/wp-json\/wp\/v2\/media?parent=51815"}],"wp:term":[{"taxonomy":"category","embeddable":true,"href":"https:\/\/eltrabajo.cl\/portal\/wp-json\/wp\/v2\/categories?post=51815"},{"taxonomy":"post_tag","embeddable":true,"href":"https:\/\/eltrabajo.cl\/portal\/wp-json\/wp\/v2\/tags?post=51815"}],"curies":[{"name":"wp","href":"https:\/\/api.w.org\/{rel}","templated":true}]}}