{"id":51820,"date":"2014-10-02T09:43:56","date_gmt":"2014-10-02T12:43:56","guid":{"rendered":"http:\/\/www.eltrabajo.cl\/portal\/?p=51820"},"modified":"2014-10-02T09:43:56","modified_gmt":"2014-10-02T12:43:56","slug":"conocido-manolo-pardo-fallece-en-espana-a-sus-60-anos","status":"publish","type":"post","link":"https:\/\/eltrabajo.cl\/portal\/conocido-manolo-pardo-fallece-en-espana-a-sus-60-anos\/","title":{"rendered":"Conocido \u2018Manolo\u2019 Pardo fallece en Espa\u00f1a a sus 60 a\u00f1os"},"content":{"rendered":"<figure id=\"attachment_51821\" aria-describedby=\"caption-attachment-51821\" style=\"width: 423px\" class=\"wp-caption alignleft\"><a href=\"https:\/\/i0.wp.com\/www.eltrabajo.cl\/portal\/wp-content\/uploads\/2014\/10\/Manolo1.jpg\"><img data-recalc-dims=\"1\" loading=\"lazy\" decoding=\"async\" class=\" wp-image-51821 \" alt=\"En esta foto apreciamos a V\u00edctor Manuel Pardo San Mart\u00edn con su entonces peque\u00f1a hija, Cony Pardo.\" src=\"https:\/\/i0.wp.com\/www.eltrabajo.cl\/portal\/wp-content\/uploads\/2014\/10\/Manolo1.jpg?resize=423%2C383\" width=\"423\" height=\"383\" srcset=\"https:\/\/i0.wp.com\/eltrabajo.cl\/portal\/wp-content\/uploads\/2014\/10\/Manolo1.jpg?w=529&amp;ssl=1 529w, https:\/\/i0.wp.com\/eltrabajo.cl\/portal\/wp-content\/uploads\/2014\/10\/Manolo1.jpg?resize=165%2C150&amp;ssl=1 165w, https:\/\/i0.wp.com\/eltrabajo.cl\/portal\/wp-content\/uploads\/2014\/10\/Manolo1.jpg?resize=300%2C271&amp;ssl=1 300w, https:\/\/i0.wp.com\/eltrabajo.cl\/portal\/wp-content\/uploads\/2014\/10\/Manolo1.jpg?resize=150%2C135&amp;ssl=1 150w, https:\/\/i0.wp.com\/eltrabajo.cl\/portal\/wp-content\/uploads\/2014\/10\/Manolo1.jpg?resize=400%2C362&amp;ssl=1 400w\" sizes=\"auto, (max-width: 423px) 100vw, 423px\" \/><\/a><figcaption id=\"caption-attachment-51821\" class=\"wp-caption-text\">En esta foto apreciamos a V\u00edctor Manuel Pardo San Mart\u00edn con su entonces peque\u00f1a hija, Cony Pardo.<\/figcaption><\/figure>\n<p>La semana reci\u00e9n pasada falleci\u00f3 en la ciudad de Madrid Espa\u00f1a, a sus 60 a\u00f1os de edad, el ciudadano sanfelipe\u00f1o, V\u00edctor Manuel Pardo San Mart\u00edn, v\u00edctima de una grave enfermedad que lo aquejaba desde su juventud, hijo del gran empresario de transportes en el Valle Aconcagua. Nicanor Pardo y de la matrona por a\u00f1os del Hospital San Camilo, Do\u00f1a Marta San Mart\u00edn.<\/p>\n<figure id=\"attachment_51822\" aria-describedby=\"caption-attachment-51822\" style=\"width: 370px\" class=\"wp-caption alignright\"><a href=\"https:\/\/i0.wp.com\/www.eltrabajo.cl\/portal\/wp-content\/uploads\/2014\/10\/Manolo2.jpg\"><img data-recalc-dims=\"1\" loading=\"lazy\" decoding=\"async\" class=\" wp-image-51822 \" alt=\"Al lado de sus padres Marta y Nicanor, vemos a Manolito a sus seis a\u00f1os de vida en san Felipe.\" src=\"https:\/\/i0.wp.com\/www.eltrabajo.cl\/portal\/wp-content\/uploads\/2014\/10\/Manolo2.jpg?resize=370%2C369\" width=\"370\" height=\"369\" srcset=\"https:\/\/i0.wp.com\/eltrabajo.cl\/portal\/wp-content\/uploads\/2014\/10\/Manolo2.jpg?w=529&amp;ssl=1 529w, https:\/\/i0.wp.com\/eltrabajo.cl\/portal\/wp-content\/uploads\/2014\/10\/Manolo2.jpg?resize=150%2C150&amp;ssl=1 150w, https:\/\/i0.wp.com\/eltrabajo.cl\/portal\/wp-content\/uploads\/2014\/10\/Manolo2.jpg?resize=300%2C298&amp;ssl=1 300w, https:\/\/i0.wp.com\/eltrabajo.cl\/portal\/wp-content\/uploads\/2014\/10\/Manolo2.jpg?resize=400%2C398&amp;ssl=1 400w\" sizes=\"auto, (max-width: 370px) 100vw, 370px\" \/><\/a><figcaption id=\"caption-attachment-51822\" class=\"wp-caption-text\">Al lado de sus padres Marta y Nicanor, vemos a Manolito a sus seis a\u00f1os de vida en san Felipe.<\/figcaption><\/figure>\n<p>\u2018Manolo\u2019, para sus compa\u00f1eros y amigos, se cri\u00f3 en Calle Portus, donde dio sus primeros pasos educativos en la recordada Escuela Superior de Hombres N\u00b01 Bernardo O\u2019Higgins, luego al Instituto Chacabuco de Los Andes, finalizando su ense\u00f1anza media en el Liceo de Hombres Dr. Roberto Humeres de San Felipe.<\/p>\n<p>Rendida la P.A.A. ingresa a la Universidad T\u00e9cnica del Estado, sede La Serena, a la carrera de Ingenier\u00eda Mec\u00e1nica, luego de dos a\u00f1os y por problemas de salud, se viene a la Casa Central de la UTE en Santiago, debiendo abandonar sus estudios por los problemas de salud que le aquejaban.<\/p>\n<p>Ya en San Felipe y junto a su padre Nicanor, comienzan la importaci\u00f3n de buses desde Brasil, creando en aquellos a\u00f1os la \u2018Flota imperial\u2019, servicio de buses San Felipe Santiago, luego de algunos a\u00f1os y justo por querer cambiar el rumbo, se dedica a la crianza de conejos angora, para la exportaci\u00f3n de pelos, negocio que no rento, as\u00ed se va a Santiago y realiza cursos de serigraf\u00eda, por su habilidad manual y para el dibujo, llegando a Orlando Estados Unidos y trabajar en las empresas Walt Disney por largo tiempo, a su retorno a Chile se encuentra con el boom de las telenovelas y las campa\u00f1as publicitarias, propicia ocasi\u00f3n para la prestaci\u00f3n de servicios a los canales de televisi\u00f3n en todo lo publicitario, ya con su experiencia adquirida en Estados Unidos.<\/p>\n<p>Al pasar de los a\u00f1os y su esp\u00edritu de aventura, como hijo de espa\u00f1ol quer\u00eda conocer la tierra de su padre, por lo que emigr\u00f3 hasta Espa\u00f1a, recorri\u00f3, conoci\u00f3 y se estableci\u00f3 cerca de Madrid, debiendo hasta tener dos trabajos para subsistir, dada los problemas que ha enfrentado Espa\u00f1a en la \u00faltima d\u00e9cada; alrededor de tres a\u00f1os atr\u00e1s comenzaron de nuevo su problemas de salud, deterior\u00e1ndose poco a poco, con altas y bajas, hasta que su cuerpo cansado no resisti\u00f3 y parti\u00f3 al encuentro con el Se\u00f1or, no concreto su sue\u00f1o de volver a su Chile querido, a su tierra, para compartir con sus hijas Cony y Carolina y Soledad, quienes fuimos sus amigos y compa\u00f1eros expresamos nuestras condolencias a su familia, en especial a Alejandro y Sra. Marta, desde que supimos de su mal estado hicimos cadena de oraci\u00f3n por su salud, pero la vida es as\u00ed y la debemos aceptar, hoy s\u00f3lo esperamos que sus cenizas lo retornen al pa\u00eds y poder acompa\u00f1arlo a su \u00faltima morada. \u00abAmigo Manolo, descanse en paz, que tus amigos del glorioso 4\u00ba C nunca te olvidaremos\u00bb.<\/p>\n<p>Julio Silva Calder\u00f3n \/ Generaci\u00f3n \u201972 Lic. Roberto Humeres.<\/p>\n","protected":false},"excerpt":{"rendered":"<p>La semana reci\u00e9n pasada falleci\u00f3 en la ciudad de Madrid Espa\u00f1a, a sus 60 a\u00f1os de edad, el ciudadano sanfelipe\u00f1o, V\u00edctor Manuel Pardo San Mart\u00edn, v\u00edctima de una grave enfermedad que lo&#8230;<\/p>\n","protected":false},"author":482,"featured_media":51821,"comment_status":"open","ping_status":"closed","sticky":false,"template":"","format":"standard","meta":{"advanced_seo_description":"","jetpack_seo_html_title":"","jetpack_seo_noindex":false,"_jetpack_memberships_contains_paid_content":false,"footnotes":""},"categories":[15],"tags":[],"class_list":["post-51820","post","type-post","status-publish","format-standard","has-post-thumbnail","hentry","category-comunidad"],"jetpack_featured_media_url":"https:\/\/i0.wp.com\/eltrabajo.cl\/portal\/wp-content\/uploads\/2014\/10\/Manolo1.jpg?fit=529%2C479&ssl=1","jetpack_sharing_enabled":true,"jetpack_likes_enabled":true,"jetpack-related-posts":[],"_links":{"self":[{"href":"https:\/\/eltrabajo.cl\/portal\/wp-json\/wp\/v2\/posts\/51820","targetHints":{"allow":["GET"]}}],"collection":[{"href":"https:\/\/eltrabajo.cl\/portal\/wp-json\/wp\/v2\/posts"}],"about":[{"href":"https:\/\/eltrabajo.cl\/portal\/wp-json\/wp\/v2\/types\/post"}],"author":[{"embeddable":true,"href":"https:\/\/eltrabajo.cl\/portal\/wp-json\/wp\/v2\/users\/482"}],"replies":[{"embeddable":true,"href":"https:\/\/eltrabajo.cl\/portal\/wp-json\/wp\/v2\/comments?post=51820"}],"version-history":[{"count":0,"href":"https:\/\/eltrabajo.cl\/portal\/wp-json\/wp\/v2\/posts\/51820\/revisions"}],"wp:featuredmedia":[{"embeddable":true,"href":"https:\/\/eltrabajo.cl\/portal\/wp-json\/wp\/v2\/media\/51821"}],"wp:attachment":[{"href":"https:\/\/eltrabajo.cl\/portal\/wp-json\/wp\/v2\/media?parent=51820"}],"wp:term":[{"taxonomy":"category","embeddable":true,"href":"https:\/\/eltrabajo.cl\/portal\/wp-json\/wp\/v2\/categories?post=51820"},{"taxonomy":"post_tag","embeddable":true,"href":"https:\/\/eltrabajo.cl\/portal\/wp-json\/wp\/v2\/tags?post=51820"}],"curies":[{"name":"wp","href":"https:\/\/api.w.org\/{rel}","templated":true}]}}