{"id":51825,"date":"2014-10-02T09:45:26","date_gmt":"2014-10-02T12:45:26","guid":{"rendered":"http:\/\/www.eltrabajo.cl\/portal\/?p=51825"},"modified":"2014-10-02T09:45:26","modified_gmt":"2014-10-02T12:45:26","slug":"fiscalia-pidio-26-anos-de-carcel-para-el-tarzan-por-sus-crimenes","status":"publish","type":"post","link":"https:\/\/eltrabajo.cl\/portal\/fiscalia-pidio-26-anos-de-carcel-para-el-tarzan-por-sus-crimenes\/","title":{"rendered":"Fiscal\u00eda pidi\u00f3 26 a\u00f1os de c\u00e1rcel para El Tarz\u00e1n por sus cr\u00edmenes"},"content":{"rendered":"<figure id=\"attachment_51826\" aria-describedby=\"caption-attachment-51826\" style=\"width: 529px\" class=\"wp-caption alignnone\"><a href=\"https:\/\/i0.wp.com\/www.eltrabajo.cl\/portal\/wp-content\/uploads\/2014\/10\/CArabineros-Heridos.jpg\"><img data-recalc-dims=\"1\" loading=\"lazy\" decoding=\"async\" class=\"size-full wp-image-51826\" alt=\"El Cabo 1\u00ba de Carabineros Juan Santib\u00e1\u00f1ez Sanhueza y el Sargento 2\u00ba Carlos Apablaza Guzm\u00e1n, resultaron heridos de consideraci\u00f3n leve y grave luego de impedir el robo con violencia e intimidaci\u00f3n a un hombre v\u00edctima en la comuna de Catemu.  \" src=\"https:\/\/i0.wp.com\/www.eltrabajo.cl\/portal\/wp-content\/uploads\/2014\/10\/CArabineros-Heridos.jpg?resize=529%2C407\" width=\"529\" height=\"407\" srcset=\"https:\/\/i0.wp.com\/eltrabajo.cl\/portal\/wp-content\/uploads\/2014\/10\/CArabineros-Heridos.jpg?w=529&amp;ssl=1 529w, https:\/\/i0.wp.com\/eltrabajo.cl\/portal\/wp-content\/uploads\/2014\/10\/CArabineros-Heridos.jpg?resize=194%2C150&amp;ssl=1 194w, https:\/\/i0.wp.com\/eltrabajo.cl\/portal\/wp-content\/uploads\/2014\/10\/CArabineros-Heridos.jpg?resize=300%2C230&amp;ssl=1 300w, https:\/\/i0.wp.com\/eltrabajo.cl\/portal\/wp-content\/uploads\/2014\/10\/CArabineros-Heridos.jpg?resize=150%2C115&amp;ssl=1 150w, https:\/\/i0.wp.com\/eltrabajo.cl\/portal\/wp-content\/uploads\/2014\/10\/CArabineros-Heridos.jpg?resize=400%2C307&amp;ssl=1 400w\" sizes=\"auto, (max-width: 529px) 100vw, 529px\" \/><\/a><figcaption id=\"caption-attachment-51826\" class=\"wp-caption-text\">El Cabo 1\u00ba de Carabineros Juan Santib\u00e1\u00f1ez Sanhueza y el Sargento 2\u00ba Carlos Apablaza Guzm\u00e1n, resultaron heridos de consideraci\u00f3n leve y grave luego de impedir el robo con violencia e intimidaci\u00f3n a un hombre v\u00edctima en la comuna de Catemu.<\/figcaption><\/figure>\n<p>Para este pr\u00f3ximo jueves 09 de octubre se llevar\u00e1 a cabo la Audiencia de Preparaci\u00f3n de juicio oral en el Juzgado de Garant\u00eda de San Felipe, en donde la fiscal\u00eda elevar\u00e1 la acusaci\u00f3n mediante pruebas y testimonios para acusar posteriormente en un pr\u00f3ximo juicio a Juan Manuel Tapia Tapia, conocido delictualmente como \u2018El Tarz\u00e1n\u2019, cuyas penas solicitadas por el Ministerio P\u00fablico superan los 26 a\u00f1os de c\u00e1rcel por todos los cr\u00edmenes que se le imputan.<\/p>\n<p><strong>\u00a0MUCHOS CARGOS<\/strong><\/p>\n<p>El Fiscal Jefe Osvaldo Basso presentar\u00e1 ante el tribunal, contundentes pruebas basadas en los testimonios de las v\u00edctimas y testigos en dos hechos diferentes cometidos por Tapia, donde se le atribuyen delitos como Lesiones graves; Homicidio simple frustrado; Robo con violencia e Intimidaci\u00f3n; Maltrato de obra a Carabineros con resultados de Lesiones leves y graves.<\/p>\n<figure id=\"attachment_51827\" aria-describedby=\"caption-attachment-51827\" style=\"width: 317px\" class=\"wp-caption alignright\"><a href=\"https:\/\/i0.wp.com\/www.eltrabajo.cl\/portal\/wp-content\/uploads\/2014\/10\/Fiscal-Basso.jpg\"><img data-recalc-dims=\"1\" loading=\"lazy\" decoding=\"async\" class=\" wp-image-51827 \" alt=\"El Fiscal Osvaldo Basso perseguir\u00e1 penas que alcancen los 26 a\u00f1os de c\u00e1rcel en contra del imputado apodado \u2018El Tarz\u00e1n\u2019, por sus cr\u00edmenes cometidos en la comuna de Catemu.\" src=\"https:\/\/i0.wp.com\/www.eltrabajo.cl\/portal\/wp-content\/uploads\/2014\/10\/Fiscal-Basso.jpg?resize=317%2C421\" width=\"317\" height=\"421\" srcset=\"https:\/\/i0.wp.com\/eltrabajo.cl\/portal\/wp-content\/uploads\/2014\/10\/Fiscal-Basso.jpg?w=529&amp;ssl=1 529w, https:\/\/i0.wp.com\/eltrabajo.cl\/portal\/wp-content\/uploads\/2014\/10\/Fiscal-Basso.jpg?resize=113%2C150&amp;ssl=1 113w, https:\/\/i0.wp.com\/eltrabajo.cl\/portal\/wp-content\/uploads\/2014\/10\/Fiscal-Basso.jpg?resize=226%2C300&amp;ssl=1 226w, https:\/\/i0.wp.com\/eltrabajo.cl\/portal\/wp-content\/uploads\/2014\/10\/Fiscal-Basso.jpg?resize=400%2C530&amp;ssl=1 400w\" sizes=\"auto, (max-width: 317px) 100vw, 317px\" \/><\/a><figcaption id=\"caption-attachment-51827\" class=\"wp-caption-text\">El Fiscal Osvaldo Basso perseguir\u00e1 penas que alcancen los 26 a\u00f1os de c\u00e1rcel en contra del imputado apodado \u2018El Tarz\u00e1n\u2019, por sus cr\u00edmenes cometidos en la comuna de Catemu.<\/figcaption><\/figure>\n<p>El primer crimen que se le acusa a \u2018El Tarz\u00e1n\u2019, ocurri\u00f3 el pasado 09 de septiembre del 2012, cuando se produjo una ri\u00f1a al interior de una vivienda ubicada en Poblaci\u00f3n El Esplendor de Catemu, en esos instantes el imputado Tapia discut\u00eda con la v\u00edctima de iniciales C.A.E.A., a quien hiri\u00f3 con un cuchillo que sac\u00f3 de sus vestimentas, caus\u00e1ndole heridas de car\u00e1cter grave en su ojo izquierdo.<\/p>\n<p>Al momento de la disputa sali\u00f3 en defensa un hermano de la v\u00edctima quien trat\u00f3 de intervenir en la pendencia resultando herido de gravedad tras ser apu\u00f1alado con el arma blanca de \u2018El Tarz\u00e1n\u2019 con estocadas en el t\u00f3rax y muslos de car\u00e1cter grave que casi le cost\u00f3 la vida.<\/p>\n<p>El segundo hecho se remonta el pasado 29 de septiembre del 2013, cuando un hombre v\u00edctima de iniciales C.E.C.V. fue asaltado por \u2018El Taez\u00e1n\u2019, esto en Calle Garc\u00eda Huidobro tambi\u00e9n de Catemu, precisamente el afectado se encontraba esperando locomoci\u00f3n colectiva en los momentos que fue abordado por el acusado, quien lo intimid\u00f3 con un cuchillo exigi\u00e9ndole que le entregara su billetera, en cuyo interior manten\u00eda la suma de $70.000.<\/p>\n<p>A punta de cuchillo la v\u00edctima fue obligada a trasladarse hasta otro punto de la v\u00eda p\u00fablica, donde se produjo una disputa entre ambos, logrando el delincuente apoderarse de la especie, luego de empujar al propietario hacia el suelo, quien ped\u00eda a gritos auxilio.<\/p>\n<p>En esos precisos instantes concurri\u00f3 personal de Carabineros, cuyos funcionarios trataban de reducir al \u2018Tarz\u00e1n\u2019, quien se opon\u00eda a su detenci\u00f3n propin\u00e1ndole golpes de pies y pu\u00f1os a los efectivos policiales, a quienes amenazaba atacar con su arma blanca. Tras el enfrentamiento, el Sargento 2\u00ba Carlos Apablaza Guzm\u00e1n result\u00f3 lesionado por parte del imputado, causando una herida cortante en su ojo izquierdo y contusiones en sus brazos, heridas diagnosticadas de car\u00e1cter leve. Mientras que el Cabo 1\u00ba Juan Santib\u00e1\u00f1ez Sanhueza, result\u00f3 con su oreja izquierda cercenada, luego que Tapia, de una mordida le arrancara parte del pabell\u00f3n auricular, esta herida fue de car\u00e1cter grave, le provoc\u00f3 al funcionario policial una secuela est\u00e9tica.<\/p>\n<p><strong>ENFOQUE LEGAL<\/strong><\/p>\n<p>El Fiscal Basso inform\u00f3 a Diario El Trabajo que respecto del primer hecho se le atribuye participaci\u00f3n del imputado como Autor, persiguiendo penas de tres a\u00f1os de presidio por las Lesiones graves y cinco a\u00f1os por Homicidio simple en grado de Frustrado.<\/p>\n<p>En tanto, por el segundo hecho se cometi\u00f3 un Robo con violencia e Intimidaci\u00f3n, cuyo delito es castigado con penas que alcanzan los diez a\u00f1os de c\u00e1rcel, sumados al Maltrato de obra a Carabineros, quienes resultaron heridos, persiguiendo una condena de 540 d\u00edas por las lesiones al Sargento 2\u00ba Apablaza, mientras que por la mordedura a la oreja del Cabo 1\u00ba Santib\u00e1\u00f1ez, el fiscal persigue una condena de siete a\u00f1os por este delito.<\/p>\n<p>\u201cSiempre es importante y necesario contar con los testimonios, en el juicio oral, de las v\u00edctimas y de los testigos, sobre todo en casos complejos como \u00e9ste en donde se requiere de su presencia para obtener resultados favorables\u201d, puntualiz\u00f3 el Fiscal Jefe Osvaldo Basso Cerda. Tras la Audiencia de Preparaci\u00f3n de juicio por estos casos, el Juzgado de Garant\u00eda despachar\u00e1 los antecedentes al Tribunal Oral en Lo Penal de San Felipe para fijar una fecha en que se realizar\u00e1 el juicio de Juan Manuel Tapia Tapia.<\/p>\n<p>Pablo Salinas Sald\u00edas<\/p>\n<p>&nbsp;<\/p>\n","protected":false},"excerpt":{"rendered":"<p>Para este pr\u00f3ximo jueves 09 de octubre se llevar\u00e1 a cabo la Audiencia de Preparaci\u00f3n de juicio oral en el Juzgado de Garant\u00eda de San Felipe, en donde la fiscal\u00eda elevar\u00e1 la&#8230;<\/p>\n","protected":false},"author":482,"featured_media":51826,"comment_status":"open","ping_status":"closed","sticky":false,"template":"","format":"standard","meta":{"advanced_seo_description":"","jetpack_seo_html_title":"","jetpack_seo_noindex":false,"_jetpack_memberships_contains_paid_content":false,"footnotes":""},"categories":[21],"tags":[],"class_list":["post-51825","post","type-post","status-publish","format-standard","has-post-thumbnail","hentry","category-policial"],"jetpack_featured_media_url":"https:\/\/i0.wp.com\/eltrabajo.cl\/portal\/wp-content\/uploads\/2014\/10\/CArabineros-Heridos.jpg?fit=529%2C407&ssl=1","jetpack_sharing_enabled":true,"jetpack_likes_enabled":true,"jetpack-related-posts":[],"_links":{"self":[{"href":"https:\/\/eltrabajo.cl\/portal\/wp-json\/wp\/v2\/posts\/51825","targetHints":{"allow":["GET"]}}],"collection":[{"href":"https:\/\/eltrabajo.cl\/portal\/wp-json\/wp\/v2\/posts"}],"about":[{"href":"https:\/\/eltrabajo.cl\/portal\/wp-json\/wp\/v2\/types\/post"}],"author":[{"embeddable":true,"href":"https:\/\/eltrabajo.cl\/portal\/wp-json\/wp\/v2\/users\/482"}],"replies":[{"embeddable":true,"href":"https:\/\/eltrabajo.cl\/portal\/wp-json\/wp\/v2\/comments?post=51825"}],"version-history":[{"count":0,"href":"https:\/\/eltrabajo.cl\/portal\/wp-json\/wp\/v2\/posts\/51825\/revisions"}],"wp:featuredmedia":[{"embeddable":true,"href":"https:\/\/eltrabajo.cl\/portal\/wp-json\/wp\/v2\/media\/51826"}],"wp:attachment":[{"href":"https:\/\/eltrabajo.cl\/portal\/wp-json\/wp\/v2\/media?parent=51825"}],"wp:term":[{"taxonomy":"category","embeddable":true,"href":"https:\/\/eltrabajo.cl\/portal\/wp-json\/wp\/v2\/categories?post=51825"},{"taxonomy":"post_tag","embeddable":true,"href":"https:\/\/eltrabajo.cl\/portal\/wp-json\/wp\/v2\/tags?post=51825"}],"curies":[{"name":"wp","href":"https:\/\/api.w.org\/{rel}","templated":true}]}}