{"id":51838,"date":"2014-10-03T09:18:11","date_gmt":"2014-10-03T12:18:11","guid":{"rendered":"http:\/\/www.eltrabajo.cl\/portal\/?p=51838"},"modified":"2014-10-03T09:18:11","modified_gmt":"2014-10-03T12:18:11","slug":"realizaran-pre-estreno-de-documental-de-los-cuatro-grandes-de-putaendo","status":"publish","type":"post","link":"https:\/\/eltrabajo.cl\/portal\/realizaran-pre-estreno-de-documental-de-los-cuatro-grandes-de-putaendo\/","title":{"rendered":"Realizar\u00e1n pre-estreno de documental de los \u2018cuatro grandes\u2019 de Putaendo"},"content":{"rendered":"<figure id=\"attachment_51839\" aria-describedby=\"caption-attachment-51839\" style=\"width: 254px\" class=\"wp-caption alignleft\"><a href=\"https:\/\/i0.wp.com\/www.eltrabajo.cl\/portal\/wp-content\/uploads\/2014\/10\/Luchito1.jpg\"><img data-recalc-dims=\"1\" loading=\"lazy\" decoding=\"async\" class=\" wp-image-51839  \" alt=\"Luis Sep\u00falveda Huerta (Don Lucho).\" src=\"https:\/\/i0.wp.com\/www.eltrabajo.cl\/portal\/wp-content\/uploads\/2014\/10\/Luchito1.jpg?resize=254%2C354\" width=\"254\" height=\"354\" srcset=\"https:\/\/i0.wp.com\/eltrabajo.cl\/portal\/wp-content\/uploads\/2014\/10\/Luchito1.jpg?w=529&amp;ssl=1 529w, https:\/\/i0.wp.com\/eltrabajo.cl\/portal\/wp-content\/uploads\/2014\/10\/Luchito1.jpg?resize=107%2C150&amp;ssl=1 107w, https:\/\/i0.wp.com\/eltrabajo.cl\/portal\/wp-content\/uploads\/2014\/10\/Luchito1.jpg?resize=215%2C300&amp;ssl=1 215w, https:\/\/i0.wp.com\/eltrabajo.cl\/portal\/wp-content\/uploads\/2014\/10\/Luchito1.jpg?resize=400%2C558&amp;ssl=1 400w\" sizes=\"auto, (max-width: 254px) 100vw, 254px\" \/><\/a><figcaption id=\"caption-attachment-51839\" class=\"wp-caption-text\">Luis Sep\u00falveda Huerta (Don Lucho).<\/figcaption><\/figure>\n<p>El documental \u2018Poetas y cantores del Valle de Putaendo\u2019, proyecto adjudicado al Centro Cultural y financiado por Fondart Regional, Convocatoria 2014, en la L\u00ednea de conservaci\u00f3n y difusi\u00f3n del patrimonio, modalidad Patrimonio cultural inmaterial, se estar\u00e1 presentando el viernes 24 de octubre a las 17:30 horas, en dependencias del centro cultural, Calle Centenario # 1400 Rinconada de Silva\u201d, inform\u00f3 a Diario El Trabajo Gemma Lepe Echane, Presidente del Centro de Desarrollo y Expresi\u00f3n Cultural de Rinconada de Silva.<\/p>\n<p>Los protagonistas de este documental son los poetas y cantores de la comuna de Putaendo: Pedro Estay Tapia (Choro Estay); Sara Olgu\u00edn Montenegro (Paula Godoy); Fernando Montenegro Montenegro (Caballito Blanco) y Luis Sep\u00falveda Huerta (Don Lucho).<\/p>\n<p>A cargo de la direcci\u00f3n del documental est\u00e1 el comunicador audiovisual Carlos Lertora S\u00e1ez, y a cargo de la realizaci\u00f3n audiovisual est\u00e1 Nicol\u00e1s Fuentes Reyes, de la empresa Audiovisual Chile.<\/p>\n<p>\u201cEl objetivo principal de este proyecto es valorar y reconocer el origen y tradici\u00f3n del Patrimonio cultural inmaterial del Valle de Putaendo. Este documental nos invita a reflexionar sobre los elementos externos e internos que amenazan y ponen en riesgo de transmisi\u00f3n cultural el patrimonio inmaterial, el que cada d\u00eda cambia de acuerdo a las transformaciones sociales y socioculturales\u201d, agreg\u00f3 Lepe.<\/p>\n<div class=\"tiled-gallery type-rectangular tiled-gallery-unresized\" data-original-width=\"640\" data-carousel-extra='null' itemscope itemtype=\"http:\/\/schema.org\/ImageGallery\" > <div class=\"gallery-row\" style=\"width: 640px; height: 456px;\" data-original-width=\"640\" data-original-height=\"456\" > <div class=\"gallery-group images-2\" style=\"width: 255px; height: 456px;\" data-original-width=\"255\" data-original-height=\"456\" > <div class=\"tiled-gallery-item tiled-gallery-item-large\" itemprop=\"associatedMedia\" itemscope itemtype=\"http:\/\/schema.org\/ImageObject\"> <a href=\"https:\/\/eltrabajo.cl\/portal\/realizaran-pre-estreno-de-documental-de-los-cuatro-grandes-de-putaendo\/caballito1\/\" border=\"0\" itemprop=\"url\"> <meta itemprop=\"width\" content=\"251\"> <meta itemprop=\"height\" content=\"190\"> <img decoding=\"async\" class=\"\" data-attachment-id=\"51841\" data-orig-file=\"https:\/\/eltrabajo.cl\/portal\/wp-content\/uploads\/2014\/10\/Caballito1.jpg\" data-orig-size=\"529,401\" data-comments-opened=\"1\" data-image-meta=\"{&quot;aperture&quot;:&quot;0&quot;,&quot;credit&quot;:&quot;&quot;,&quot;camera&quot;:&quot;&quot;,&quot;caption&quot;:&quot;&quot;,&quot;created_timestamp&quot;:&quot;0&quot;,&quot;copyright&quot;:&quot;&quot;,&quot;focal_length&quot;:&quot;0&quot;,&quot;iso&quot;:&quot;0&quot;,&quot;shutter_speed&quot;:&quot;0&quot;,&quot;title&quot;:&quot;&quot;}\" data-image-title=\"Caballito1\" data-image-description=\"&lt;p&gt;Fernando Montenegro Montenegro (Caballito Blanco).&lt;\/p&gt; \" data-medium-file=\"https:\/\/i0.wp.com\/eltrabajo.cl\/portal\/wp-content\/uploads\/2014\/10\/Caballito1.jpg?fit=300%2C227&#038;ssl=1\" data-large-file=\"https:\/\/i0.wp.com\/eltrabajo.cl\/portal\/wp-content\/uploads\/2014\/10\/Caballito1.jpg?fit=529%2C401&#038;ssl=1\" src=\"https:\/\/i0.wp.com\/eltrabajo.cl\/portal\/wp-content\/uploads\/2014\/10\/Caballito1.jpg?w=251&#038;h=190&#038;ssl=1\" srcset=\"https:\/\/i0.wp.com\/eltrabajo.cl\/portal\/wp-content\/uploads\/2014\/10\/Caballito1.jpg?w=529&amp;ssl=1 529w, https:\/\/i0.wp.com\/eltrabajo.cl\/portal\/wp-content\/uploads\/2014\/10\/Caballito1.jpg?resize=197%2C150&amp;ssl=1 197w, https:\/\/i0.wp.com\/eltrabajo.cl\/portal\/wp-content\/uploads\/2014\/10\/Caballito1.jpg?resize=300%2C227&amp;ssl=1 300w, https:\/\/i0.wp.com\/eltrabajo.cl\/portal\/wp-content\/uploads\/2014\/10\/Caballito1.jpg?resize=150%2C113&amp;ssl=1 150w, https:\/\/i0.wp.com\/eltrabajo.cl\/portal\/wp-content\/uploads\/2014\/10\/Caballito1.jpg?resize=400%2C303&amp;ssl=1 400w\" width=\"251\" height=\"190\" loading=\"lazy\" data-original-width=\"251\" data-original-height=\"190\" itemprop=\"http:\/\/schema.org\/image\" title=\"Caballito1\" alt=\"Fernando Montenegro Montenegro (Caballito Blanco).\" style=\"width: 251px; height: 190px;\" \/> <\/a> <div class=\"tiled-gallery-caption\" itemprop=\"caption description\"> Fernando Montenegro Montenegro (Caballito Blanco). <\/div> <\/div> <div class=\"tiled-gallery-item tiled-gallery-item-large\" itemprop=\"associatedMedia\" itemscope itemtype=\"http:\/\/schema.org\/ImageObject\"> <a href=\"https:\/\/eltrabajo.cl\/portal\/realizaran-pre-estreno-de-documental-de-los-cuatro-grandes-de-putaendo\/choro1-2\/\" border=\"0\" itemprop=\"url\"> <meta itemprop=\"width\" content=\"251\"> <meta itemprop=\"height\" content=\"258\"> <img decoding=\"async\" class=\"\" data-attachment-id=\"51842\" data-orig-file=\"https:\/\/eltrabajo.cl\/portal\/wp-content\/uploads\/2014\/10\/Choro1.jpg\" data-orig-size=\"529,543\" data-comments-opened=\"1\" data-image-meta=\"{&quot;aperture&quot;:&quot;0&quot;,&quot;credit&quot;:&quot;&quot;,&quot;camera&quot;:&quot;&quot;,&quot;caption&quot;:&quot;&quot;,&quot;created_timestamp&quot;:&quot;0&quot;,&quot;copyright&quot;:&quot;&quot;,&quot;focal_length&quot;:&quot;0&quot;,&quot;iso&quot;:&quot;0&quot;,&quot;shutter_speed&quot;:&quot;0&quot;,&quot;title&quot;:&quot;&quot;}\" data-image-title=\"Choro1\" data-image-description=\"&lt;p&gt;Pedro Estay Tapia (Choro Estay).&lt;\/p&gt; \" data-medium-file=\"https:\/\/i0.wp.com\/eltrabajo.cl\/portal\/wp-content\/uploads\/2014\/10\/Choro1.jpg?fit=292%2C300&#038;ssl=1\" data-large-file=\"https:\/\/i0.wp.com\/eltrabajo.cl\/portal\/wp-content\/uploads\/2014\/10\/Choro1.jpg?fit=529%2C543&#038;ssl=1\" src=\"https:\/\/i0.wp.com\/eltrabajo.cl\/portal\/wp-content\/uploads\/2014\/10\/Choro1.jpg?w=251&#038;h=258&#038;ssl=1\" srcset=\"https:\/\/i0.wp.com\/eltrabajo.cl\/portal\/wp-content\/uploads\/2014\/10\/Choro1.jpg?w=529&amp;ssl=1 529w, https:\/\/i0.wp.com\/eltrabajo.cl\/portal\/wp-content\/uploads\/2014\/10\/Choro1.jpg?resize=146%2C150&amp;ssl=1 146w, https:\/\/i0.wp.com\/eltrabajo.cl\/portal\/wp-content\/uploads\/2014\/10\/Choro1.jpg?resize=292%2C300&amp;ssl=1 292w, https:\/\/i0.wp.com\/eltrabajo.cl\/portal\/wp-content\/uploads\/2014\/10\/Choro1.jpg?resize=400%2C410&amp;ssl=1 400w\" width=\"251\" height=\"258\" loading=\"lazy\" data-original-width=\"251\" data-original-height=\"258\" itemprop=\"http:\/\/schema.org\/image\" title=\"Choro1\" alt=\"Pedro Estay Tapia (Choro Estay).\" style=\"width: 251px; height: 258px;\" \/> <\/a> <div class=\"tiled-gallery-caption\" itemprop=\"caption description\"> Pedro Estay Tapia (Choro Estay). <\/div> <\/div> <\/div> <!-- close group --> <div class=\"gallery-group images-1\" style=\"width: 385px; height: 456px;\" data-original-width=\"385\" data-original-height=\"456\" > <div class=\"tiled-gallery-item tiled-gallery-item-large\" itemprop=\"associatedMedia\" itemscope itemtype=\"http:\/\/schema.org\/ImageObject\"> <a href=\"https:\/\/eltrabajo.cl\/portal\/realizaran-pre-estreno-de-documental-de-los-cuatro-grandes-de-putaendo\/sarita1\/\" border=\"0\" itemprop=\"url\"> <meta itemprop=\"width\" content=\"381\"> <meta itemprop=\"height\" content=\"452\"> <img decoding=\"async\" class=\"\" data-attachment-id=\"51843\" data-orig-file=\"https:\/\/eltrabajo.cl\/portal\/wp-content\/uploads\/2014\/10\/Sarita1.jpg\" data-orig-size=\"529,628\" data-comments-opened=\"1\" data-image-meta=\"{&quot;aperture&quot;:&quot;0&quot;,&quot;credit&quot;:&quot;&quot;,&quot;camera&quot;:&quot;&quot;,&quot;caption&quot;:&quot;&quot;,&quot;created_timestamp&quot;:&quot;0&quot;,&quot;copyright&quot;:&quot;&quot;,&quot;focal_length&quot;:&quot;0&quot;,&quot;iso&quot;:&quot;0&quot;,&quot;shutter_speed&quot;:&quot;0&quot;,&quot;title&quot;:&quot;&quot;}\" data-image-title=\"Sarita1\" data-image-description=\"&lt;p&gt;Sara Olgu\u00edn Montenegro (Paula Godoy).&lt;\/p&gt; \" data-medium-file=\"https:\/\/i0.wp.com\/eltrabajo.cl\/portal\/wp-content\/uploads\/2014\/10\/Sarita1.jpg?fit=252%2C300&#038;ssl=1\" data-large-file=\"https:\/\/i0.wp.com\/eltrabajo.cl\/portal\/wp-content\/uploads\/2014\/10\/Sarita1.jpg?fit=529%2C628&#038;ssl=1\" src=\"https:\/\/i0.wp.com\/eltrabajo.cl\/portal\/wp-content\/uploads\/2014\/10\/Sarita1.jpg?w=381&#038;h=452&#038;ssl=1\" srcset=\"https:\/\/i0.wp.com\/eltrabajo.cl\/portal\/wp-content\/uploads\/2014\/10\/Sarita1.jpg?w=529&amp;ssl=1 529w, https:\/\/i0.wp.com\/eltrabajo.cl\/portal\/wp-content\/uploads\/2014\/10\/Sarita1.jpg?resize=126%2C150&amp;ssl=1 126w, https:\/\/i0.wp.com\/eltrabajo.cl\/portal\/wp-content\/uploads\/2014\/10\/Sarita1.jpg?resize=252%2C300&amp;ssl=1 252w, https:\/\/i0.wp.com\/eltrabajo.cl\/portal\/wp-content\/uploads\/2014\/10\/Sarita1.jpg?resize=400%2C474&amp;ssl=1 400w\" width=\"381\" height=\"452\" loading=\"lazy\" data-original-width=\"381\" data-original-height=\"452\" itemprop=\"http:\/\/schema.org\/image\" title=\"Sarita1\" alt=\"Sara Olgu\u00edn Montenegro (Paula Godoy).\" style=\"width: 381px; height: 452px;\" \/> <\/a> <div class=\"tiled-gallery-caption\" itemprop=\"caption description\"> Sara Olgu\u00edn Montenegro (Paula Godoy). <\/div> <\/div> <\/div> <!-- close group --> <\/div> <!-- close row --> <\/div>\n","protected":false},"excerpt":{"rendered":"<p>El documental \u2018Poetas y cantores del Valle de Putaendo\u2019, proyecto adjudicado al Centro Cultural y financiado por Fondart Regional, Convocatoria 2014, en la L\u00ednea de conservaci\u00f3n y difusi\u00f3n del patrimonio, modalidad Patrimonio&#8230;<\/p>\n","protected":false},"author":482,"featured_media":51839,"comment_status":"open","ping_status":"closed","sticky":false,"template":"","format":"standard","meta":{"advanced_seo_description":"","jetpack_seo_html_title":"","jetpack_seo_noindex":false,"_jetpack_memberships_contains_paid_content":false,"footnotes":""},"categories":[15],"tags":[],"class_list":["post-51838","post","type-post","status-publish","format-standard","has-post-thumbnail","hentry","category-comunidad"],"jetpack_featured_media_url":"https:\/\/i0.wp.com\/eltrabajo.cl\/portal\/wp-content\/uploads\/2014\/10\/Luchito1.jpg?fit=529%2C738&ssl=1","jetpack_sharing_enabled":true,"jetpack_likes_enabled":true,"jetpack-related-posts":[],"_links":{"self":[{"href":"https:\/\/eltrabajo.cl\/portal\/wp-json\/wp\/v2\/posts\/51838","targetHints":{"allow":["GET"]}}],"collection":[{"href":"https:\/\/eltrabajo.cl\/portal\/wp-json\/wp\/v2\/posts"}],"about":[{"href":"https:\/\/eltrabajo.cl\/portal\/wp-json\/wp\/v2\/types\/post"}],"author":[{"embeddable":true,"href":"https:\/\/eltrabajo.cl\/portal\/wp-json\/wp\/v2\/users\/482"}],"replies":[{"embeddable":true,"href":"https:\/\/eltrabajo.cl\/portal\/wp-json\/wp\/v2\/comments?post=51838"}],"version-history":[{"count":0,"href":"https:\/\/eltrabajo.cl\/portal\/wp-json\/wp\/v2\/posts\/51838\/revisions"}],"wp:featuredmedia":[{"embeddable":true,"href":"https:\/\/eltrabajo.cl\/portal\/wp-json\/wp\/v2\/media\/51839"}],"wp:attachment":[{"href":"https:\/\/eltrabajo.cl\/portal\/wp-json\/wp\/v2\/media?parent=51838"}],"wp:term":[{"taxonomy":"category","embeddable":true,"href":"https:\/\/eltrabajo.cl\/portal\/wp-json\/wp\/v2\/categories?post=51838"},{"taxonomy":"post_tag","embeddable":true,"href":"https:\/\/eltrabajo.cl\/portal\/wp-json\/wp\/v2\/tags?post=51838"}],"curies":[{"name":"wp","href":"https:\/\/api.w.org\/{rel}","templated":true}]}}