{"id":51853,"date":"2014-10-03T09:21:04","date_gmt":"2014-10-03T12:21:04","guid":{"rendered":"http:\/\/www.eltrabajo.cl\/portal\/?p=51853"},"modified":"2014-10-03T09:21:04","modified_gmt":"2014-10-03T12:21:04","slug":"el-popular-peluca-cumplio-50-anos-cortando-cabello","status":"publish","type":"post","link":"https:\/\/eltrabajo.cl\/portal\/el-popular-peluca-cumplio-50-anos-cortando-cabello\/","title":{"rendered":"El popular \u2018Peluca\u2019 cumpli\u00f3 50 a\u00f1os cortando cabello"},"content":{"rendered":"<figure id=\"attachment_51854\" aria-describedby=\"caption-attachment-51854\" style=\"width: 370px\" class=\"wp-caption alignleft\"><a href=\"https:\/\/i0.wp.com\/www.eltrabajo.cl\/portal\/wp-content\/uploads\/2014\/10\/Peluca1.jpg\"><img data-recalc-dims=\"1\" loading=\"lazy\" decoding=\"async\" class=\" wp-image-51854 \" alt=\"Gustavo Alberto Arancibia Alvarado, casado y con dos hijos, hoy lleva 50 a\u00f1os cortando el pelo.\" src=\"https:\/\/i0.wp.com\/www.eltrabajo.cl\/portal\/wp-content\/uploads\/2014\/10\/Peluca1.jpg?resize=370%2C265\" width=\"370\" height=\"265\" srcset=\"https:\/\/i0.wp.com\/eltrabajo.cl\/portal\/wp-content\/uploads\/2014\/10\/Peluca1.jpg?w=529&amp;ssl=1 529w, https:\/\/i0.wp.com\/eltrabajo.cl\/portal\/wp-content\/uploads\/2014\/10\/Peluca1.jpg?resize=200%2C143&amp;ssl=1 200w, https:\/\/i0.wp.com\/eltrabajo.cl\/portal\/wp-content\/uploads\/2014\/10\/Peluca1.jpg?resize=300%2C214&amp;ssl=1 300w, https:\/\/i0.wp.com\/eltrabajo.cl\/portal\/wp-content\/uploads\/2014\/10\/Peluca1.jpg?resize=150%2C107&amp;ssl=1 150w, https:\/\/i0.wp.com\/eltrabajo.cl\/portal\/wp-content\/uploads\/2014\/10\/Peluca1.jpg?resize=400%2C286&amp;ssl=1 400w\" sizes=\"auto, (max-width: 370px) 100vw, 370px\" \/><\/a><figcaption id=\"caption-attachment-51854\" class=\"wp-caption-text\">Gustavo Alberto Arancibia Alvarado, casado y con dos hijos, hoy lleva 50 a\u00f1os cortando el pelo.<\/figcaption><\/figure>\n<p><strong>PUTAENDO<\/strong>.- Gustavo Arancibia, conocido popularmente en Putaendo como \u2018Peluca\u2019, cumpli\u00f3 50 a\u00f1os cortando el pelo en la comuna. Este hombre naci\u00f3 el 16 de agosto de 1942 en el sector Las Mostazas de Fundo Alicahue, es el menor de nueve hermanos e hijo de Manuela Alvarado y Luis Arancibia.<\/p>\n<p>Gustavo Arancibia indic\u00f3 que su infancia fue al interior de Fundo Alicahue, donde junto a sus hermanos ten\u00eda que ayudar en los quehaceres t\u00edpicos del campo, no ten\u00edan vecinos ni amigos y s\u00f3lo pudo jugar con otros ni\u00f1os a la edad de ocho a\u00f1os, cuando en el a\u00f1o 1951, despu\u00e9s que falleciera un hermano de 18 a\u00f1os, su padre Luis Arancibia decidiera trasladarse con toda la familia hasta el sector Sahonde.<\/p>\n<p>Con mucha emoci\u00f3n y orgullo, \u2018Peluca\u2019 recuerda a sus padres como personas muy cari\u00f1osas, trabajadoras y esforzadas y que siempre dieron lo mejor por todos sus hermanos y en especial por \u00e9l. Gustavo conoci\u00f3 el colegio con casi nueve a\u00f1os, al ingresar a la ex-Escuela Superior N\u00b0 30, ubicada donde actualmente se encuentra el Cuerpo de Bomberos de Putaendo y record\u00f3 de manera muy especial a una de sus primeras profesoras, la se\u00f1ora Rebeca Salinas, de quien mantiene recuerdos inolvidables de una etapa en la cual era un ni\u00f1o \u2018quitado de bullas\u2019 e incluso muy t\u00edmido.<\/p>\n<p>Una vez que sali\u00f3 del colegio, se dedic\u00f3 por completo a ayudar a su padre en las labores de la agricultura en el sector Sahonde, para a la edad de 19 a\u00f1os abrirse paso como comerciante ambulante junto a otro amigo, para lo cual recorr\u00edan la comuna con canasto en mano comprando huevos, tunas, aceitunas, cueros de conejo y de cabra, los que vend\u00edan en la ciudad de Santiago, en este episodio, Gustavo Arancibia recuerda que mandaban los cueros un d\u00eda antes desde San Felipe y luego al d\u00eda siguiente se trasladaban a la capital donde en toda una traves\u00eda vend\u00edan sus productos en distintos puntos de la capital, sin embargo, este oficio, pese a ser rentable, era muy sacrificado, por lo que \u2018Peluca\u2019 siempre quiso terminar con ese negocio y cumplir su sue\u00f1o, que era estudiar peluquer\u00eda, pues ya uno de sus t\u00edos algo le hab\u00eda ense\u00f1ado.<\/p>\n<p>El a\u00f1o 1964 Gustavo decide estudiar peluquer\u00eda en la Academia Baquedano, ubicada en Calle Andes al llegar a Matucana en Barrio Estaci\u00f3n Central, para lo cual se aloj\u00f3 durante todo ese tiempo en la casa de una prima en la capital, mientras estudiaba corte de pelo y afeitado con navaja.<\/p>\n<p>En parte de la conversaci\u00f3n que sostuvo con nuestro medio, Gustavo Arancibia se\u00f1ala que la primera vez que afeit\u00f3 con navaja a una persona, le realiz\u00f3 algunos cortes en la cara, pero que r\u00e1pidamente se convirti\u00f3 en un profesional del afeitado y el corte de pelo, gracias a los buenos profesores que tuvo en Santiago.<\/p>\n<p>A pesar de haber tenido la oportunidad de quedarse trabajando en la capital, \u2018Peluca\u2019 regres\u00f3 a Putaendo con la clara intenci\u00f3n de abrir una peluquer\u00eda y no moverse m\u00e1s de nuestra comuna, lo que concret\u00f3 el 1 de octubre del a\u00f1o 1964, cuando, con un sill\u00f3n de madera; un peque\u00f1o espejo; un lavatorio y un jarro, abri\u00f3 su peluquer\u00eda, misma que llam\u00f3 Peluquer\u00eda Arancibia\u2019 y que estuvo ubicada en Calle Sarmiento esquina de Portales, para luego de un par de a\u00f1os trasladarse hasta Calle San Mart\u00edn, donde tuvo su local durante 33 a\u00f1os y tan s\u00f3lo hace un par de a\u00f1os se cambi\u00f3 hasta su actual local ubicado en Calle Bulnes.<\/p>\n<p>Hoy, Gustavo Arancibia recuerda que fue una amiga la que le coloc\u00f3 el apodo de \u2018El Peluca\u2019, pues en aquellos a\u00f1os hab\u00eda otro peluquero al cual le dec\u00edan \u2018El Melena\u2019 y como una forma de diferenciarlo, qued\u00f3 hasta el d\u00eda de hoy con ese apodo, del cual dijo, lejos de molestarlo lo toma con mucha alegr\u00eda, pues dice que pr\u00e1cticamente es conocido en toda la comuna como \u2018Peluca\u2019.<\/p>\n<p>Gustavo Alberto Arancibia Alvarado, casado y con dos hijos, hoy lleva 48 a\u00f1os cortando el pelo a los habitantes de Putaendo y es habitual ver a muchos clientes, sobre todo vecinos de los sectores rurales de la comuna, esperarlo pacientemente en las afueras de su local para ser atendidos por el popular \u2018Peluca\u2019, quien se\u00f1al\u00f3, espera seguir cortando el pelo por muchos a\u00f1os m\u00e1s a pesar que en el \u00faltimo tiempo la salud no lo ha acompa\u00f1ado, pero que gracias al apoyo de su familia y el cari\u00f1o de la gente ha logrado seguir en su oficio, del cual dijo, es su pasi\u00f3n.<\/p>\n<p>Patricio Gallardo M.<\/p>\n<p>&nbsp;<\/p>\n","protected":false},"excerpt":{"rendered":"<p>PUTAENDO.- Gustavo Arancibia, conocido popularmente en Putaendo como \u2018Peluca\u2019, cumpli\u00f3 50 a\u00f1os cortando el pelo en la comuna. Este hombre naci\u00f3 el 16 de agosto de 1942 en el sector Las Mostazas&#8230;<\/p>\n","protected":false},"author":482,"featured_media":51854,"comment_status":"open","ping_status":"closed","sticky":false,"template":"","format":"standard","meta":{"advanced_seo_description":"","jetpack_seo_html_title":"","jetpack_seo_noindex":false,"_jetpack_memberships_contains_paid_content":false,"footnotes":""},"categories":[15],"tags":[],"class_list":["post-51853","post","type-post","status-publish","format-standard","has-post-thumbnail","hentry","category-comunidad"],"jetpack_featured_media_url":"https:\/\/i0.wp.com\/eltrabajo.cl\/portal\/wp-content\/uploads\/2014\/10\/Peluca1.jpg?fit=529%2C379&ssl=1","jetpack_sharing_enabled":true,"jetpack_likes_enabled":true,"jetpack-related-posts":[],"_links":{"self":[{"href":"https:\/\/eltrabajo.cl\/portal\/wp-json\/wp\/v2\/posts\/51853","targetHints":{"allow":["GET"]}}],"collection":[{"href":"https:\/\/eltrabajo.cl\/portal\/wp-json\/wp\/v2\/posts"}],"about":[{"href":"https:\/\/eltrabajo.cl\/portal\/wp-json\/wp\/v2\/types\/post"}],"author":[{"embeddable":true,"href":"https:\/\/eltrabajo.cl\/portal\/wp-json\/wp\/v2\/users\/482"}],"replies":[{"embeddable":true,"href":"https:\/\/eltrabajo.cl\/portal\/wp-json\/wp\/v2\/comments?post=51853"}],"version-history":[{"count":0,"href":"https:\/\/eltrabajo.cl\/portal\/wp-json\/wp\/v2\/posts\/51853\/revisions"}],"wp:featuredmedia":[{"embeddable":true,"href":"https:\/\/eltrabajo.cl\/portal\/wp-json\/wp\/v2\/media\/51854"}],"wp:attachment":[{"href":"https:\/\/eltrabajo.cl\/portal\/wp-json\/wp\/v2\/media?parent=51853"}],"wp:term":[{"taxonomy":"category","embeddable":true,"href":"https:\/\/eltrabajo.cl\/portal\/wp-json\/wp\/v2\/categories?post=51853"},{"taxonomy":"post_tag","embeddable":true,"href":"https:\/\/eltrabajo.cl\/portal\/wp-json\/wp\/v2\/tags?post=51853"}],"curies":[{"name":"wp","href":"https:\/\/api.w.org\/{rel}","templated":true}]}}