{"id":51870,"date":"2014-10-03T09:27:10","date_gmt":"2014-10-03T12:27:10","guid":{"rendered":"http:\/\/www.eltrabajo.cl\/portal\/?p=51870"},"modified":"2014-10-03T09:27:10","modified_gmt":"2014-10-03T12:27:10","slug":"policontuso-resulto-trabajador-recolector-de-basura-atropellado-en-los-villares","status":"publish","type":"post","link":"https:\/\/eltrabajo.cl\/portal\/policontuso-resulto-trabajador-recolector-de-basura-atropellado-en-los-villares\/","title":{"rendered":"Policontuso result\u00f3 trabajador recolector de basura atropellado en Los Villares"},"content":{"rendered":"<figure id=\"attachment_51871\" aria-describedby=\"caption-attachment-51871\" style=\"width: 528px\" class=\"wp-caption alignnone\"><a href=\"https:\/\/i0.wp.com\/www.eltrabajo.cl\/portal\/wp-content\/uploads\/2014\/10\/Basura1.jpg\"><img data-recalc-dims=\"1\" loading=\"lazy\" decoding=\"async\" class=\"size-full wp-image-51871\" alt=\"El accidente se produjo pasadas las 9:00 horas en la esquina de calles Esmeralda Poniente con Tres Poniente, cuando Miguel Garc\u00e9s Sanhueza, de 50 a\u00f1os, efectuaba labores de recolecci\u00f3n.\" src=\"https:\/\/i0.wp.com\/www.eltrabajo.cl\/portal\/wp-content\/uploads\/2014\/10\/Basura1.jpg?resize=528%2C331\" width=\"528\" height=\"331\" srcset=\"https:\/\/i0.wp.com\/eltrabajo.cl\/portal\/wp-content\/uploads\/2014\/10\/Basura1.jpg?w=528&amp;ssl=1 528w, https:\/\/i0.wp.com\/eltrabajo.cl\/portal\/wp-content\/uploads\/2014\/10\/Basura1.jpg?resize=200%2C125&amp;ssl=1 200w, https:\/\/i0.wp.com\/eltrabajo.cl\/portal\/wp-content\/uploads\/2014\/10\/Basura1.jpg?resize=300%2C188&amp;ssl=1 300w, https:\/\/i0.wp.com\/eltrabajo.cl\/portal\/wp-content\/uploads\/2014\/10\/Basura1.jpg?resize=150%2C94&amp;ssl=1 150w, https:\/\/i0.wp.com\/eltrabajo.cl\/portal\/wp-content\/uploads\/2014\/10\/Basura1.jpg?resize=400%2C250&amp;ssl=1 400w\" sizes=\"auto, (max-width: 528px) 100vw, 528px\" \/><\/a><figcaption id=\"caption-attachment-51871\" class=\"wp-caption-text\">El accidente se produjo pasadas las 9:00 horas en la esquina de calles Esmeralda Poniente con Tres Poniente, cuando Miguel Garc\u00e9s Sanhueza, de 50 a\u00f1os, efectuaba labores de recolecci\u00f3n.<\/figcaption><\/figure>\n<p><strong>LOS ANDES<\/strong>.- Con policontusiones m\u00faltiples result\u00f3 un auxiliar de aseo de la empresa Efemac, que presta servicios de recolecci\u00f3n de basura para la Municipalidad de Los Andes, luego que fuera atropellado la ma\u00f1ana de este mi\u00e9rcoles en Los Villares. El accidente se produjo pasadas las 9:00 horas en la esquina de calles Esmeralda Poniente con Tres Poniente, cuando el auxiliar de aseo Miguel Garc\u00e9s Sanhueza, de 50 a\u00f1os, efectuaba labores de recolecci\u00f3n en un cami\u00f3n de la empresa y al cruzar la calzada fue impactado por un autom\u00f3vil Samsung que iba de poniente a oriente. Tras el impacto, Miguel Garc\u00e9s sufri\u00f3 un golpe en su cabeza, siendo asistido por el propio conductor que lo atropell\u00f3 y tambi\u00e9n por sus compa\u00f1eros de trabajo.<\/p>\n<p>Posteriormente fue trasladado en una ambulancia del Samu hasta el Servicio de Urgencia del Hospital San Juan de Dios, donde se le practic\u00f3 un scanner. Si bien en un primer momento, surgieron rumores irresponsables en las redes sociales respecto de que el trabajador, dada su gravedad, hab\u00eda sido derivado a San Felipe, Santiago e incluso que hab\u00eda fallecido, finalmente fue derivado al policl\u00ednico de la Asociaci\u00f3n Chilena de Seguridad en Los Andes.<\/p>\n<p>All\u00ed fue evaluado por un m\u00e9dico de esa mutual y enviado con reposo a su domicilio ubicado en la ciudad de San Felipe. En tanto, por instrucciones de la fiscal\u00eda local se constituy\u00f3 la Siat de Carabineros, a fin de adoptar el procedimiento de rigor para determinar responsabilidades.<\/p>\n","protected":false},"excerpt":{"rendered":"<p>LOS ANDES.- Con policontusiones m\u00faltiples result\u00f3 un auxiliar de aseo de la empresa Efemac, que presta servicios de recolecci\u00f3n de basura para la Municipalidad de Los Andes, luego que fuera atropellado la&#8230;<\/p>\n","protected":false},"author":482,"featured_media":51871,"comment_status":"open","ping_status":"closed","sticky":false,"template":"","format":"standard","meta":{"advanced_seo_description":"","jetpack_seo_html_title":"","jetpack_seo_noindex":false,"_jetpack_memberships_contains_paid_content":false,"footnotes":""},"categories":[21],"tags":[],"class_list":["post-51870","post","type-post","status-publish","format-standard","has-post-thumbnail","hentry","category-policial"],"jetpack_featured_media_url":"https:\/\/i0.wp.com\/eltrabajo.cl\/portal\/wp-content\/uploads\/2014\/10\/Basura1.jpg?fit=528%2C331&ssl=1","jetpack_sharing_enabled":true,"jetpack_likes_enabled":true,"jetpack-related-posts":[],"_links":{"self":[{"href":"https:\/\/eltrabajo.cl\/portal\/wp-json\/wp\/v2\/posts\/51870","targetHints":{"allow":["GET"]}}],"collection":[{"href":"https:\/\/eltrabajo.cl\/portal\/wp-json\/wp\/v2\/posts"}],"about":[{"href":"https:\/\/eltrabajo.cl\/portal\/wp-json\/wp\/v2\/types\/post"}],"author":[{"embeddable":true,"href":"https:\/\/eltrabajo.cl\/portal\/wp-json\/wp\/v2\/users\/482"}],"replies":[{"embeddable":true,"href":"https:\/\/eltrabajo.cl\/portal\/wp-json\/wp\/v2\/comments?post=51870"}],"version-history":[{"count":0,"href":"https:\/\/eltrabajo.cl\/portal\/wp-json\/wp\/v2\/posts\/51870\/revisions"}],"wp:featuredmedia":[{"embeddable":true,"href":"https:\/\/eltrabajo.cl\/portal\/wp-json\/wp\/v2\/media\/51871"}],"wp:attachment":[{"href":"https:\/\/eltrabajo.cl\/portal\/wp-json\/wp\/v2\/media?parent=51870"}],"wp:term":[{"taxonomy":"category","embeddable":true,"href":"https:\/\/eltrabajo.cl\/portal\/wp-json\/wp\/v2\/categories?post=51870"},{"taxonomy":"post_tag","embeddable":true,"href":"https:\/\/eltrabajo.cl\/portal\/wp-json\/wp\/v2\/tags?post=51870"}],"curies":[{"name":"wp","href":"https:\/\/api.w.org\/{rel}","templated":true}]}}