{"id":51874,"date":"2014-10-03T09:28:12","date_gmt":"2014-10-03T12:28:12","guid":{"rendered":"http:\/\/www.eltrabajo.cl\/portal\/?p=51874"},"modified":"2014-10-03T09:28:12","modified_gmt":"2014-10-03T12:28:12","slug":"roban-por-sexta-vez-en-escuela-maria-teresa-del-canto-en-catemu","status":"publish","type":"post","link":"https:\/\/eltrabajo.cl\/portal\/roban-por-sexta-vez-en-escuela-maria-teresa-del-canto-en-catemu\/","title":{"rendered":"Roban por sexta vez en Escuela Mar\u00eda Teresa Del Canto en Catemu"},"content":{"rendered":"<figure id=\"attachment_51875\" aria-describedby=\"caption-attachment-51875\" style=\"width: 529px\" class=\"wp-caption alignnone\"><a href=\"https:\/\/i0.wp.com\/www.eltrabajo.cl\/portal\/wp-content\/uploads\/2014\/10\/ROBO-ESCUELA.jpg\"><img data-recalc-dims=\"1\" loading=\"lazy\" decoding=\"async\" class=\"size-full wp-image-51875\" alt=\"Los antisociales ingresaron en horas de la madrugada al interior de la Escuela Mar\u00eda Teresa Del Canto en la comuna de Catemu, para sustraer las especies, siendo la sexta vez que se cometen robos (Fotos @Catemuinforma). \" src=\"https:\/\/i0.wp.com\/www.eltrabajo.cl\/portal\/wp-content\/uploads\/2014\/10\/ROBO-ESCUELA.jpg?resize=529%2C369\" width=\"529\" height=\"369\" srcset=\"https:\/\/i0.wp.com\/eltrabajo.cl\/portal\/wp-content\/uploads\/2014\/10\/ROBO-ESCUELA.jpg?w=529&amp;ssl=1 529w, https:\/\/i0.wp.com\/eltrabajo.cl\/portal\/wp-content\/uploads\/2014\/10\/ROBO-ESCUELA.jpg?resize=200%2C139&amp;ssl=1 200w, https:\/\/i0.wp.com\/eltrabajo.cl\/portal\/wp-content\/uploads\/2014\/10\/ROBO-ESCUELA.jpg?resize=300%2C209&amp;ssl=1 300w, https:\/\/i0.wp.com\/eltrabajo.cl\/portal\/wp-content\/uploads\/2014\/10\/ROBO-ESCUELA.jpg?resize=150%2C104&amp;ssl=1 150w, https:\/\/i0.wp.com\/eltrabajo.cl\/portal\/wp-content\/uploads\/2014\/10\/ROBO-ESCUELA.jpg?resize=400%2C279&amp;ssl=1 400w\" sizes=\"auto, (max-width: 529px) 100vw, 529px\" \/><\/a><figcaption id=\"caption-attachment-51875\" class=\"wp-caption-text\">Los antisociales ingresaron en horas de la madrugada al interior de la Escuela Mar\u00eda Teresa Del Canto en la comuna de Catemu, para sustraer las especies, siendo la sexta vez que se cometen robos (Fotos @Catemuinforma).<\/figcaption><\/figure>\n<p>Por sexta vez consecutiva la delincuencia golpea a una escuelita rural en Catemu. Esta vez fue en horas de la madrugada del mi\u00e9rcoles cuando desconocidos ingresaron hasta las instalaciones de la Escuela Mar\u00eda Teresa Del Canto para cometer un robo, apoder\u00e1ndose en esta ocasi\u00f3n de utensilios de cocina, tales como dos m\u00e1quinas para hacer pastas; un exprimidor el\u00e9ctrico, una minipimer; una cascada de chocolate, cuchillos y golosinas entre otros art\u00edculos utilizados por los alumnos para reposter\u00eda.<\/p>\n<p>Con el uso de herramientas los delincuentes violentaron la puerta, un kiosko y el acceso principal de la secci\u00f3n de cocina, donde funciona el Centro de Capacitaci\u00f3n Laboral que acoge alumnos con discapacidad para apoderarse de las especies.<\/p>\n<p>El Jefe de la Direcci\u00f3n de Administraci\u00f3n de Educaci\u00f3n Municipal (Daem) de Catemu, F\u00e9lix Ar\u00e9valo, repudi\u00f3 este nuevo delito que afecta a esta escuela, destacando el alto n\u00famero de sucesos que han ocurrido en otros establecimientos, provocados por antisociales que no logran ser identificados por las polic\u00edas.<\/p>\n<p>\u201cTodo queda en la impunidad, los tipos quedan en libertad, los mismos delincuentes se r\u00eden de todo esto porque nos tienen de caseros. Al final los perjudicados son los alumnos que utilizan estos implementos\u201d, lament\u00f3 Ar\u00e9valo.<\/p>\n<p>Pablo Salinas Sald\u00edas<\/p>\n<p>&nbsp;<\/p>\n","protected":false},"excerpt":{"rendered":"<p>Por sexta vez consecutiva la delincuencia golpea a una escuelita rural en Catemu. Esta vez fue en horas de la madrugada del mi\u00e9rcoles cuando desconocidos ingresaron hasta las instalaciones de la Escuela&#8230;<\/p>\n","protected":false},"author":482,"featured_media":51875,"comment_status":"open","ping_status":"closed","sticky":false,"template":"","format":"standard","meta":{"advanced_seo_description":"","jetpack_seo_html_title":"","jetpack_seo_noindex":false,"_jetpack_memberships_contains_paid_content":false,"footnotes":""},"categories":[21],"tags":[],"class_list":["post-51874","post","type-post","status-publish","format-standard","has-post-thumbnail","hentry","category-policial"],"jetpack_featured_media_url":"https:\/\/i0.wp.com\/eltrabajo.cl\/portal\/wp-content\/uploads\/2014\/10\/ROBO-ESCUELA.jpg?fit=529%2C369&ssl=1","jetpack_sharing_enabled":true,"jetpack_likes_enabled":true,"jetpack-related-posts":[],"_links":{"self":[{"href":"https:\/\/eltrabajo.cl\/portal\/wp-json\/wp\/v2\/posts\/51874","targetHints":{"allow":["GET"]}}],"collection":[{"href":"https:\/\/eltrabajo.cl\/portal\/wp-json\/wp\/v2\/posts"}],"about":[{"href":"https:\/\/eltrabajo.cl\/portal\/wp-json\/wp\/v2\/types\/post"}],"author":[{"embeddable":true,"href":"https:\/\/eltrabajo.cl\/portal\/wp-json\/wp\/v2\/users\/482"}],"replies":[{"embeddable":true,"href":"https:\/\/eltrabajo.cl\/portal\/wp-json\/wp\/v2\/comments?post=51874"}],"version-history":[{"count":0,"href":"https:\/\/eltrabajo.cl\/portal\/wp-json\/wp\/v2\/posts\/51874\/revisions"}],"wp:featuredmedia":[{"embeddable":true,"href":"https:\/\/eltrabajo.cl\/portal\/wp-json\/wp\/v2\/media\/51875"}],"wp:attachment":[{"href":"https:\/\/eltrabajo.cl\/portal\/wp-json\/wp\/v2\/media?parent=51874"}],"wp:term":[{"taxonomy":"category","embeddable":true,"href":"https:\/\/eltrabajo.cl\/portal\/wp-json\/wp\/v2\/categories?post=51874"},{"taxonomy":"post_tag","embeddable":true,"href":"https:\/\/eltrabajo.cl\/portal\/wp-json\/wp\/v2\/tags?post=51874"}],"curies":[{"name":"wp","href":"https:\/\/api.w.org\/{rel}","templated":true}]}}