{"id":51878,"date":"2014-10-03T09:31:33","date_gmt":"2014-10-03T12:31:33","guid":{"rendered":"http:\/\/www.eltrabajo.cl\/portal\/?p=51878"},"modified":"2014-10-03T09:31:33","modified_gmt":"2014-10-03T12:31:33","slug":"con-mascaras-de-diablos-asaltan-a-recaudador-de-molinera","status":"publish","type":"post","link":"https:\/\/eltrabajo.cl\/portal\/con-mascaras-de-diablos-asaltan-a-recaudador-de-molinera\/","title":{"rendered":"Con m\u00e1scaras de diablos asaltan a recaudador de molinera"},"content":{"rendered":"<figure id=\"attachment_51879\" aria-describedby=\"caption-attachment-51879\" style=\"width: 370px\" class=\"wp-caption alignleft\"><a href=\"https:\/\/i0.wp.com\/www.eltrabajo.cl\/portal\/wp-content\/uploads\/2014\/10\/M%C3%A1scara1.jpg\"><img data-recalc-dims=\"1\" loading=\"lazy\" decoding=\"async\" class=\" wp-image-51879 \" alt=\"Dos delincuentes, quienes cubr\u00edan sus rostros con m\u00e1scaras de diablos y utilizando un arma de fuego corta, asaltaron al cobrador de una empresa molinera, sustray\u00e9ndoles m\u00e1s de $12 millones en efectivo y cheques.\" src=\"https:\/\/i0.wp.com\/www.eltrabajo.cl\/portal\/wp-content\/uploads\/2014\/10\/M%C3%A1scara1.jpg?resize=370%2C282\" width=\"370\" height=\"282\" srcset=\"https:\/\/i0.wp.com\/eltrabajo.cl\/portal\/wp-content\/uploads\/2014\/10\/M%C3%A1scara1.jpg?w=528&amp;ssl=1 528w, https:\/\/i0.wp.com\/eltrabajo.cl\/portal\/wp-content\/uploads\/2014\/10\/M%C3%A1scara1.jpg?resize=196%2C150&amp;ssl=1 196w, https:\/\/i0.wp.com\/eltrabajo.cl\/portal\/wp-content\/uploads\/2014\/10\/M%C3%A1scara1.jpg?resize=300%2C228&amp;ssl=1 300w, https:\/\/i0.wp.com\/eltrabajo.cl\/portal\/wp-content\/uploads\/2014\/10\/M%C3%A1scara1.jpg?resize=150%2C114&amp;ssl=1 150w, https:\/\/i0.wp.com\/eltrabajo.cl\/portal\/wp-content\/uploads\/2014\/10\/M%C3%A1scara1.jpg?resize=400%2C305&amp;ssl=1 400w\" sizes=\"auto, (max-width: 370px) 100vw, 370px\" \/><\/a><figcaption id=\"caption-attachment-51879\" class=\"wp-caption-text\">Dos delincuentes, quienes cubr\u00edan sus rostros con m\u00e1scaras de diablos y utilizando un arma de fuego corta, asaltaron al cobrador de una empresa molinera, sustray\u00e9ndoles m\u00e1s de $12 millones en efectivo y cheques.<\/figcaption><\/figure>\n<p><strong>CALLE LARGA<\/strong>.- Dos delincuentes, quienes cubr\u00edan sus rostros con m\u00e1scaras de diablos y utilizando un arma de fuego corta, asaltaron al cobrador de una empresa molinera, sustray\u00e9ndoles m\u00e1s de $12 millones en efectivo y cheques. El violento atrac\u00f3 se produjo a eso de las 11:00 horas, cuando el empleado de iniciales E.I.M.M., de 53 a\u00f1os, acudi\u00f3 hasta una panader\u00eda ubicada en el sector de Patagual II en la comuna de Calle Larga, a fin de realizar el cobro de unos quintales de harina.<\/p>\n<figure id=\"attachment_51880\" aria-describedby=\"caption-attachment-51880\" style=\"width: 285px\" class=\"wp-caption alignright\"><a href=\"https:\/\/i0.wp.com\/www.eltrabajo.cl\/portal\/wp-content\/uploads\/2014\/10\/Biro1.jpg\"><img data-recalc-dims=\"1\" loading=\"lazy\" decoding=\"async\" class=\" wp-image-51880  \" alt=\"Inspector de la Brigada de Robos de la PDI de Los Andes, Jorge Romero Lepe.\" src=\"https:\/\/i0.wp.com\/www.eltrabajo.cl\/portal\/wp-content\/uploads\/2014\/10\/Biro1.jpg?resize=285%2C284\" width=\"285\" height=\"284\" srcset=\"https:\/\/i0.wp.com\/eltrabajo.cl\/portal\/wp-content\/uploads\/2014\/10\/Biro1.jpg?w=529&amp;ssl=1 529w, https:\/\/i0.wp.com\/eltrabajo.cl\/portal\/wp-content\/uploads\/2014\/10\/Biro1.jpg?resize=151%2C150&amp;ssl=1 151w, https:\/\/i0.wp.com\/eltrabajo.cl\/portal\/wp-content\/uploads\/2014\/10\/Biro1.jpg?resize=150%2C148&amp;ssl=1 150w\" sizes=\"auto, (max-width: 285px) 100vw, 285px\" \/><\/a><figcaption id=\"caption-attachment-51880\" class=\"wp-caption-text\">Inspector de la Brigada de Robos de la PDI de Los Andes, Jorge Romero Lepe.<\/figcaption><\/figure>\n<p><strong>\u00a0<\/strong><strong>LO ESPERABAN<\/strong><\/p>\n<p>All\u00ed el recaudador recibi\u00f3 una suma de $4.600000 por parte del due\u00f1o de la panader\u00eda, y salir al exterior y caminar unos metros hacia el autom\u00f3vil Hyundai Accent en que se desplazaba fue abordado por estos dos delincuentes, quienes lo estaban esperando.<\/p>\n<p>El Inspector de la Brigada de Robos de la PDI de Los Andes, Jorge Romero Lepe, indic\u00f3 que por las caracter\u00edsticas observada por la v\u00edctima, el arma de fue utilizada ser\u00eda un rev\u00f3lver y en todo momento lo amenazaron en forma agresiva, amarr\u00e1ndolo y luego tir\u00e1ndolo al piso.<\/p>\n<p>El oficial manifest\u00f3 que posteriormente los delincuentes le quitaron la bolsa con el dinero y se subieron en el autom\u00f3vil de la v\u00edctima, desplaz\u00e1ndose cerca de un kil\u00f3metro por Camino Patagual hacia el oriente, donde lo abandonaron. El Inspector Romero dijo que se est\u00e1 investigando si lo asaltantes abordaron otro veh\u00edculo, una moto o escaparon a pie del lugar, no descartando la participaci\u00f3n de m\u00e1s personas.<\/p>\n<p>Agreg\u00f3 que junto al dinero sustra\u00eddo, los delincuentes se apoderaron de documentos bancarios haciendo que el bot\u00edn supere los $12 millones. No obstante, puntualiz\u00f3 que el afectado dio aviso a las entidades bancarias correspondientes y propietarios de los documentos a fin de darles orden de no pago.<\/p>\n<p>El oficial de la Biro sostuvo que se realizan indagaciones pare establecer si la v\u00edctima se percat\u00f3 en d\u00edas anteriores si era seguido por alguna persona, ya que realiza cobros en diferentes partes del valle de Aconcagua. \u201cEl sector donde ocurri\u00f3 el atraco es una zona rural y por ende no hab\u00edan c\u00e1maras de seguridad que nos puedan ayudar a identificar a los antisociales\u201d, expres\u00f3.<\/p>\n<p>Precis\u00f3 que la caracter\u00edstica del atraco es que los antisociales usaron mascaras de Halloween a fin de que la v\u00edctima no pudiera identificarlos, \u201cno obstante estamos buscando huellas tanto en el veh\u00edculo como en las m\u00e1scaras encontradas y otras evidencias recuperadas\u201d.<\/p>\n<p>&nbsp;<\/p>\n","protected":false},"excerpt":{"rendered":"<p>CALLE LARGA.- Dos delincuentes, quienes cubr\u00edan sus rostros con m\u00e1scaras de diablos y utilizando un arma de fuego corta, asaltaron al cobrador de una empresa molinera, sustray\u00e9ndoles m\u00e1s de $12 millones en&#8230;<\/p>\n","protected":false},"author":482,"featured_media":51879,"comment_status":"open","ping_status":"closed","sticky":false,"template":"","format":"standard","meta":{"advanced_seo_description":"","jetpack_seo_html_title":"","jetpack_seo_noindex":false,"_jetpack_memberships_contains_paid_content":false,"footnotes":""},"categories":[21],"tags":[],"class_list":["post-51878","post","type-post","status-publish","format-standard","has-post-thumbnail","hentry","category-policial"],"jetpack_featured_media_url":"https:\/\/i0.wp.com\/eltrabajo.cl\/portal\/wp-content\/uploads\/2014\/10\/M%C3%A1scara1.jpg?fit=528%2C403&ssl=1","jetpack_sharing_enabled":true,"jetpack_likes_enabled":true,"jetpack-related-posts":[],"_links":{"self":[{"href":"https:\/\/eltrabajo.cl\/portal\/wp-json\/wp\/v2\/posts\/51878","targetHints":{"allow":["GET"]}}],"collection":[{"href":"https:\/\/eltrabajo.cl\/portal\/wp-json\/wp\/v2\/posts"}],"about":[{"href":"https:\/\/eltrabajo.cl\/portal\/wp-json\/wp\/v2\/types\/post"}],"author":[{"embeddable":true,"href":"https:\/\/eltrabajo.cl\/portal\/wp-json\/wp\/v2\/users\/482"}],"replies":[{"embeddable":true,"href":"https:\/\/eltrabajo.cl\/portal\/wp-json\/wp\/v2\/comments?post=51878"}],"version-history":[{"count":0,"href":"https:\/\/eltrabajo.cl\/portal\/wp-json\/wp\/v2\/posts\/51878\/revisions"}],"wp:featuredmedia":[{"embeddable":true,"href":"https:\/\/eltrabajo.cl\/portal\/wp-json\/wp\/v2\/media\/51879"}],"wp:attachment":[{"href":"https:\/\/eltrabajo.cl\/portal\/wp-json\/wp\/v2\/media?parent=51878"}],"wp:term":[{"taxonomy":"category","embeddable":true,"href":"https:\/\/eltrabajo.cl\/portal\/wp-json\/wp\/v2\/categories?post=51878"},{"taxonomy":"post_tag","embeddable":true,"href":"https:\/\/eltrabajo.cl\/portal\/wp-json\/wp\/v2\/tags?post=51878"}],"curies":[{"name":"wp","href":"https:\/\/api.w.org\/{rel}","templated":true}]}}