{"id":51889,"date":"2014-10-05T17:25:18","date_gmt":"2014-10-05T20:25:18","guid":{"rendered":"http:\/\/www.eltrabajo.cl\/portal\/?p=51889"},"modified":"2014-10-05T17:25:18","modified_gmt":"2014-10-05T20:25:18","slug":"el-atraco-del-dia-fue-contra-empleados-de-parquimetros","status":"publish","type":"post","link":"https:\/\/eltrabajo.cl\/portal\/el-atraco-del-dia-fue-contra-empleados-de-parquimetros\/","title":{"rendered":"El atraco del d\u00eda fue contra empleados de parqu\u00edmetros"},"content":{"rendered":"<figure id=\"attachment_51890\" aria-describedby=\"caption-attachment-51890\" style=\"width: 528px\" class=\"wp-caption alignnone\"><a href=\"https:\/\/i0.wp.com\/www.eltrabajo.cl\/portal\/wp-content\/uploads\/2014\/10\/Oficina-Parqu%C3%ADmetros.jpg\"><img data-recalc-dims=\"1\" loading=\"lazy\" decoding=\"async\" class=\"size-full wp-image-51890\" alt=\"Los funcionarios abandonaros las oficinas de la empresa de parqu\u00edmetros E Park en Calle Santo Domingo 69 en San Felipe para realizar como d\u00eda los millonarios dep\u00f3sitos bancarios con precarias medidas de seguridad.\" src=\"https:\/\/i0.wp.com\/www.eltrabajo.cl\/portal\/wp-content\/uploads\/2014\/10\/Oficina-Parqu%C3%ADmetros.jpg?resize=528%2C401\" width=\"528\" height=\"401\" srcset=\"https:\/\/i0.wp.com\/eltrabajo.cl\/portal\/wp-content\/uploads\/2014\/10\/Oficina-Parqu%C3%ADmetros.jpg?w=528&amp;ssl=1 528w, https:\/\/i0.wp.com\/eltrabajo.cl\/portal\/wp-content\/uploads\/2014\/10\/Oficina-Parqu%C3%ADmetros.jpg?resize=197%2C150&amp;ssl=1 197w, https:\/\/i0.wp.com\/eltrabajo.cl\/portal\/wp-content\/uploads\/2014\/10\/Oficina-Parqu%C3%ADmetros.jpg?resize=300%2C227&amp;ssl=1 300w, https:\/\/i0.wp.com\/eltrabajo.cl\/portal\/wp-content\/uploads\/2014\/10\/Oficina-Parqu%C3%ADmetros.jpg?resize=150%2C113&amp;ssl=1 150w, https:\/\/i0.wp.com\/eltrabajo.cl\/portal\/wp-content\/uploads\/2014\/10\/Oficina-Parqu%C3%ADmetros.jpg?resize=400%2C303&amp;ssl=1 400w\" sizes=\"auto, (max-width: 528px) 100vw, 528px\" \/><\/a><figcaption id=\"caption-attachment-51890\" class=\"wp-caption-text\">Los funcionarios abandonaros las oficinas de la empresa de parqu\u00edmetros E Park en Calle Santo Domingo 69 en San Felipe para realizar como d\u00eda los millonarios dep\u00f3sitos bancarios con precarias medidas de seguridad.<\/figcaption><\/figure>\n<p>Eran las 09:00 horas de ayer jueves y como cada d\u00eda, la secretaria de la empresa de parqu\u00edmetros \u2018E Park\u2019 junto a otro trabajador, se dirigieron a realizar los dep\u00f3sitos del d\u00eda hasta Banco BCI de la comuna de San Felipe. Desafortunadamente a tan s\u00f3lo metros de abandonar las oficinas, los empleados fueron intimidados por un sujeto y otro que lo acompa\u00f1aba, quien habr\u00eda utilizado un elemento punzante, al parecer un arma blanca, y los amedrent\u00f3 para arrebatarles a trav\u00e9s a viva fuerza dos y medio millones de pesos que manten\u00edan en una mochila.<\/p>\n<p>Lo anterior ocurri\u00f3 en la esquina de calles Santo Domingo con Portus, y seg\u00fan informaron las v\u00edctimas, los antisociales sorpresivamente hicieron su aparici\u00f3n desde unos \u00e1rboles ubicados en Plazoleta Ra\u00fal Grez, en dicha arteria, para realizar su cometido. Tras esta osad\u00eda de la delincuencia, los trabajadores al verse asaltados retornaron consternados hasta las oficinas ubicadas en Santo Domingo 69 para dar cuenta de lo ocurrido a sus superiores, donde se requiri\u00f3 la presencia de la Polic\u00eda de Investigaciones.<\/p>\n<p>A los pocos minutos de recepcionarse el llamado a Nivel 134, la polic\u00eda civil concurri\u00f3 hasta el sitio del suceso junto con personal de Carabineros, realizando patrullajes por calles aleda\u00f1as junto a las v\u00edctimas para ubicar el paradero de los autores de este il\u00edcito, cuyos afectados afortunadamente no resultaron heridos por estos antisociales tras no oponerse al despojo del millonario monto que trasportaban.<\/p>\n<p>Las diligencias quedaron en manos del personal de la Polic\u00eda de Investigaciones y mediante el testimonio que aportaron las v\u00edctimas, se logr\u00f3 el reconocimiento de uno de los sujetos por su rostro, por medio de la exhibici\u00f3n de un set fotogr\u00e1fico proporcionado en el cuartel policial. Con estos antecedentes los efectivos policiales comenzaron una r\u00e1pida y efectiva movilizaci\u00f3n hacia el domicilio del imputado, esto a eso de las 14:00 horas de ayer jueves, resultando ser un adolescente de 17 a\u00f1os, quien fue detenido y puesto a disposici\u00f3n del Ministerio P\u00fablico.<\/p>\n<p>\u201cSe concurri\u00f3 hasta el domicilio por instrucciones del Fiscal de Turno, fue detenido un adolescente de 17 a\u00f1os, pasando a control de detenci\u00f3n el d\u00eda de ma\u00f1ana (hoy). El imputado ser\u00eda el que efectu\u00f3 la intimidaci\u00f3n hacia los afectados, no sabemos si fue con un cuchillo o punz\u00f3n\u201d, inform\u00f3 a Diario El Trabajo el Subcomisario de la Brigada Criminal\u00edstica de la Polic\u00eda de Investigaciones de San Felipe, Andr\u00e9s Carre\u00f1o Espinoza.<\/p>\n<p>Pese a la detenci\u00f3n de uno de los protagonistas de este violento episodio, el dinero no logr\u00f3 ser recuperado, por lo que la Polic\u00eda contin\u00faa efectuando diligencias para establecer la identidad del segundo sujeto involucrado.<\/p>\n<p>En tanto el imputado de iniciales Y.L.V.R. con prontuario delictivo ser\u00e1 trasladado hasta el Juzgado de Garant\u00eda de San Felipe, para ser formalizado en horas de la ma\u00f1ana de hoy viernes por el Ministerio P\u00fablico bajo el delito de Robo con intimidaci\u00f3n.<\/p>\n<p>La Polic\u00eda de Investigaciones hizo un llamado al autocuidado de parte de las empresas y trabajadores que se exponen a este tipo de situaciones en el traslado de altas sumas de dinero, sin tomar los resguardos pertinentes, dada la cr\u00edtica situaci\u00f3n delictual que afecta a la comuna.<\/p>\n<p>Diario El Trabajo intent\u00f3 obtener una respuesta de parte de la jefatura de la empresa E Park de calle Santo Domingo, lo cual no fue posible debido a que sus oficinas se encontraban cerradas a todo p\u00fablico.<\/p>\n<p>Pablo Salinas Sald\u00edas<\/p>\n<div class=\"tiled-gallery type-rectangular tiled-gallery-unresized\" data-original-width=\"640\" data-carousel-extra='null' itemscope itemtype=\"http:\/\/schema.org\/ImageGallery\" > <div class=\"gallery-row\" style=\"width: 640px; height: 283px;\" data-original-width=\"640\" data-original-height=\"283\" > <div class=\"gallery-group images-1\" style=\"width: 371px; height: 283px;\" data-original-width=\"371\" data-original-height=\"283\" > <div class=\"tiled-gallery-item tiled-gallery-item-large\" itemprop=\"associatedMedia\" itemscope itemtype=\"http:\/\/schema.org\/ImageObject\"> <a href=\"https:\/\/eltrabajo.cl\/portal\/el-atraco-del-dia-fue-contra-empleados-de-parquimetros\/sitio-del-suceso-2\/\" border=\"0\" itemprop=\"url\"> <meta itemprop=\"width\" content=\"367\"> <meta itemprop=\"height\" content=\"279\"> <img decoding=\"async\" class=\"\" data-attachment-id=\"51893\" data-orig-file=\"https:\/\/eltrabajo.cl\/portal\/wp-content\/uploads\/2014\/10\/Sitio-del-Suceso.jpg\" data-orig-size=\"528,401\" data-comments-opened=\"1\" data-image-meta=\"{&quot;aperture&quot;:&quot;0&quot;,&quot;credit&quot;:&quot;&quot;,&quot;camera&quot;:&quot;&quot;,&quot;caption&quot;:&quot;&quot;,&quot;created_timestamp&quot;:&quot;0&quot;,&quot;copyright&quot;:&quot;&quot;,&quot;focal_length&quot;:&quot;0&quot;,&quot;iso&quot;:&quot;0&quot;,&quot;shutter_speed&quot;:&quot;0&quot;,&quot;title&quot;:&quot;&quot;}\" data-image-title=\"Sitio del Suceso\" data-image-description=\"&lt;p&gt;En Plazoleta Ra\u00fal Grez, ubicada en la intersecci\u00f3n de calles Santo Domingo esquina Portus a pasos de la empresa de parqu\u00edmetros, los antisociales irrumpieron desde los \u00e1rboles para intimidar con un cuchillo a los trabajadores y apoderarse del millonario bot\u00edn.&lt;\/p&gt; \" data-medium-file=\"https:\/\/i0.wp.com\/eltrabajo.cl\/portal\/wp-content\/uploads\/2014\/10\/Sitio-del-Suceso.jpg?fit=300%2C227&#038;ssl=1\" data-large-file=\"https:\/\/i0.wp.com\/eltrabajo.cl\/portal\/wp-content\/uploads\/2014\/10\/Sitio-del-Suceso.jpg?fit=528%2C401&#038;ssl=1\" src=\"https:\/\/i0.wp.com\/eltrabajo.cl\/portal\/wp-content\/uploads\/2014\/10\/Sitio-del-Suceso.jpg?w=367&#038;h=279&#038;ssl=1\" srcset=\"https:\/\/i0.wp.com\/eltrabajo.cl\/portal\/wp-content\/uploads\/2014\/10\/Sitio-del-Suceso.jpg?w=528&amp;ssl=1 528w, https:\/\/i0.wp.com\/eltrabajo.cl\/portal\/wp-content\/uploads\/2014\/10\/Sitio-del-Suceso.jpg?resize=197%2C150&amp;ssl=1 197w, https:\/\/i0.wp.com\/eltrabajo.cl\/portal\/wp-content\/uploads\/2014\/10\/Sitio-del-Suceso.jpg?resize=300%2C227&amp;ssl=1 300w, https:\/\/i0.wp.com\/eltrabajo.cl\/portal\/wp-content\/uploads\/2014\/10\/Sitio-del-Suceso.jpg?resize=150%2C113&amp;ssl=1 150w, https:\/\/i0.wp.com\/eltrabajo.cl\/portal\/wp-content\/uploads\/2014\/10\/Sitio-del-Suceso.jpg?resize=400%2C303&amp;ssl=1 400w\" width=\"367\" height=\"279\" loading=\"lazy\" data-original-width=\"367\" data-original-height=\"279\" itemprop=\"http:\/\/schema.org\/image\" title=\"Sitio del Suceso\" alt=\"En Plazoleta Ra\u00fal Grez, ubicada en la intersecci\u00f3n de calles Santo Domingo esquina Portus a pasos de la empresa de parqu\u00edmetros, los antisociales irrumpieron desde los \u00e1rboles para intimidar con un cuchillo a los trabajadores y apoderarse del millonario bot\u00edn.\" style=\"width: 367px; height: 279px;\" \/> <\/a> <div class=\"tiled-gallery-caption\" itemprop=\"caption description\"> En Plazoleta Ra\u00fal Grez, ubicada en la intersecci\u00f3n de calles Santo Domingo esquina Portus a pasos de la empresa de parqu\u00edmetros, los antisociales irrumpieron desde los \u00e1rboles para intimidar con un cuchillo a los trabajadores y apoderarse del millonario bot\u00edn. <\/div> <\/div> <\/div> <!-- close group --> <div class=\"gallery-group images-1\" style=\"width: 269px; height: 283px;\" data-original-width=\"269\" data-original-height=\"283\" > <div class=\"tiled-gallery-item tiled-gallery-item-large\" itemprop=\"associatedMedia\" itemscope itemtype=\"http:\/\/schema.org\/ImageObject\"> <a href=\"https:\/\/eltrabajo.cl\/portal\/el-atraco-del-dia-fue-contra-empleados-de-parquimetros\/imputado-3\/\" border=\"0\" itemprop=\"url\"> <meta itemprop=\"width\" content=\"265\"> <meta itemprop=\"height\" content=\"279\"> <img decoding=\"async\" class=\"\" data-attachment-id=\"51891\" data-orig-file=\"https:\/\/eltrabajo.cl\/portal\/wp-content\/uploads\/2014\/10\/imputado.jpg\" data-orig-size=\"529,557\" data-comments-opened=\"1\" data-image-meta=\"{&quot;aperture&quot;:&quot;0&quot;,&quot;credit&quot;:&quot;&quot;,&quot;camera&quot;:&quot;&quot;,&quot;caption&quot;:&quot;&quot;,&quot;created_timestamp&quot;:&quot;0&quot;,&quot;copyright&quot;:&quot;&quot;,&quot;focal_length&quot;:&quot;0&quot;,&quot;iso&quot;:&quot;0&quot;,&quot;shutter_speed&quot;:&quot;0&quot;,&quot;title&quot;:&quot;&quot;}\" data-image-title=\"imputado\" data-image-description=\"&lt;p&gt;El imputado adolescente fue detenido por personal de la Polic\u00eda de Investigaciones de San Felipe para ser formalizado ante el Juzgado de Garant\u00eda el d\u00eda de hoy (Foto archivo).&lt;\/p&gt; \" data-medium-file=\"https:\/\/i0.wp.com\/eltrabajo.cl\/portal\/wp-content\/uploads\/2014\/10\/imputado.jpg?fit=284%2C300&#038;ssl=1\" data-large-file=\"https:\/\/i0.wp.com\/eltrabajo.cl\/portal\/wp-content\/uploads\/2014\/10\/imputado.jpg?fit=529%2C557&#038;ssl=1\" src=\"https:\/\/i0.wp.com\/eltrabajo.cl\/portal\/wp-content\/uploads\/2014\/10\/imputado.jpg?w=265&#038;h=279&#038;ssl=1\" srcset=\"https:\/\/i0.wp.com\/eltrabajo.cl\/portal\/wp-content\/uploads\/2014\/10\/imputado.jpg?w=529&amp;ssl=1 529w, https:\/\/i0.wp.com\/eltrabajo.cl\/portal\/wp-content\/uploads\/2014\/10\/imputado.jpg?resize=142%2C150&amp;ssl=1 142w, https:\/\/i0.wp.com\/eltrabajo.cl\/portal\/wp-content\/uploads\/2014\/10\/imputado.jpg?resize=284%2C300&amp;ssl=1 284w, https:\/\/i0.wp.com\/eltrabajo.cl\/portal\/wp-content\/uploads\/2014\/10\/imputado.jpg?resize=400%2C421&amp;ssl=1 400w\" width=\"265\" height=\"279\" loading=\"lazy\" data-original-width=\"265\" data-original-height=\"279\" itemprop=\"http:\/\/schema.org\/image\" title=\"imputado\" alt=\"El imputado adolescente fue detenido por personal de la Polic\u00eda de Investigaciones de San Felipe para ser formalizado ante el Juzgado de Garant\u00eda el d\u00eda de hoy (Foto archivo).\" style=\"width: 265px; height: 279px;\" \/> <\/a> <div class=\"tiled-gallery-caption\" itemprop=\"caption description\"> El imputado adolescente fue detenido por personal de la Polic\u00eda de Investigaciones de San Felipe para ser formalizado ante el Juzgado de Garant\u00eda el d\u00eda de hoy (Foto archivo). <\/div> <\/div> <\/div> <!-- close group --> <\/div> <!-- close row --> <\/div>\n","protected":false},"excerpt":{"rendered":"<p>Eran las 09:00 horas de ayer jueves y como cada d\u00eda, la secretaria de la empresa de parqu\u00edmetros \u2018E Park\u2019 junto a otro trabajador, se dirigieron a realizar los dep\u00f3sitos del d\u00eda&#8230;<\/p>\n","protected":false},"author":482,"featured_media":51890,"comment_status":"open","ping_status":"closed","sticky":false,"template":"","format":"standard","meta":{"advanced_seo_description":"","jetpack_seo_html_title":"","jetpack_seo_noindex":false,"_jetpack_memberships_contains_paid_content":false,"footnotes":""},"categories":[21],"tags":[],"class_list":["post-51889","post","type-post","status-publish","format-standard","has-post-thumbnail","hentry","category-policial"],"jetpack_featured_media_url":"https:\/\/i0.wp.com\/eltrabajo.cl\/portal\/wp-content\/uploads\/2014\/10\/Oficina-Parqu%C3%ADmetros.jpg?fit=528%2C401&ssl=1","jetpack_sharing_enabled":true,"jetpack_likes_enabled":true,"jetpack-related-posts":[],"_links":{"self":[{"href":"https:\/\/eltrabajo.cl\/portal\/wp-json\/wp\/v2\/posts\/51889","targetHints":{"allow":["GET"]}}],"collection":[{"href":"https:\/\/eltrabajo.cl\/portal\/wp-json\/wp\/v2\/posts"}],"about":[{"href":"https:\/\/eltrabajo.cl\/portal\/wp-json\/wp\/v2\/types\/post"}],"author":[{"embeddable":true,"href":"https:\/\/eltrabajo.cl\/portal\/wp-json\/wp\/v2\/users\/482"}],"replies":[{"embeddable":true,"href":"https:\/\/eltrabajo.cl\/portal\/wp-json\/wp\/v2\/comments?post=51889"}],"version-history":[{"count":0,"href":"https:\/\/eltrabajo.cl\/portal\/wp-json\/wp\/v2\/posts\/51889\/revisions"}],"wp:featuredmedia":[{"embeddable":true,"href":"https:\/\/eltrabajo.cl\/portal\/wp-json\/wp\/v2\/media\/51890"}],"wp:attachment":[{"href":"https:\/\/eltrabajo.cl\/portal\/wp-json\/wp\/v2\/media?parent=51889"}],"wp:term":[{"taxonomy":"category","embeddable":true,"href":"https:\/\/eltrabajo.cl\/portal\/wp-json\/wp\/v2\/categories?post=51889"},{"taxonomy":"post_tag","embeddable":true,"href":"https:\/\/eltrabajo.cl\/portal\/wp-json\/wp\/v2\/tags?post=51889"}],"curies":[{"name":"wp","href":"https:\/\/api.w.org\/{rel}","templated":true}]}}