{"id":51903,"date":"2014-10-06T08:57:36","date_gmt":"2014-10-06T11:57:36","guid":{"rendered":"http:\/\/www.eltrabajo.cl\/portal\/?p=51903"},"modified":"2014-10-06T09:29:38","modified_gmt":"2014-10-06T12:29:38","slug":"muestra-tecnologica-de-la-escuela-industrial-con-nota-7","status":"publish","type":"post","link":"https:\/\/eltrabajo.cl\/portal\/muestra-tecnologica-de-la-escuela-industrial-con-nota-7\/","title":{"rendered":"Muestra Tecnol\u00f3gica de la Escuela Industrial con Nota 7"},"content":{"rendered":"<p><a href=\"https:\/\/i0.wp.com\/www.eltrabajo.cl\/portal\/wp-content\/uploads\/2014\/10\/Industrial1.jpg\"><img data-recalc-dims=\"1\" loading=\"lazy\" decoding=\"async\" class=\"size-full wp-image-51906\" alt=\"MUCHO TALENTO.- El mi\u00e9rcoles 1 de octubre se realiz\u00f3 la tradicional Muestra Tecnol\u00f3gica de la Escuela Industrial de San Felipe, evento que tuvo lugar en la Plaza de Armas de la ciudad.\" src=\"https:\/\/i0.wp.com\/www.eltrabajo.cl\/portal\/wp-content\/uploads\/2014\/10\/Industrial1.jpg?resize=528%2C357\" width=\"528\" height=\"357\" srcset=\"https:\/\/i0.wp.com\/eltrabajo.cl\/portal\/wp-content\/uploads\/2014\/10\/Industrial1.jpg?w=528&amp;ssl=1 528w, https:\/\/i0.wp.com\/eltrabajo.cl\/portal\/wp-content\/uploads\/2014\/10\/Industrial1.jpg?resize=200%2C135&amp;ssl=1 200w, https:\/\/i0.wp.com\/eltrabajo.cl\/portal\/wp-content\/uploads\/2014\/10\/Industrial1.jpg?resize=300%2C202&amp;ssl=1 300w, https:\/\/i0.wp.com\/eltrabajo.cl\/portal\/wp-content\/uploads\/2014\/10\/Industrial1.jpg?resize=150%2C101&amp;ssl=1 150w, https:\/\/i0.wp.com\/eltrabajo.cl\/portal\/wp-content\/uploads\/2014\/10\/Industrial1.jpg?resize=400%2C270&amp;ssl=1 400w\" sizes=\"auto, (max-width: 528px) 100vw, 528px\" \/><\/a><\/p>\n<dl class=\"wp-caption alignnone\" id=\"attachment_51906\" style=\"width: 538px;\">\n<dd class=\"wp-caption-dd\">MUCHO TALENTO.- El mi\u00e9rcoles 1 de octubre se realiz\u00f3 la tradicional Muestra Tecnol\u00f3gica de la Escuela Industrial de San Felipe, evento que tuvo lugar en la Plaza de Armas de la ciudad.<\/dd>\n<\/dl>\n<p>El d\u00eda mi\u00e9rcoles 1 de octubre se realiz\u00f3 la tradicional Muestra Tecnol\u00f3gica de la Escuela Industrial de San Felipe, evento que tuvo lugar en la Plaza de Armas de la ciudad, hasta donde llegaron cientos de visitantes, quienes durante todo el d\u00eda pudieron participar de cada una de las exhibiciones preparadas por los estudiantes, quienes estuvieron mostrando experimentos, innovaciones tecnol\u00f3gicas en las diferentes especialidades de la escuela, emprendimientos, muebles con materiales reciclados, energ\u00edas renovables, etc.<\/p>\n<p>Esta tradicional actividad fue inaugurada por el director del establecimiento, Andr\u00e9s Vargas Munita, quien invit\u00f3 a toda la comunidad sanfelipe\u00f1a a participar del encuentro y conocer una parte de la escuela a trav\u00e9s de los diferentes stands. Vargas no estuvo solo en esta tarea, pues lo acompa\u00f1aron la banda de guerra y el grupo de folclor y el taller de m\u00fasica de la Escuela Industrial, quienes brindaron a los asistentes y transe\u00fantes un excelente momento.<\/p>\n<div class=\"tiled-gallery type-rectangular tiled-gallery-unresized\" data-original-width=\"640\" data-carousel-extra='null' itemscope itemtype=\"http:\/\/schema.org\/ImageGallery\" > <div class=\"gallery-row\" style=\"width: 640px; height: 213px;\" data-original-width=\"640\" data-original-height=\"213\" > <div class=\"gallery-group images-1\" style=\"width: 285px; height: 213px;\" data-original-width=\"285\" data-original-height=\"213\" > <div class=\"tiled-gallery-item tiled-gallery-item-large\" itemprop=\"associatedMedia\" itemscope itemtype=\"http:\/\/schema.org\/ImageObject\"> <a href=\"https:\/\/eltrabajo.cl\/portal\/muestra-tecnologica-de-la-escuela-industrial-con-nota-7\/industrial2\/\" border=\"0\" itemprop=\"url\"> <meta itemprop=\"width\" content=\"281\"> <meta itemprop=\"height\" content=\"209\"> <img decoding=\"async\" class=\"\" data-attachment-id=\"51904\" data-orig-file=\"https:\/\/eltrabajo.cl\/portal\/wp-content\/uploads\/2014\/10\/Industrial2.jpg\" data-orig-size=\"528,392\" data-comments-opened=\"1\" data-image-meta=\"{&quot;aperture&quot;:&quot;0&quot;,&quot;credit&quot;:&quot;&quot;,&quot;camera&quot;:&quot;&quot;,&quot;caption&quot;:&quot;&quot;,&quot;created_timestamp&quot;:&quot;0&quot;,&quot;copyright&quot;:&quot;&quot;,&quot;focal_length&quot;:&quot;0&quot;,&quot;iso&quot;:&quot;0&quot;,&quot;shutter_speed&quot;:&quot;0&quot;,&quot;title&quot;:&quot;&quot;}\" data-image-title=\"Industrial2\" data-image-description=\"&lt;p&gt;MUCHO INTER\u00c9S.- Al lugar llegaron cientos de visitantes, quienes durante todo el d\u00eda pudieron participar de cada una de las exhibiciones preparadas por los estudiantes.&lt;\/p&gt; \" data-medium-file=\"https:\/\/i0.wp.com\/eltrabajo.cl\/portal\/wp-content\/uploads\/2014\/10\/Industrial2.jpg?fit=300%2C222&#038;ssl=1\" data-large-file=\"https:\/\/i0.wp.com\/eltrabajo.cl\/portal\/wp-content\/uploads\/2014\/10\/Industrial2.jpg?fit=528%2C392&#038;ssl=1\" src=\"https:\/\/i0.wp.com\/eltrabajo.cl\/portal\/wp-content\/uploads\/2014\/10\/Industrial2.jpg?w=281&#038;h=209&#038;ssl=1\" srcset=\"https:\/\/i0.wp.com\/eltrabajo.cl\/portal\/wp-content\/uploads\/2014\/10\/Industrial2.jpg?w=528&amp;ssl=1 528w, https:\/\/i0.wp.com\/eltrabajo.cl\/portal\/wp-content\/uploads\/2014\/10\/Industrial2.jpg?resize=200%2C148&amp;ssl=1 200w, https:\/\/i0.wp.com\/eltrabajo.cl\/portal\/wp-content\/uploads\/2014\/10\/Industrial2.jpg?resize=300%2C222&amp;ssl=1 300w, https:\/\/i0.wp.com\/eltrabajo.cl\/portal\/wp-content\/uploads\/2014\/10\/Industrial2.jpg?resize=150%2C111&amp;ssl=1 150w, https:\/\/i0.wp.com\/eltrabajo.cl\/portal\/wp-content\/uploads\/2014\/10\/Industrial2.jpg?resize=400%2C296&amp;ssl=1 400w\" width=\"281\" height=\"209\" loading=\"lazy\" data-original-width=\"281\" data-original-height=\"209\" itemprop=\"http:\/\/schema.org\/image\" title=\"Industrial2\" alt=\"MUCHO INTER\u00c9S.- Al lugar llegaron cientos de visitantes, quienes durante todo el d\u00eda pudieron participar de cada una de las exhibiciones preparadas por los estudiantes.\" style=\"width: 281px; height: 209px;\" \/> <\/a> <div class=\"tiled-gallery-caption\" itemprop=\"caption description\"> MUCHO INTER\u00c9S.- Al lugar llegaron cientos de visitantes, quienes durante todo el d\u00eda pudieron participar de cada una de las exhibiciones preparadas por los estudiantes. <\/div> <\/div> <\/div> <!-- close group --> <div class=\"gallery-group images-1\" style=\"width: 355px; height: 213px;\" data-original-width=\"355\" data-original-height=\"213\" > <div class=\"tiled-gallery-item tiled-gallery-item-large\" itemprop=\"associatedMedia\" itemscope itemtype=\"http:\/\/schema.org\/ImageObject\"> <a href=\"https:\/\/eltrabajo.cl\/portal\/muestra-tecnologica-de-la-escuela-industrial-con-nota-7\/industrial3\/\" border=\"0\" itemprop=\"url\"> <meta itemprop=\"width\" content=\"351\"> <meta itemprop=\"height\" content=\"209\"> <img decoding=\"async\" class=\"\" data-attachment-id=\"51907\" data-orig-file=\"https:\/\/eltrabajo.cl\/portal\/wp-content\/uploads\/2014\/10\/Industrial3.jpg\" data-orig-size=\"529,315\" data-comments-opened=\"1\" data-image-meta=\"{&quot;aperture&quot;:&quot;0&quot;,&quot;credit&quot;:&quot;&quot;,&quot;camera&quot;:&quot;&quot;,&quot;caption&quot;:&quot;&quot;,&quot;created_timestamp&quot;:&quot;0&quot;,&quot;copyright&quot;:&quot;&quot;,&quot;focal_length&quot;:&quot;0&quot;,&quot;iso&quot;:&quot;0&quot;,&quot;shutter_speed&quot;:&quot;0&quot;,&quot;title&quot;:&quot;&quot;}\" data-image-title=\"Industrial3\" data-image-description=\"&lt;p&gt;S\u00d3LO BUENO.- Los sanfelipe\u00f1os anualmente disfrutamos de estas propuestas cient\u00edficas de los industrialinos en cada una de sus presentaciones.&lt;\/p&gt; \" data-medium-file=\"https:\/\/i0.wp.com\/eltrabajo.cl\/portal\/wp-content\/uploads\/2014\/10\/Industrial3.jpg?fit=300%2C178&#038;ssl=1\" data-large-file=\"https:\/\/i0.wp.com\/eltrabajo.cl\/portal\/wp-content\/uploads\/2014\/10\/Industrial3.jpg?fit=529%2C315&#038;ssl=1\" src=\"https:\/\/i0.wp.com\/eltrabajo.cl\/portal\/wp-content\/uploads\/2014\/10\/Industrial3.jpg?w=351&#038;h=209&#038;ssl=1\" srcset=\"https:\/\/i0.wp.com\/eltrabajo.cl\/portal\/wp-content\/uploads\/2014\/10\/Industrial3.jpg?w=529&amp;ssl=1 529w, https:\/\/i0.wp.com\/eltrabajo.cl\/portal\/wp-content\/uploads\/2014\/10\/Industrial3.jpg?resize=200%2C119&amp;ssl=1 200w, https:\/\/i0.wp.com\/eltrabajo.cl\/portal\/wp-content\/uploads\/2014\/10\/Industrial3.jpg?resize=300%2C178&amp;ssl=1 300w, https:\/\/i0.wp.com\/eltrabajo.cl\/portal\/wp-content\/uploads\/2014\/10\/Industrial3.jpg?resize=150%2C89&amp;ssl=1 150w, https:\/\/i0.wp.com\/eltrabajo.cl\/portal\/wp-content\/uploads\/2014\/10\/Industrial3.jpg?resize=400%2C238&amp;ssl=1 400w\" width=\"351\" height=\"209\" loading=\"lazy\" data-original-width=\"351\" data-original-height=\"209\" itemprop=\"http:\/\/schema.org\/image\" title=\"Industrial3\" alt=\"S\u00d3LO BUENO.- Los sanfelipe\u00f1os anualmente disfrutamos de estas propuestas cient\u00edficas de los industrialinos en cada una de sus presentaciones.\" style=\"width: 351px; height: 209px;\" \/> <\/a> <div class=\"tiled-gallery-caption\" itemprop=\"caption description\"> S\u00d3LO BUENO.- Los sanfelipe\u00f1os anualmente disfrutamos de estas propuestas cient\u00edficas de los industrialinos en cada una de sus presentaciones. <\/div> <\/div> <\/div> <!-- close group --> <\/div> <!-- close row --> <\/div>\n","protected":false},"excerpt":{"rendered":"<p>MUCHO TALENTO.- El mi\u00e9rcoles 1 de octubre se realiz\u00f3 la tradicional Muestra Tecnol\u00f3gica de la Escuela Industrial de San Felipe, evento que tuvo lugar en la Plaza de Armas de la ciudad&#8230;.<\/p>\n","protected":false},"author":482,"featured_media":51906,"comment_status":"open","ping_status":"closed","sticky":false,"template":"","format":"standard","meta":{"advanced_seo_description":"","jetpack_seo_html_title":"","jetpack_seo_noindex":false,"_jetpack_memberships_contains_paid_content":false,"footnotes":""},"categories":[15],"tags":[],"class_list":["post-51903","post","type-post","status-publish","format-standard","has-post-thumbnail","hentry","category-comunidad"],"jetpack_featured_media_url":"https:\/\/i0.wp.com\/eltrabajo.cl\/portal\/wp-content\/uploads\/2014\/10\/Industrial1.jpg?fit=528%2C357&ssl=1","jetpack_sharing_enabled":true,"jetpack_likes_enabled":true,"jetpack-related-posts":[],"_links":{"self":[{"href":"https:\/\/eltrabajo.cl\/portal\/wp-json\/wp\/v2\/posts\/51903","targetHints":{"allow":["GET"]}}],"collection":[{"href":"https:\/\/eltrabajo.cl\/portal\/wp-json\/wp\/v2\/posts"}],"about":[{"href":"https:\/\/eltrabajo.cl\/portal\/wp-json\/wp\/v2\/types\/post"}],"author":[{"embeddable":true,"href":"https:\/\/eltrabajo.cl\/portal\/wp-json\/wp\/v2\/users\/482"}],"replies":[{"embeddable":true,"href":"https:\/\/eltrabajo.cl\/portal\/wp-json\/wp\/v2\/comments?post=51903"}],"version-history":[{"count":0,"href":"https:\/\/eltrabajo.cl\/portal\/wp-json\/wp\/v2\/posts\/51903\/revisions"}],"wp:featuredmedia":[{"embeddable":true,"href":"https:\/\/eltrabajo.cl\/portal\/wp-json\/wp\/v2\/media\/51906"}],"wp:attachment":[{"href":"https:\/\/eltrabajo.cl\/portal\/wp-json\/wp\/v2\/media?parent=51903"}],"wp:term":[{"taxonomy":"category","embeddable":true,"href":"https:\/\/eltrabajo.cl\/portal\/wp-json\/wp\/v2\/categories?post=51903"},{"taxonomy":"post_tag","embeddable":true,"href":"https:\/\/eltrabajo.cl\/portal\/wp-json\/wp\/v2\/tags?post=51903"}],"curies":[{"name":"wp","href":"https:\/\/api.w.org\/{rel}","templated":true}]}}