{"id":51936,"date":"2014-10-06T09:08:37","date_gmt":"2014-10-06T12:08:37","guid":{"rendered":"http:\/\/www.eltrabajo.cl\/portal\/?p=51936"},"modified":"2014-10-06T09:11:35","modified_gmt":"2014-10-06T12:11:35","slug":"con-charla-sobre-envejecimiento-feliz-se-inician-mes-del-adulto-mayor","status":"publish","type":"post","link":"https:\/\/eltrabajo.cl\/portal\/con-charla-sobre-envejecimiento-feliz-se-inician-mes-del-adulto-mayor\/","title":{"rendered":"Con charla sobre envejecimiento feliz se inician Mes del Adulto Mayor"},"content":{"rendered":"<figure id=\"attachment_51937\" aria-describedby=\"caption-attachment-51937\" style=\"width: 529px\" class=\"wp-caption alignnone\"><a href=\"https:\/\/i0.wp.com\/www.eltrabajo.cl\/portal\/wp-content\/uploads\/2014\/10\/Abuelos1.jpg\"><img data-recalc-dims=\"1\" loading=\"lazy\" decoding=\"async\" class=\"size-full wp-image-51937\" alt=\"Los adultos mayores llegaron en masa al teatro municipal, para participar de la charla dictada por el jefe de la carrera de Fonoaudiolog\u00eda de la UV San Felipe.\" src=\"https:\/\/i0.wp.com\/www.eltrabajo.cl\/portal\/wp-content\/uploads\/2014\/10\/Abuelos1.jpg?resize=529%2C298\" width=\"529\" height=\"298\" srcset=\"https:\/\/i0.wp.com\/eltrabajo.cl\/portal\/wp-content\/uploads\/2014\/10\/Abuelos1.jpg?w=529&amp;ssl=1 529w, https:\/\/i0.wp.com\/eltrabajo.cl\/portal\/wp-content\/uploads\/2014\/10\/Abuelos1.jpg?resize=200%2C112&amp;ssl=1 200w, https:\/\/i0.wp.com\/eltrabajo.cl\/portal\/wp-content\/uploads\/2014\/10\/Abuelos1.jpg?resize=300%2C168&amp;ssl=1 300w, https:\/\/i0.wp.com\/eltrabajo.cl\/portal\/wp-content\/uploads\/2014\/10\/Abuelos1.jpg?resize=150%2C84&amp;ssl=1 150w, https:\/\/i0.wp.com\/eltrabajo.cl\/portal\/wp-content\/uploads\/2014\/10\/Abuelos1.jpg?resize=400%2C225&amp;ssl=1 400w\" sizes=\"auto, (max-width: 529px) 100vw, 529px\" \/><\/a><figcaption id=\"caption-attachment-51937\" class=\"wp-caption-text\">Los adultos mayores llegaron en masa al teatro municipal, para participar de la charla dictada por el jefe de la carrera de Fonoaudiolog\u00eda de la UV San Felipe.<\/figcaption><\/figure>\n<p>Con la realizaci\u00f3n de una interesante charla sobre \u201cEnvejecimiento con felicidad\u201d, dictada por el jefe de la carrera de Fonoaudiolog\u00eda de la Universidad de Valpara\u00edso, Patricio Valdebenito, en el Teatro Municipal, se dio inicio a las actividades de celebraci\u00f3n del Mes del Adulto Mayor. La actividad, permiti\u00f3 a los adultos mayores conocer diferentes aspectos relacionados con la salud en esta etapa de la vida, pero adem\u00e1s, identificar y aprender mecanismos que les permitan enfrentar con m\u00e1s alegr\u00eda y optimismo la adultez mayor.<\/p>\n<figure id=\"attachment_51938\" aria-describedby=\"caption-attachment-51938\" style=\"width: 317px\" class=\"wp-caption alignleft\"><a href=\"https:\/\/i0.wp.com\/www.eltrabajo.cl\/portal\/wp-content\/uploads\/2014\/10\/FOTO-2-Expositor.jpg\"><img data-recalc-dims=\"1\" loading=\"lazy\" decoding=\"async\" class=\" wp-image-51938 \" alt=\"El director de la carrera de Fonoaudiolog\u00eda, Patricio Valdebenito, resalt\u00f3 varios elementos relacionados con envejecimiento feliz.\" src=\"https:\/\/i0.wp.com\/www.eltrabajo.cl\/portal\/wp-content\/uploads\/2014\/10\/FOTO-2-Expositor.jpg?resize=317%2C295\" width=\"317\" height=\"295\" srcset=\"https:\/\/i0.wp.com\/eltrabajo.cl\/portal\/wp-content\/uploads\/2014\/10\/FOTO-2-Expositor.jpg?w=529&amp;ssl=1 529w, https:\/\/i0.wp.com\/eltrabajo.cl\/portal\/wp-content\/uploads\/2014\/10\/FOTO-2-Expositor.jpg?resize=161%2C150&amp;ssl=1 161w, https:\/\/i0.wp.com\/eltrabajo.cl\/portal\/wp-content\/uploads\/2014\/10\/FOTO-2-Expositor.jpg?resize=300%2C278&amp;ssl=1 300w, https:\/\/i0.wp.com\/eltrabajo.cl\/portal\/wp-content\/uploads\/2014\/10\/FOTO-2-Expositor.jpg?resize=150%2C139&amp;ssl=1 150w, https:\/\/i0.wp.com\/eltrabajo.cl\/portal\/wp-content\/uploads\/2014\/10\/FOTO-2-Expositor.jpg?resize=400%2C371&amp;ssl=1 400w\" sizes=\"auto, (max-width: 317px) 100vw, 317px\" \/><\/a><figcaption id=\"caption-attachment-51938\" class=\"wp-caption-text\">El director de la carrera de Fonoaudiolog\u00eda, Patricio Valdebenito, resalt\u00f3 varios elementos relacionados con envejecimiento feliz.<\/figcaption><\/figure>\n<p>Seg\u00fan explic\u00f3 la coordinadora del Centro Integral del Adulto Mayor de San Felipe, Patricia Opazo, la actividad realizada en el Teatro Municipal de San Felipe, permiti\u00f3 celebrar el D\u00eda Internacional del Adulto Mayor, pero adem\u00e1s, iniciar el mes que reconoce a quienes conforman este grupo en la comuna.<\/p>\n<p>\u201cHemos convocado a nuestros adultos mayores, fundamentalmente a quienes participan en los talleres que desarrollamos como municipio, aun cuando tambi\u00e9n estas actividades son abiertas a la comunidad. En el marco de esta charla que dict\u00f3 la Universidad de Valpara\u00edso, tuvimos canto, tango y coro, para as\u00ed dar a conocer a la comunidad lo que estamos haciendo como municipio, a prop\u00f3sito de las directrices que nos entrega el alcalde Patricio Freire\u201d, se\u00f1al\u00f3 Patricia Opazo.<\/p>\n<p>A\u00f1adi\u00f3 que en la ocasi\u00f3n tambi\u00e9n estuvo presente el taller de reposter\u00eda, que ofreci\u00f3 exquisiteces al p\u00fablico asistente. Durante este mes de octubre se ha convocado a una serie organizaciones e instituciones para de esta manera, celebrar a los adultos mayores de San Felipe.<\/p>\n<p>\u201cPor ejemplo, el d\u00eda 8 de octubre, se realizar\u00e1 en conjunto con el \u00e1rea de la salud en la Plaza C\u00edvica, una ma\u00f1ana de actividad f\u00edsica para los adultos mayores, donde se espera convocar a unas 500 personas. Posteriormente, el 17 de octubre, se va a realizar el primer encuentro de actividad f\u00edsica de adultos mayores, respondiendo a la necesidad de avanzar hacia el envejecimiento activo, como pol\u00edtica de Estado y donde como municipio nos sumamos. El 21 de octubre tambi\u00e9n, se realizar\u00e1 un seminario sobre c\u00f3mo vivir la adultez mayor en plenitud, actividad que estamos organizando en conjunto con la Universidad de Aconcagua y que se realizar\u00e1 en el Teatro Municipal\u201d, detall\u00f3 Patricia Opazo.<\/p>\n<p>La encargada del Centro Integral del Adulto Mayor dependiente de la municipalidad, resalt\u00f3 la importancia de participar en estas actividades, independientemente si asisten o no a los talleres de ese organismo o pertenecen a un club del adulto mayor.<\/p>\n<p>&nbsp;<\/p>\n","protected":false},"excerpt":{"rendered":"<p>Con la realizaci\u00f3n de una interesante charla sobre \u201cEnvejecimiento con felicidad\u201d, dictada por el jefe de la carrera de Fonoaudiolog\u00eda de la Universidad de Valpara\u00edso, Patricio Valdebenito, en el Teatro Municipal, se&#8230;<\/p>\n","protected":false},"author":482,"featured_media":51937,"comment_status":"open","ping_status":"closed","sticky":false,"template":"","format":"standard","meta":{"advanced_seo_description":"","jetpack_seo_html_title":"","jetpack_seo_noindex":false,"_jetpack_memberships_contains_paid_content":false,"footnotes":""},"categories":[15],"tags":[],"class_list":["post-51936","post","type-post","status-publish","format-standard","has-post-thumbnail","hentry","category-comunidad"],"jetpack_featured_media_url":"https:\/\/i0.wp.com\/eltrabajo.cl\/portal\/wp-content\/uploads\/2014\/10\/Abuelos1.jpg?fit=529%2C298&ssl=1","jetpack_sharing_enabled":true,"jetpack_likes_enabled":true,"jetpack-related-posts":[],"_links":{"self":[{"href":"https:\/\/eltrabajo.cl\/portal\/wp-json\/wp\/v2\/posts\/51936","targetHints":{"allow":["GET"]}}],"collection":[{"href":"https:\/\/eltrabajo.cl\/portal\/wp-json\/wp\/v2\/posts"}],"about":[{"href":"https:\/\/eltrabajo.cl\/portal\/wp-json\/wp\/v2\/types\/post"}],"author":[{"embeddable":true,"href":"https:\/\/eltrabajo.cl\/portal\/wp-json\/wp\/v2\/users\/482"}],"replies":[{"embeddable":true,"href":"https:\/\/eltrabajo.cl\/portal\/wp-json\/wp\/v2\/comments?post=51936"}],"version-history":[{"count":0,"href":"https:\/\/eltrabajo.cl\/portal\/wp-json\/wp\/v2\/posts\/51936\/revisions"}],"wp:featuredmedia":[{"embeddable":true,"href":"https:\/\/eltrabajo.cl\/portal\/wp-json\/wp\/v2\/media\/51937"}],"wp:attachment":[{"href":"https:\/\/eltrabajo.cl\/portal\/wp-json\/wp\/v2\/media?parent=51936"}],"wp:term":[{"taxonomy":"category","embeddable":true,"href":"https:\/\/eltrabajo.cl\/portal\/wp-json\/wp\/v2\/categories?post=51936"},{"taxonomy":"post_tag","embeddable":true,"href":"https:\/\/eltrabajo.cl\/portal\/wp-json\/wp\/v2\/tags?post=51936"}],"curies":[{"name":"wp","href":"https:\/\/api.w.org\/{rel}","templated":true}]}}