{"id":51941,"date":"2014-10-06T09:10:29","date_gmt":"2014-10-06T12:10:29","guid":{"rendered":"http:\/\/www.eltrabajo.cl\/portal\/?p=51941"},"modified":"2014-10-06T09:10:29","modified_gmt":"2014-10-06T12:10:29","slug":"murio-de-balazo-en-el-pecho-durante-partido-de-futbol-en-san-esteban","status":"publish","type":"post","link":"https:\/\/eltrabajo.cl\/portal\/murio-de-balazo-en-el-pecho-durante-partido-de-futbol-en-san-esteban\/","title":{"rendered":"Muri\u00f3 de balazo en el pecho durante partido de f\u00fatbol en San Esteban"},"content":{"rendered":"<figure id=\"attachment_51942\" aria-describedby=\"caption-attachment-51942\" style=\"width: 528px\" class=\"wp-caption alignnone\"><a href=\"https:\/\/i0.wp.com\/www.eltrabajo.cl\/portal\/wp-content\/uploads\/2014\/10\/muerto-cancha-san-esteban.jpg\"><img data-recalc-dims=\"1\" loading=\"lazy\" decoding=\"async\" class=\"size-full wp-image-51942\" alt=\"En el interior de esta camioneta permanece el cuerpo sin vida del malogrado vecino Juan Francisco Osorio Anjar\u00ed, de 58 a\u00f1os de edad, quien la tarde de ayer falleciera mientra era llevado a urgencia luego de recibir un balazo en el pecho durante un partido de f\u00faltbol que se desarrollaba en la cancha de Independiente de Lo Calvo.\" src=\"https:\/\/i0.wp.com\/www.eltrabajo.cl\/portal\/wp-content\/uploads\/2014\/10\/muerto-cancha-san-esteban.jpg?resize=528%2C350\" width=\"528\" height=\"350\" srcset=\"https:\/\/i0.wp.com\/eltrabajo.cl\/portal\/wp-content\/uploads\/2014\/10\/muerto-cancha-san-esteban.jpg?w=528&amp;ssl=1 528w, https:\/\/i0.wp.com\/eltrabajo.cl\/portal\/wp-content\/uploads\/2014\/10\/muerto-cancha-san-esteban.jpg?resize=200%2C132&amp;ssl=1 200w, https:\/\/i0.wp.com\/eltrabajo.cl\/portal\/wp-content\/uploads\/2014\/10\/muerto-cancha-san-esteban.jpg?resize=300%2C198&amp;ssl=1 300w, https:\/\/i0.wp.com\/eltrabajo.cl\/portal\/wp-content\/uploads\/2014\/10\/muerto-cancha-san-esteban.jpg?resize=150%2C99&amp;ssl=1 150w, https:\/\/i0.wp.com\/eltrabajo.cl\/portal\/wp-content\/uploads\/2014\/10\/muerto-cancha-san-esteban.jpg?resize=400%2C265&amp;ssl=1 400w\" sizes=\"auto, (max-width: 528px) 100vw, 528px\" \/><\/a><figcaption id=\"caption-attachment-51942\" class=\"wp-caption-text\">En el interior de esta camioneta permanece el cuerpo sin vida del malogrado vecino Juan Francisco Osorio Anjar\u00ed, de 58 a\u00f1os de edad, quien la tarde de ayer falleciera mientra era llevado a urgencia luego de recibir un balazo en el pecho durante un partido de f\u00faltbol que se desarrollaba en la cancha de Independiente de Lo Calvo.<\/figcaption><\/figure>\n<p>Como Juan Francisco Osorio Anjar\u00ed, de 58 a\u00f1os de edad, fue identificada la v\u00edctima fatal de un confuso incidente registrado en la cancha de Independiente de Lo Calvo, donde en el marco de un partido de f\u00fatbol entre los locales y San Esteban se desat\u00f3 una ri\u00f1a de proporciones que culmin\u00f3 con un disparo que cost\u00f3 la vida a Osorio Anjar\u00ed, dejando al menos a dos personas heridas, una de ellas el autor del disparo.<\/p>\n<p>Aunque los hechos no est\u00e1n del todo claros, al cierre de la presente edici\u00f3n se pudo conocer que todo ocurri\u00f3 a eso de las 19,50 horas, cuando al terminar el partido se desat\u00f3 una violenta discusi\u00f3n entre dos hinchas, discusi\u00f3n que termin\u00f3 abruptamente cuando el homicida sac\u00f3 de entre sus ropas un rev\u00f3lver aparentemente con el cual propin\u00f3 a Juan Francisco Osorio un certero impacto de bala en el pecho, aunque algunas versiones extraoficiales hablan de una escopeta hechiza.<\/p>\n<p>Osorio Anjar\u00ed falleci\u00f3 a bordo de una camioneta tres cuartos cuando era trasladado por algunos amigos que lo subieron al veh\u00edculo con el \u00e1nimo de llevarlo hasta el servicio de urgencia de San Felipe. Paralelamente, el autor del disparo fue golpeado ferozmente por los dem\u00e1s asistentes, resultando con heridas de consideraci\u00f3n.<\/p>\n<p>El homicida fue derivado hasta el hospital San Camilo de San Felipe para evaluar sus lesiones, mientras que Carabineros y la Brigada de Homicidios de la PDI se hicieron presentes en el lugar a fin de realizar las diligencias de rigor.<\/p>\n","protected":false},"excerpt":{"rendered":"<p>Como Juan Francisco Osorio Anjar\u00ed, de 58 a\u00f1os de edad, fue identificada la v\u00edctima fatal de un confuso incidente registrado en la cancha de Independiente de Lo Calvo, donde en el marco&#8230;<\/p>\n","protected":false},"author":482,"featured_media":51942,"comment_status":"open","ping_status":"closed","sticky":false,"template":"","format":"standard","meta":{"advanced_seo_description":"","jetpack_seo_html_title":"","jetpack_seo_noindex":false,"_jetpack_memberships_contains_paid_content":false,"footnotes":""},"categories":[21],"tags":[],"class_list":["post-51941","post","type-post","status-publish","format-standard","has-post-thumbnail","hentry","category-policial"],"jetpack_featured_media_url":"https:\/\/i0.wp.com\/eltrabajo.cl\/portal\/wp-content\/uploads\/2014\/10\/muerto-cancha-san-esteban.jpg?fit=528%2C350&ssl=1","jetpack_sharing_enabled":true,"jetpack_likes_enabled":true,"jetpack-related-posts":[],"_links":{"self":[{"href":"https:\/\/eltrabajo.cl\/portal\/wp-json\/wp\/v2\/posts\/51941","targetHints":{"allow":["GET"]}}],"collection":[{"href":"https:\/\/eltrabajo.cl\/portal\/wp-json\/wp\/v2\/posts"}],"about":[{"href":"https:\/\/eltrabajo.cl\/portal\/wp-json\/wp\/v2\/types\/post"}],"author":[{"embeddable":true,"href":"https:\/\/eltrabajo.cl\/portal\/wp-json\/wp\/v2\/users\/482"}],"replies":[{"embeddable":true,"href":"https:\/\/eltrabajo.cl\/portal\/wp-json\/wp\/v2\/comments?post=51941"}],"version-history":[{"count":0,"href":"https:\/\/eltrabajo.cl\/portal\/wp-json\/wp\/v2\/posts\/51941\/revisions"}],"wp:featuredmedia":[{"embeddable":true,"href":"https:\/\/eltrabajo.cl\/portal\/wp-json\/wp\/v2\/media\/51942"}],"wp:attachment":[{"href":"https:\/\/eltrabajo.cl\/portal\/wp-json\/wp\/v2\/media?parent=51941"}],"wp:term":[{"taxonomy":"category","embeddable":true,"href":"https:\/\/eltrabajo.cl\/portal\/wp-json\/wp\/v2\/categories?post=51941"},{"taxonomy":"post_tag","embeddable":true,"href":"https:\/\/eltrabajo.cl\/portal\/wp-json\/wp\/v2\/tags?post=51941"}],"curies":[{"name":"wp","href":"https:\/\/api.w.org\/{rel}","templated":true}]}}