{"id":51946,"date":"2014-10-06T09:15:17","date_gmt":"2014-10-06T12:15:17","guid":{"rendered":"http:\/\/www.eltrabajo.cl\/portal\/?p=51946"},"modified":"2014-10-06T09:15:17","modified_gmt":"2014-10-06T12:15:17","slug":"en-plena-calle-enfermo-sexual-casi-viola-a-jovencita-de-16-anos","status":"publish","type":"post","link":"https:\/\/eltrabajo.cl\/portal\/en-plena-calle-enfermo-sexual-casi-viola-a-jovencita-de-16-anos\/","title":{"rendered":"En plena calle enfermo sexual casi viola a jovencita de 16 a\u00f1os"},"content":{"rendered":"<figure id=\"attachment_51947\" aria-describedby=\"caption-attachment-51947\" style=\"width: 317px\" class=\"wp-caption alignleft\"><a href=\"https:\/\/i0.wp.com\/www.eltrabajo.cl\/portal\/wp-content\/uploads\/2014\/10\/Imputado-abusador1.jpg\"><img data-recalc-dims=\"1\" loading=\"lazy\" decoding=\"async\" class=\" wp-image-51947 \" alt=\"El imputado Antonio Jes\u00fas Fernandini Rojas, indigente, fue acusado de Abuso Sexual en contra de una escolar de 16 a\u00f1os de edad.\" src=\"https:\/\/i0.wp.com\/www.eltrabajo.cl\/portal\/wp-content\/uploads\/2014\/10\/Imputado-abusador1.jpg?resize=317%2C240\" width=\"317\" height=\"240\" srcset=\"https:\/\/i0.wp.com\/eltrabajo.cl\/portal\/wp-content\/uploads\/2014\/10\/Imputado-abusador1.jpg?w=528&amp;ssl=1 528w, https:\/\/i0.wp.com\/eltrabajo.cl\/portal\/wp-content\/uploads\/2014\/10\/Imputado-abusador1.jpg?resize=198%2C150&amp;ssl=1 198w, https:\/\/i0.wp.com\/eltrabajo.cl\/portal\/wp-content\/uploads\/2014\/10\/Imputado-abusador1.jpg?resize=300%2C227&amp;ssl=1 300w, https:\/\/i0.wp.com\/eltrabajo.cl\/portal\/wp-content\/uploads\/2014\/10\/Imputado-abusador1.jpg?resize=150%2C113&amp;ssl=1 150w, https:\/\/i0.wp.com\/eltrabajo.cl\/portal\/wp-content\/uploads\/2014\/10\/Imputado-abusador1.jpg?resize=400%2C303&amp;ssl=1 400w\" sizes=\"auto, (max-width: 317px) 100vw, 317px\" \/><\/a><figcaption id=\"caption-attachment-51947\" class=\"wp-caption-text\">El imputado Antonio Jes\u00fas Fernandini Rojas, indigente, fue acusado de Abuso Sexual en contra de una escolar de 16 a\u00f1os de edad.<\/figcaption><\/figure>\n<p>Mientras esperaba reunirse con su madre en las afueras del Liceo Corina Urbina de San Felipe, una escolar de 16 a\u00f1os de edad fue atacada por un sujeto, quien mediante el uso de la fuerza y amenazas con un fierro, abus\u00f3 sexualmente de ella en un pasaje cercano a calle Los Paltos de la comuna de San Felipe.<\/p>\n<p>El atentado a la v\u00edctima ocurri\u00f3 el pasado jueves en horas de la noche, cuando en forma repentina fue abordada por un indigente, quien comenz\u00f3 a hablarle a la adolescente, invit\u00e1ndola a salir, haci\u00e9ndole saber que era su admirador y que conoc\u00eda todos sus movimientos rutinarios.<\/p>\n<p>La menor, al verse acosada por los relatos de este desconocido, comenz\u00f3 a caminar por calle Los Paltos para esquivar al sujeto, quien segu\u00eda su camino dici\u00e9ndole improperios de connotaci\u00f3n sexual. Trascurridos algunos segundos, el hombre, al verse ignorado por la muchacha, se abalanz\u00f3 sobre ella y la tom\u00f3 de un brazo para amenazarla con un fierro al cuello, y de esta forma la oblig\u00f3 a movilizarse junto a \u00e9l hasta un pasaje donde procedi\u00f3 a abusar sexualmente de ella.<\/p>\n<p>Afortunadamente hasta ese lugar lleg\u00f3 la madre de la menor, quien observ\u00f3 que su hija estaba siendo atacada por este individuo. Desesperada pidi\u00f3 auxilio a un transe\u00fante, quienes increparon al abusador, \u00e9ste huy\u00f3 en direcci\u00f3n desconocida, logrando ser detenido posteriormente por Carabineros que concurrieron hasta el sitio del suceso y tras patrullajes por el sector lograron individualizarlo, siendo aprehendido en forma inmediata.<\/p>\n<p>La menor, en tanto, debi\u00f3 ser trasladada hasta el Servicio de Urgencias del Hospital San Camilo de San Felipe, siendo diagnosticada con policontusiones de car\u00e1cter leve.<\/p>\n<p>Por su parte el detenido fue identificado como Antonio Jes\u00fas Fernandini Rojas, indigente de 50 a\u00f1os de edad, quien fue derivado hasta el Juzgado de Garant\u00eda de San Felipe para ser formalizado por el Fiscal Andr\u00e9s Gallardo por el delito de Abuso Sexual con fuerza e intimidaci\u00f3n, requiriendo ante la Magistrado Roc\u00edo Oscariz Collarte la m\u00e1xima cautelar de Prisi\u00f3n Preventiva, por representar un peligro para la v\u00edctima y el resto de la sociedad.<\/p>\n<p>El representante del Ministerio P\u00fablico hizo menci\u00f3n durante la audiencia que el imputado mantiene antecedentes por condenas de Robo por sorpresa; Lesiones; Hurto simple y Robo en lugar habitado.<\/p>\n<p><strong>OTRAS CAUSAS<\/strong><\/p>\n<p>Adem\u00e1s, mantiene causas vigentes ya formalizadas por Lesiones menos graves por un hecho ocurrido en v\u00edsperas de las pasadas Fiestas Patrias, donde se le acusa de haber golpeado en la cabeza con un fierro a otro indigente tras una ri\u00f1a motivada por el exceso de alcohol en una vivienda utilizada clandestinamente en calle San Mart\u00edn que actualmente fue clausurada tras las denuncias de los vecinos.<\/p>\n<p>Asimismo, el imputado fue detenido dos d\u00edas posteriores a este hecho por su posible participaci\u00f3n en el robo de diversas especies en Jard\u00edn Infantil El Peneca, de calle San Mart\u00edn, cuyo delito fue frustrado gracias a la intervenci\u00f3n de algunos carabineros, quienes lo sorprendieron al interior de manera flagrante.<\/p>\n<p>Independientemente a estos antecedentes mencionados, la Jueza de Garant\u00eda instruy\u00f3 la internaci\u00f3n del acusado hasta el Centro de Cumplimiento Penitenciario de Los Andes, para que cumpla la cautelar de Prisi\u00f3n Preventiva por el plazo de los 90 d\u00edas fijados para la investigaci\u00f3n del Ministerio P\u00fablico.<\/p>\n<p>Pablo Salinas Sald\u00edas<\/p>\n","protected":false},"excerpt":{"rendered":"<p>Mientras esperaba reunirse con su madre en las afueras del Liceo Corina Urbina de San Felipe, una escolar de 16 a\u00f1os de edad fue atacada por un sujeto, quien mediante el uso&#8230;<\/p>\n","protected":false},"author":482,"featured_media":51947,"comment_status":"open","ping_status":"closed","sticky":false,"template":"","format":"standard","meta":{"advanced_seo_description":"","jetpack_seo_html_title":"","jetpack_seo_noindex":false,"_jetpack_memberships_contains_paid_content":false,"footnotes":""},"categories":[21],"tags":[],"class_list":["post-51946","post","type-post","status-publish","format-standard","has-post-thumbnail","hentry","category-policial"],"jetpack_featured_media_url":"https:\/\/i0.wp.com\/eltrabajo.cl\/portal\/wp-content\/uploads\/2014\/10\/Imputado-abusador1.jpg?fit=528%2C400&ssl=1","jetpack_sharing_enabled":true,"jetpack_likes_enabled":true,"jetpack-related-posts":[],"_links":{"self":[{"href":"https:\/\/eltrabajo.cl\/portal\/wp-json\/wp\/v2\/posts\/51946","targetHints":{"allow":["GET"]}}],"collection":[{"href":"https:\/\/eltrabajo.cl\/portal\/wp-json\/wp\/v2\/posts"}],"about":[{"href":"https:\/\/eltrabajo.cl\/portal\/wp-json\/wp\/v2\/types\/post"}],"author":[{"embeddable":true,"href":"https:\/\/eltrabajo.cl\/portal\/wp-json\/wp\/v2\/users\/482"}],"replies":[{"embeddable":true,"href":"https:\/\/eltrabajo.cl\/portal\/wp-json\/wp\/v2\/comments?post=51946"}],"version-history":[{"count":0,"href":"https:\/\/eltrabajo.cl\/portal\/wp-json\/wp\/v2\/posts\/51946\/revisions"}],"wp:featuredmedia":[{"embeddable":true,"href":"https:\/\/eltrabajo.cl\/portal\/wp-json\/wp\/v2\/media\/51947"}],"wp:attachment":[{"href":"https:\/\/eltrabajo.cl\/portal\/wp-json\/wp\/v2\/media?parent=51946"}],"wp:term":[{"taxonomy":"category","embeddable":true,"href":"https:\/\/eltrabajo.cl\/portal\/wp-json\/wp\/v2\/categories?post=51946"},{"taxonomy":"post_tag","embeddable":true,"href":"https:\/\/eltrabajo.cl\/portal\/wp-json\/wp\/v2\/tags?post=51946"}],"curies":[{"name":"wp","href":"https:\/\/api.w.org\/{rel}","templated":true}]}}