{"id":51950,"date":"2014-10-06T09:17:19","date_gmt":"2014-10-06T12:17:19","guid":{"rendered":"http:\/\/www.eltrabajo.cl\/portal\/?p=51950"},"modified":"2014-10-06T09:17:19","modified_gmt":"2014-10-06T12:17:19","slug":"hondo-pesar-provoca-muerte-de-conocido-empresario-roberto-barraza","status":"publish","type":"post","link":"https:\/\/eltrabajo.cl\/portal\/hondo-pesar-provoca-muerte-de-conocido-empresario-roberto-barraza\/","title":{"rendered":"Hondo pesar provoca muerte de conocido empresario Roberto Barraza"},"content":{"rendered":"<figure id=\"attachment_51951\" aria-describedby=\"caption-attachment-51951\" style=\"width: 317px\" class=\"wp-caption alignleft\"><a href=\"https:\/\/i0.wp.com\/www.eltrabajo.cl\/portal\/wp-content\/uploads\/2014\/10\/roberto-barraza.jpg\"><img data-recalc-dims=\"1\" loading=\"lazy\" decoding=\"async\" class=\" wp-image-51951 \" alt=\"Roberto Barraza, el hombre tras Indumac, empresa que en 1998 recibi\u00f3 el Premio Nacional a la Calidad, Categor\u00eda PyME.\" src=\"https:\/\/i0.wp.com\/www.eltrabajo.cl\/portal\/wp-content\/uploads\/2014\/10\/roberto-barraza.jpg?resize=317%2C217\" width=\"317\" height=\"217\" srcset=\"https:\/\/i0.wp.com\/eltrabajo.cl\/portal\/wp-content\/uploads\/2014\/10\/roberto-barraza.jpg?w=529&amp;ssl=1 529w, https:\/\/i0.wp.com\/eltrabajo.cl\/portal\/wp-content\/uploads\/2014\/10\/roberto-barraza.jpg?resize=200%2C136&amp;ssl=1 200w, https:\/\/i0.wp.com\/eltrabajo.cl\/portal\/wp-content\/uploads\/2014\/10\/roberto-barraza.jpg?resize=300%2C204&amp;ssl=1 300w, https:\/\/i0.wp.com\/eltrabajo.cl\/portal\/wp-content\/uploads\/2014\/10\/roberto-barraza.jpg?resize=150%2C102&amp;ssl=1 150w, https:\/\/i0.wp.com\/eltrabajo.cl\/portal\/wp-content\/uploads\/2014\/10\/roberto-barraza.jpg?resize=400%2C272&amp;ssl=1 400w\" sizes=\"auto, (max-width: 317px) 100vw, 317px\" \/><\/a><figcaption id=\"caption-attachment-51951\" class=\"wp-caption-text\">Roberto Barraza, el hombre tras Indumac, empresa que en 1998 recibi\u00f3 el Premio Nacional a la Calidad, Categor\u00eda PyME.<\/figcaption><\/figure>\n<p>A la edad de 69 a\u00f1os, en la Cl\u00ednica Alemana en Santiago, producto de una falla multiorg\u00e1nica falleci\u00f3 el destacado empresario e Hijo Ilustre de San Felipe, Roberto Barraza Moreno, propietario de Indumac y uno de los prohombres m\u00e1s destacados de todo el Valle de Aconcagua. Su deceso ha provocado bastante conmoci\u00f3n en la comunidad por el car\u00e1cter de Hombre Bueno que siempre tuvo en vida.<\/p>\n<p>Su deceso se registr\u00f3 alrededor de las ocho de la ma\u00f1ana de este s\u00e1bado, debido al complejo estado de salud por el que ven\u00eda atravesando en el \u00faltimo tiempo, estando internado desde el \u00faltimo mi\u00e9rcoles de septiembre en la Cl\u00ednica Alemana, establecimiento en el cual ya hab\u00eda estado poco antes para ser intervenido por una dolencia menor. Su deceso fue una verdadera sorpresa para muchos de sus amigos y conocidos.<\/p>\n<figure id=\"attachment_51952\" aria-describedby=\"caption-attachment-51952\" style=\"width: 317px\" class=\"wp-caption alignright\"><a href=\"https:\/\/i0.wp.com\/www.eltrabajo.cl\/portal\/wp-content\/uploads\/2014\/10\/roberto-barraza-sergio-jara.jpg\"><img data-recalc-dims=\"1\" loading=\"lazy\" decoding=\"async\" class=\" wp-image-51952 \" alt=\"En una de sus fotos m\u00e1s reciente junto a Sergio Jara celebrando el haber pasado agosto.\" src=\"https:\/\/i0.wp.com\/www.eltrabajo.cl\/portal\/wp-content\/uploads\/2014\/10\/roberto-barraza-sergio-jara.jpg?resize=317%2C280\" width=\"317\" height=\"280\" srcset=\"https:\/\/i0.wp.com\/eltrabajo.cl\/portal\/wp-content\/uploads\/2014\/10\/roberto-barraza-sergio-jara.jpg?w=529&amp;ssl=1 529w, https:\/\/i0.wp.com\/eltrabajo.cl\/portal\/wp-content\/uploads\/2014\/10\/roberto-barraza-sergio-jara.jpg?resize=170%2C150&amp;ssl=1 170w, https:\/\/i0.wp.com\/eltrabajo.cl\/portal\/wp-content\/uploads\/2014\/10\/roberto-barraza-sergio-jara.jpg?resize=300%2C264&amp;ssl=1 300w, https:\/\/i0.wp.com\/eltrabajo.cl\/portal\/wp-content\/uploads\/2014\/10\/roberto-barraza-sergio-jara.jpg?resize=150%2C132&amp;ssl=1 150w, https:\/\/i0.wp.com\/eltrabajo.cl\/portal\/wp-content\/uploads\/2014\/10\/roberto-barraza-sergio-jara.jpg?resize=400%2C352&amp;ssl=1 400w\" sizes=\"auto, (max-width: 317px) 100vw, 317px\" \/><\/a><figcaption id=\"caption-attachment-51952\" class=\"wp-caption-text\">En una de sus fotos m\u00e1s reciente junto a Sergio Jara celebrando el haber pasado agosto.<\/figcaption><\/figure>\n<p>El \u00faltimo tiempo Roberto Barraza hab\u00eda estado trabajando entusiastamente en la preparaci\u00f3n de las actividades de celebraci\u00f3n de los 75 a\u00f1os de Indumac, prestigiada empresa sanfelipe\u00f1a que ha logrado destacar no solo a nivel local y nacional, sino tambi\u00e9n en Centro Am\u00e9rica, donde Roberto Barraza hab\u00eda logrado ser reconocido por la calidad de sus muebles.<\/p>\n<p><strong>DESTACADA TRAYECTORIA<\/strong><\/p>\n<p>Roberto Barraza naci\u00f3 el 18 de junio de 1945. Sus estudios los realiz\u00f3 en el Liceo de Hombres de San Felipe. En vida se destac\u00f3 por ser un l\u00edder y visionario hombre de negocios, logrando posicionar la Industria Metal\u00fargica Aconcagua, Indumac, a nivel nacional e internacional. Muestra de ello es que en 1998 recibi\u00f3 el Premio Nacional a la Calidad, Categor\u00eda PyME, siendo la primera empresa de este tama\u00f1o en obtenerlo en Chile.<\/p>\n<p>Un estudio acerca de la situaci\u00f3n de la Responsabilidad Social en la PyME en Latinoam\u00e9rica, efectuado por FUNDES y el BID en el a\u00f1o 2005, seleccion\u00f3 a INDUMAC como an\u00e1lisis del \u2018caso chileno\u2019 en Responsabilidad Social Empresarial.<\/p>\n<p>Sin temor a equivocarse, se puede asegurar que en al menos la mitad de las escuelas y colegios del pa\u00eds existe un mueble de su empresa, al igual que en las oficinas, empresas y casas de los aconcag\u00fcinos debe haber sin duda tambi\u00e9n una silla o mesa fabricada por la empresa Indumac.<\/p>\n<p>Roberto Barraza participaba de diversas organizaciones de bien social en todo el Valle de Aconcagua, tanto como Director de la Fundaci\u00f3n Santa Teresa de los Andes, como Director y Socio Fundador del Colegio Curim\u00f3n; Director del Ciem Aconcagua; Director del Liceo Industrial; Director de Fiancop; miembro del Consejo Econ\u00f3mico del Obispado; Rotario; Presidente del Club San Felipe en los \u00faltimos 7 a\u00f1os, gesti\u00f3n durante la cual volvi\u00f3 a abrir sus puertas, logrando reactivarlo con exposiciones y actividades culturales. Fue adem\u00e1s Director de los ex alumnos del Liceo de Hombres; socio fundador de \u2018Los que Pasaron Agosto\u2019; socio fundador del Club de Tobi, entre muchas otras, destacando en el mundo empresarial y llegando a formar parte del Directorio del desaparecido Banco del Desarrollo.<\/p>\n<p>Su fraternidad y responsabilidad social empresarial era algo que tambi\u00e9n lo caracteriz\u00f3, no debe haber habido bingo o rifa de organizaci\u00f3n social en que Roberto no don\u00f3 un premio, se ocup\u00f3 y preocup\u00f3 de sus trabajadores, con los que siempre mantuvo una relaci\u00f3n cordial y de cari\u00f1o, cercan\u00eda con ellos.<\/p>\n<p>Roberto fue un embajador de San Felipe en nuestro pa\u00eds, su participaci\u00f3n en directorios de banco y otras entidades, llev\u00f3 a que el nombre de San Felipe se hiciera sentir y escuchar ante los m\u00e1ximos l\u00edderes empresariales de nuestro pa\u00eds, experiencia que era respetada por las autoridades pol\u00edticas de Aconcagua, de manera transversal.<\/p>\n<p>Este gran y querido safelipe\u00f1o deja a Eliana Hern\u00e1ndez y su hija Eliana Barraza.<\/p>\n<p>Sus restos estaban siendo velados en la Parroquia La Merced de San Felipe, desde donde hoy a eso de las 10 de la ma\u00f1ana ser\u00e1n trasladados hasta la parroquia de Andacollo, donde se continuar\u00e1 con su velatorio hasta las 15 horas, momento en el cual se dar\u00e1 inicio a una misa por su eterno descanso y posterior funeral en el Cementerio Municipal de Almendral.<\/p>\n<p>&nbsp;<\/p>\n","protected":false},"excerpt":{"rendered":"<p>A la edad de 69 a\u00f1os, en la Cl\u00ednica Alemana en Santiago, producto de una falla multiorg\u00e1nica falleci\u00f3 el destacado empresario e Hijo Ilustre de San Felipe, Roberto Barraza Moreno, propietario de&#8230;<\/p>\n","protected":false},"author":482,"featured_media":51951,"comment_status":"open","ping_status":"closed","sticky":false,"template":"","format":"standard","meta":{"advanced_seo_description":"","jetpack_seo_html_title":"","jetpack_seo_noindex":false,"_jetpack_memberships_contains_paid_content":false,"footnotes":""},"categories":[15],"tags":[],"class_list":["post-51950","post","type-post","status-publish","format-standard","has-post-thumbnail","hentry","category-comunidad"],"jetpack_featured_media_url":"https:\/\/i0.wp.com\/eltrabajo.cl\/portal\/wp-content\/uploads\/2014\/10\/roberto-barraza.jpg?fit=529%2C361&ssl=1","jetpack_sharing_enabled":true,"jetpack_likes_enabled":true,"jetpack-related-posts":[],"_links":{"self":[{"href":"https:\/\/eltrabajo.cl\/portal\/wp-json\/wp\/v2\/posts\/51950","targetHints":{"allow":["GET"]}}],"collection":[{"href":"https:\/\/eltrabajo.cl\/portal\/wp-json\/wp\/v2\/posts"}],"about":[{"href":"https:\/\/eltrabajo.cl\/portal\/wp-json\/wp\/v2\/types\/post"}],"author":[{"embeddable":true,"href":"https:\/\/eltrabajo.cl\/portal\/wp-json\/wp\/v2\/users\/482"}],"replies":[{"embeddable":true,"href":"https:\/\/eltrabajo.cl\/portal\/wp-json\/wp\/v2\/comments?post=51950"}],"version-history":[{"count":0,"href":"https:\/\/eltrabajo.cl\/portal\/wp-json\/wp\/v2\/posts\/51950\/revisions"}],"wp:featuredmedia":[{"embeddable":true,"href":"https:\/\/eltrabajo.cl\/portal\/wp-json\/wp\/v2\/media\/51951"}],"wp:attachment":[{"href":"https:\/\/eltrabajo.cl\/portal\/wp-json\/wp\/v2\/media?parent=51950"}],"wp:term":[{"taxonomy":"category","embeddable":true,"href":"https:\/\/eltrabajo.cl\/portal\/wp-json\/wp\/v2\/categories?post=51950"},{"taxonomy":"post_tag","embeddable":true,"href":"https:\/\/eltrabajo.cl\/portal\/wp-json\/wp\/v2\/tags?post=51950"}],"curies":[{"name":"wp","href":"https:\/\/api.w.org\/{rel}","templated":true}]}}