{"id":51970,"date":"2014-10-07T09:27:42","date_gmt":"2014-10-07T12:27:42","guid":{"rendered":"http:\/\/www.eltrabajo.cl\/portal\/?p=51970"},"modified":"2014-10-07T09:27:42","modified_gmt":"2014-10-07T12:27:42","slug":"obra-el-capote-se-presento-a-tablero-vuelto-en-el-municipal","status":"publish","type":"post","link":"https:\/\/eltrabajo.cl\/portal\/obra-el-capote-se-presento-a-tablero-vuelto-en-el-municipal\/","title":{"rendered":"Obra El Capote se present\u00f3 a tablero vuelto en el Municipal"},"content":{"rendered":"<figure id=\"attachment_51971\" aria-describedby=\"caption-attachment-51971\" style=\"width: 529px\" class=\"wp-caption alignnone\"><a href=\"https:\/\/i0.wp.com\/www.eltrabajo.cl\/portal\/wp-content\/uploads\/2014\/10\/Capote1.jpg\"><img data-recalc-dims=\"1\" loading=\"lazy\" decoding=\"async\" class=\"size-full wp-image-51971\" alt=\"Gracias a la alianza entre el municipio y la Fundaci\u00f3n Teatro a Mil, nuevamente se present\u00f3 un espect\u00e1culo de enorme calidad, que ha sido aplaudido en todo Chile y en el extranjero.\" src=\"https:\/\/i0.wp.com\/www.eltrabajo.cl\/portal\/wp-content\/uploads\/2014\/10\/Capote1.jpg?resize=529%2C305\" width=\"529\" height=\"305\" srcset=\"https:\/\/i0.wp.com\/eltrabajo.cl\/portal\/wp-content\/uploads\/2014\/10\/Capote1.jpg?w=529&amp;ssl=1 529w, https:\/\/i0.wp.com\/eltrabajo.cl\/portal\/wp-content\/uploads\/2014\/10\/Capote1.jpg?resize=200%2C115&amp;ssl=1 200w, https:\/\/i0.wp.com\/eltrabajo.cl\/portal\/wp-content\/uploads\/2014\/10\/Capote1.jpg?resize=300%2C172&amp;ssl=1 300w, https:\/\/i0.wp.com\/eltrabajo.cl\/portal\/wp-content\/uploads\/2014\/10\/Capote1.jpg?resize=150%2C86&amp;ssl=1 150w, https:\/\/i0.wp.com\/eltrabajo.cl\/portal\/wp-content\/uploads\/2014\/10\/Capote1.jpg?resize=400%2C230&amp;ssl=1 400w\" sizes=\"auto, (max-width: 529px) 100vw, 529px\" \/><\/a><figcaption id=\"caption-attachment-51971\" class=\"wp-caption-text\">Gracias a la alianza entre el municipio y la Fundaci\u00f3n Teatro a Mil, nuevamente se present\u00f3 un espect\u00e1culo de enorme calidad, que ha sido aplaudido en todo Chile y en el extranjero.<\/figcaption><\/figure>\n<p>A tablero vuelto se present\u00f3 la tarde del s\u00e1bado en el municipal sanfelipe\u00f1o, en dos funciones y de manera gratuita, la obra \u201cEl Capote\u201d, de la compa\u00f1\u00eda \u201cTeatro\u201d, montaje que emocion\u00f3 a los asistentes, que se mostraron felices por tener en la comuna, presentaciones teatrales de gran calidad. Basado en el cuento hom\u00f3nimo de Nicol\u00e1s Gogol, la obra El Capote presenta a uno de los personajes m\u00e1s conmovedores de la literatura en el teatro: Akakiy Akakievich. \u00c9l es un hombre sencillo y apocado que jam\u00e1s ha aspirado a m\u00e1s de lo poco que tiene.<\/p>\n<p>As\u00ed, ni\u00f1os y adultos pudieron disfrutar de esta obra, que lleg\u00f3 a San Felipe gracias a las gestiones de la municipalidad con la Fundaci\u00f3n Teatro a Mil, cuya directora ejecutiva Carmen Romero, manifest\u00f3 que \u201cllegar a esta ciudad nos permite contribuir a la descentralizaci\u00f3n geogr\u00e1fica y socioecon\u00f3mica del acceso a la cultura. Queremos revalidar nuestro sue\u00f1o de disminuir la desigualdad que existe a la hora de recibir estos bienes de excelencia, sobre todo a trav\u00e9s del teatro que es una gran forma de provocar el encuentro profundo y sincero, entre las comunidades\u201d.<\/p>\n<p>El encargado del Departamento de Cultura de la municipalidad, Ricardo Ruiz Herrera, se\u00f1al\u00f3 en este sentido que \u201cestamos muy contentos, por la gran convocatoria que tuvo esta obra, pero adem\u00e1s por la reacci\u00f3n del p\u00fablico que pudo verla, m\u00e1s a\u00fan considerando que es un privilegio tener una obra de estas caracter\u00edsticas que ha recorrido todo el mundo y que ha sido reconocida en todo el mundo\u201d.<\/p>\n<p>Se trata de un esfuerzo que realiza la corporaci\u00f3n edilicia sanfelipe\u00f1a por traer el mejor teatro de Chile a San Felipe, con presentaciones que son gratuitas y de primer nivel. Los asistentes a la obra valoraron en este plano la iniciativa, pero adem\u00e1s, agradecieron la posibilidad de tener en la comuna y con entrada liberada, una obra tan emotiva y de una enorme calidad actoral y esc\u00e9nica.<\/p>\n<p>Julio Araya, vecino sanfelipe\u00f1o que asisti\u00f3 a la obra, se\u00f1al\u00f3 que \u201chace tiempo que hemos visto cosas nuevas en San Felipe, lo que me parece muy bueno e innovador, y le hace bien a la comuna, porque tener Teatro a Mil es un enorme orgullo y le doy gracias al concejo municipal y al alcalde Patricio Freire por esta iniciativa\u201d.<\/p>\n<p>Kathy Galaz destac\u00f3 la puesta en escena y el tenor de la obra, se\u00f1alando que \u201cme fije en los detalles, en todo el despliegue y es en realidad una obra muy bonita, muy emocionante, se nota que el Departamento de Cultura est\u00e1 haciendo un trabajo pensado en la gente\u201d.<\/p>\n<p>El encargado de cultura de la municipalidad de San Felipe, manifest\u00f3 que se mantiene el convenio con Fitam, por lo que durante el verano la ciudad ser\u00e1 parte del circuito de Santiago a Mil y por lo tanto, los sanfelipe\u00f1os y aconcag\u00fcinos en general tendr\u00e1n la oportunidad de ver teatro de calidad y de manera gratuita.<\/p>\n<p>&nbsp;<\/p>\n","protected":false},"excerpt":{"rendered":"<p>A tablero vuelto se present\u00f3 la tarde del s\u00e1bado en el municipal sanfelipe\u00f1o, en dos funciones y de manera gratuita, la obra \u201cEl Capote\u201d, de la compa\u00f1\u00eda \u201cTeatro\u201d, montaje que emocion\u00f3 a&#8230;<\/p>\n","protected":false},"author":482,"featured_media":51971,"comment_status":"open","ping_status":"closed","sticky":false,"template":"","format":"standard","meta":{"advanced_seo_description":"","jetpack_seo_html_title":"","jetpack_seo_noindex":false,"_jetpack_memberships_contains_paid_content":false,"footnotes":""},"categories":[15],"tags":[],"class_list":["post-51970","post","type-post","status-publish","format-standard","has-post-thumbnail","hentry","category-comunidad"],"jetpack_featured_media_url":"https:\/\/i0.wp.com\/eltrabajo.cl\/portal\/wp-content\/uploads\/2014\/10\/Capote1.jpg?fit=529%2C305&ssl=1","jetpack_sharing_enabled":true,"jetpack_likes_enabled":true,"jetpack-related-posts":[],"_links":{"self":[{"href":"https:\/\/eltrabajo.cl\/portal\/wp-json\/wp\/v2\/posts\/51970","targetHints":{"allow":["GET"]}}],"collection":[{"href":"https:\/\/eltrabajo.cl\/portal\/wp-json\/wp\/v2\/posts"}],"about":[{"href":"https:\/\/eltrabajo.cl\/portal\/wp-json\/wp\/v2\/types\/post"}],"author":[{"embeddable":true,"href":"https:\/\/eltrabajo.cl\/portal\/wp-json\/wp\/v2\/users\/482"}],"replies":[{"embeddable":true,"href":"https:\/\/eltrabajo.cl\/portal\/wp-json\/wp\/v2\/comments?post=51970"}],"version-history":[{"count":0,"href":"https:\/\/eltrabajo.cl\/portal\/wp-json\/wp\/v2\/posts\/51970\/revisions"}],"wp:featuredmedia":[{"embeddable":true,"href":"https:\/\/eltrabajo.cl\/portal\/wp-json\/wp\/v2\/media\/51971"}],"wp:attachment":[{"href":"https:\/\/eltrabajo.cl\/portal\/wp-json\/wp\/v2\/media?parent=51970"}],"wp:term":[{"taxonomy":"category","embeddable":true,"href":"https:\/\/eltrabajo.cl\/portal\/wp-json\/wp\/v2\/categories?post=51970"},{"taxonomy":"post_tag","embeddable":true,"href":"https:\/\/eltrabajo.cl\/portal\/wp-json\/wp\/v2\/tags?post=51970"}],"curies":[{"name":"wp","href":"https:\/\/api.w.org\/{rel}","templated":true}]}}