{"id":51974,"date":"2014-10-07T09:29:33","date_gmt":"2014-10-07T12:29:33","guid":{"rendered":"http:\/\/www.eltrabajo.cl\/portal\/?p=51974"},"modified":"2014-10-07T09:29:33","modified_gmt":"2014-10-07T12:29:33","slug":"no-videntes-invitan-a-sanfelipenos-a-ponerse-en-su-lugar","status":"publish","type":"post","link":"https:\/\/eltrabajo.cl\/portal\/no-videntes-invitan-a-sanfelipenos-a-ponerse-en-su-lugar\/","title":{"rendered":"No videntes invitan a sanfelipe\u00f1os a \u2018ponerse en su lugar\u2019"},"content":{"rendered":"<figure id=\"attachment_51975\" aria-describedby=\"caption-attachment-51975\" style=\"width: 529px\" class=\"wp-caption alignnone\"><a href=\"https:\/\/i0.wp.com\/www.eltrabajo.cl\/portal\/wp-content\/uploads\/2014\/10\/FOTO-2-Pablo-Silva.jpg\"><img data-recalc-dims=\"1\" loading=\"lazy\" decoding=\"async\" class=\"size-full wp-image-51975\" alt=\"El director de Desarrollo Comunitario, acompa\u00f1ado de Mar\u00eda Guti\u00e9rrez, acept\u00f3 el desaf\u00edo, consciente de lo complejo que es para las personas ciegos enfrentar esta discapacidad.\" src=\"https:\/\/i0.wp.com\/www.eltrabajo.cl\/portal\/wp-content\/uploads\/2014\/10\/FOTO-2-Pablo-Silva.jpg?resize=529%2C358\" width=\"529\" height=\"358\" srcset=\"https:\/\/i0.wp.com\/eltrabajo.cl\/portal\/wp-content\/uploads\/2014\/10\/FOTO-2-Pablo-Silva.jpg?w=529&amp;ssl=1 529w, https:\/\/i0.wp.com\/eltrabajo.cl\/portal\/wp-content\/uploads\/2014\/10\/FOTO-2-Pablo-Silva.jpg?resize=200%2C135&amp;ssl=1 200w, https:\/\/i0.wp.com\/eltrabajo.cl\/portal\/wp-content\/uploads\/2014\/10\/FOTO-2-Pablo-Silva.jpg?resize=300%2C203&amp;ssl=1 300w, https:\/\/i0.wp.com\/eltrabajo.cl\/portal\/wp-content\/uploads\/2014\/10\/FOTO-2-Pablo-Silva.jpg?resize=150%2C101&amp;ssl=1 150w, https:\/\/i0.wp.com\/eltrabajo.cl\/portal\/wp-content\/uploads\/2014\/10\/FOTO-2-Pablo-Silva.jpg?resize=400%2C270&amp;ssl=1 400w\" sizes=\"auto, (max-width: 529px) 100vw, 529px\" \/><\/a><figcaption id=\"caption-attachment-51975\" class=\"wp-caption-text\">El director de Desarrollo Comunitario, acompa\u00f1ado de Mar\u00eda Guti\u00e9rrez, acept\u00f3 el desaf\u00edo, consciente de lo complejo que es para las personas ciegos enfrentar esta discapacidad.<\/figcaption><\/figure>\n<p>Con la finalidad de sensibilizar a la comunidad acerca de las dificultades que enfrentan las personas ciegas en el d\u00eda a d\u00eda y que logran sortear con gran esfuerzo, dos sanfelipe\u00f1os no videntes invitaron a vecinos y autoridades a \u2018ponerse en su lugar\u2019 por un instante. As\u00ed, fueron varias las personas \u2013aunque m\u00e1s autoridades que vecinos- quienes se cubrieron la vista con una bufanda y, de la mano de estos no videntes y portando un bast\u00f3n, realizaron un recorrido de algunos metros.<\/p>\n<figure id=\"attachment_51976\" aria-describedby=\"caption-attachment-51976\" style=\"width: 317px\" class=\"wp-caption alignright\"><a href=\"https:\/\/i0.wp.com\/www.eltrabajo.cl\/portal\/wp-content\/uploads\/2014\/10\/FOTO-1-patricio-gonzalez-1.jpg\"><img data-recalc-dims=\"1\" loading=\"lazy\" decoding=\"async\" class=\" wp-image-51976 \" alt=\"El administrador municipal, acompa\u00f1ado de Manuel Gald\u00e1mez, se atrevi\u00f3 a ponerse en el lugar de las personas no videntes.\" src=\"https:\/\/i0.wp.com\/www.eltrabajo.cl\/portal\/wp-content\/uploads\/2014\/10\/FOTO-1-patricio-gonzalez-1.jpg?resize=317%2C472\" width=\"317\" height=\"472\" srcset=\"https:\/\/i0.wp.com\/eltrabajo.cl\/portal\/wp-content\/uploads\/2014\/10\/FOTO-1-patricio-gonzalez-1.jpg?w=529&amp;ssl=1 529w, https:\/\/i0.wp.com\/eltrabajo.cl\/portal\/wp-content\/uploads\/2014\/10\/FOTO-1-patricio-gonzalez-1.jpg?resize=100%2C150&amp;ssl=1 100w, https:\/\/i0.wp.com\/eltrabajo.cl\/portal\/wp-content\/uploads\/2014\/10\/FOTO-1-patricio-gonzalez-1.jpg?resize=201%2C300&amp;ssl=1 201w, https:\/\/i0.wp.com\/eltrabajo.cl\/portal\/wp-content\/uploads\/2014\/10\/FOTO-1-patricio-gonzalez-1.jpg?resize=400%2C594&amp;ssl=1 400w\" sizes=\"auto, (max-width: 317px) 100vw, 317px\" \/><\/a><figcaption id=\"caption-attachment-51976\" class=\"wp-caption-text\">El administrador municipal, acompa\u00f1ado de Manuel Gald\u00e1mez, se atrevi\u00f3 a ponerse en el lugar de las personas no videntes.<\/figcaption><\/figure>\n<p>Se trata de una iniciativa que decidieron realizar Mar\u00eda Guti\u00e9rrez y Manuel Gald\u00e1mez, quienes con el apoyo de la Oficina de la Discapacidad, con la idea de lograr que la comunidad sanfelipe\u00f1a comprenda lo complejo que es el proceso que ellos deben vivir para salir adelante, pero m\u00e1s a\u00fan, para que comprueben tambi\u00e9n la indolencia de muchas personas que se topan con ellos en la calle y no se sensibilizan frente a la discapacidad que tienen.<\/p>\n<p>\u201cNosotros logramos salir adelante, pero no es un proceso f\u00e1cil. Las personas que se ponen en nuestro lugar, logran comprender en parte lo que se vive, logran comprender la importancia que tiene para uno, por ejemplo, el uso de un bast\u00f3n, pero son muy pocos los que se atreven a hacer este ejercicio\u201d, se\u00f1al\u00f3 Mar\u00eda Guti\u00e9rrez.<\/p>\n<p>Manuel Gald\u00e1mez cuenta que para quienes padecen ceguera en el transcurso de su vida, la tarea es dura. En ese sentido, se\u00f1ala que junto a Mar\u00eda se encargan de apoyar a quienes padecen ceguera, ayud\u00e1ndolos en el proceso y ense\u00f1\u00e1ndoles a enfrentar la vida y cosas tan comunes como caminar por la calle, con la ayuda de un bast\u00f3n.<\/p>\n<p>\u201cA nosotros no hubo quien nos ense\u00f1ara, pero nosotros como sabemos lo dif\u00edcil que es, les ense\u00f1amos. El proceso no es tan terrible, uno logra salir adelante. Cuando desafiamos a la gente a hacer este ejercicio, lo que pretendemos es que las personas se pongan en nuestro lugar y que cuando se encuentren con un ciego, entiendan lo que vivimos\u201d, se\u00f1al\u00f3.<\/p>\n<p>Entre las autoridades que se atrevieron a aceptar el desaf\u00edo de ponerse en el lugar de las personas no videntes, figuran el gobernador Eduardo Le\u00f3n, as\u00ed como el administrador municipal, Patricio Gonz\u00e1lez, que incluso realiz\u00f3 el recorrido de ida sin la ayuda del bast\u00f3n y gui\u00e1ndose solo con la ayuda de Manuel Galdames, as\u00ed como el Director de Desarrollo Comunitario Pablo Silva, quien coment\u00f3 que en su \u00e9poca universitaria debi\u00f3 realizar un ejercicio similar, lo que le permiti\u00f3 una mayor sensibilidad frente a la discapacidad que afecta a estos vecinos.<\/p>\n<p>&nbsp;<\/p>\n","protected":false},"excerpt":{"rendered":"<p>Con la finalidad de sensibilizar a la comunidad acerca de las dificultades que enfrentan las personas ciegas en el d\u00eda a d\u00eda y que logran sortear con gran esfuerzo, dos sanfelipe\u00f1os no&#8230;<\/p>\n","protected":false},"author":482,"featured_media":51975,"comment_status":"open","ping_status":"closed","sticky":false,"template":"","format":"standard","meta":{"advanced_seo_description":"","jetpack_seo_html_title":"","jetpack_seo_noindex":false,"_jetpack_memberships_contains_paid_content":false,"footnotes":""},"categories":[15],"tags":[],"class_list":["post-51974","post","type-post","status-publish","format-standard","has-post-thumbnail","hentry","category-comunidad"],"jetpack_featured_media_url":"https:\/\/i0.wp.com\/eltrabajo.cl\/portal\/wp-content\/uploads\/2014\/10\/FOTO-2-Pablo-Silva.jpg?fit=529%2C358&ssl=1","jetpack_sharing_enabled":true,"jetpack_likes_enabled":true,"jetpack-related-posts":[],"_links":{"self":[{"href":"https:\/\/eltrabajo.cl\/portal\/wp-json\/wp\/v2\/posts\/51974","targetHints":{"allow":["GET"]}}],"collection":[{"href":"https:\/\/eltrabajo.cl\/portal\/wp-json\/wp\/v2\/posts"}],"about":[{"href":"https:\/\/eltrabajo.cl\/portal\/wp-json\/wp\/v2\/types\/post"}],"author":[{"embeddable":true,"href":"https:\/\/eltrabajo.cl\/portal\/wp-json\/wp\/v2\/users\/482"}],"replies":[{"embeddable":true,"href":"https:\/\/eltrabajo.cl\/portal\/wp-json\/wp\/v2\/comments?post=51974"}],"version-history":[{"count":0,"href":"https:\/\/eltrabajo.cl\/portal\/wp-json\/wp\/v2\/posts\/51974\/revisions"}],"wp:featuredmedia":[{"embeddable":true,"href":"https:\/\/eltrabajo.cl\/portal\/wp-json\/wp\/v2\/media\/51975"}],"wp:attachment":[{"href":"https:\/\/eltrabajo.cl\/portal\/wp-json\/wp\/v2\/media?parent=51974"}],"wp:term":[{"taxonomy":"category","embeddable":true,"href":"https:\/\/eltrabajo.cl\/portal\/wp-json\/wp\/v2\/categories?post=51974"},{"taxonomy":"post_tag","embeddable":true,"href":"https:\/\/eltrabajo.cl\/portal\/wp-json\/wp\/v2\/tags?post=51974"}],"curies":[{"name":"wp","href":"https:\/\/api.w.org\/{rel}","templated":true}]}}