{"id":51979,"date":"2014-10-07T09:33:06","date_gmt":"2014-10-07T12:33:06","guid":{"rendered":"http:\/\/www.eltrabajo.cl\/portal\/?p=51979"},"modified":"2014-10-07T09:33:06","modified_gmt":"2014-10-07T12:33:06","slug":"colocan-senaletica-y-aumenta-la-seguridad-vial-en-escuelita-rural","status":"publish","type":"post","link":"https:\/\/eltrabajo.cl\/portal\/colocan-senaletica-y-aumenta-la-seguridad-vial-en-escuelita-rural\/","title":{"rendered":"Colocan se\u00f1al\u00e9tica y aumenta la seguridad vial en escuelita rural"},"content":{"rendered":"<figure id=\"attachment_51980\" aria-describedby=\"caption-attachment-51980\" style=\"width: 528px\" class=\"wp-caption alignnone\"><a href=\"https:\/\/i0.wp.com\/www.eltrabajo.cl\/portal\/wp-content\/uploads\/2014\/10\/Trabajadores1.jpg\"><img data-recalc-dims=\"1\" loading=\"lazy\" decoding=\"async\" class=\"size-full wp-image-51980\" alt=\"Estos obreros trabajan duro para cumplir con los plazos fijados para entregar estas obras.\" src=\"https:\/\/i0.wp.com\/www.eltrabajo.cl\/portal\/wp-content\/uploads\/2014\/10\/Trabajadores1.jpg?resize=528%2C348\" width=\"528\" height=\"348\" srcset=\"https:\/\/i0.wp.com\/eltrabajo.cl\/portal\/wp-content\/uploads\/2014\/10\/Trabajadores1.jpg?w=528&amp;ssl=1 528w, https:\/\/i0.wp.com\/eltrabajo.cl\/portal\/wp-content\/uploads\/2014\/10\/Trabajadores1.jpg?resize=200%2C131&amp;ssl=1 200w, https:\/\/i0.wp.com\/eltrabajo.cl\/portal\/wp-content\/uploads\/2014\/10\/Trabajadores1.jpg?resize=300%2C197&amp;ssl=1 300w, https:\/\/i0.wp.com\/eltrabajo.cl\/portal\/wp-content\/uploads\/2014\/10\/Trabajadores1.jpg?resize=150%2C98&amp;ssl=1 150w, https:\/\/i0.wp.com\/eltrabajo.cl\/portal\/wp-content\/uploads\/2014\/10\/Trabajadores1.jpg?resize=400%2C263&amp;ssl=1 400w\" sizes=\"auto, (max-width: 528px) 100vw, 528px\" \/><\/a><figcaption id=\"caption-attachment-51980\" class=\"wp-caption-text\">Estos obreros trabajan duro para cumplir con los plazos fijados para entregar estas obras.<\/figcaption><\/figure>\n<p><strong>SANTA MAR\u00cdA<\/strong>.- Estudiantes, profesores y apoderados de la Escuela Mar\u00eda Esp\u00ednola de San Fernando, as\u00ed como los vecinos de esa poblaci\u00f3n, est\u00e1n m\u00e1s que contentos con la instalaci\u00f3n de se\u00f1al\u00e9tica y recursos de seguridad y prevenci\u00f3n vial en las cercan\u00edas de esa casa de estudios. Las obras las est\u00e1 ejecutando Constructora Guti\u00e9rrez y es un proyecto dentro del marco del Programa Chile mejor, el cual tiene un costo de $145.983.262, inici\u00f3 el 13 de junio y est\u00e1 proyectado que dure unos 150 d\u00edas.<\/p>\n<p>\u00abEs una bendici\u00f3n para todos esta se\u00f1al\u00e9tica, hay reductores de velocidad; luminarias para conductores; indicativos que obligan a que el tr\u00e1nsito vehicular respete por fin que esta es un \u00e1rea escolar, el MOP est\u00e1 desarrollando las obras y es algo que posiblemente salvar\u00e1 muchas vidas\u00bb, coment\u00f3 a Diario El Trabajo Helmut Kauffmann, Director de la Escuela Mar\u00eda Esp\u00ednola.<\/p>\n<div class=\"tiled-gallery type-rectangular tiled-gallery-unresized\" data-original-width=\"640\" data-carousel-extra='null' itemscope itemtype=\"http:\/\/schema.org\/ImageGallery\" > <div class=\"gallery-row\" style=\"width: 640px; height: 286px;\" data-original-width=\"640\" data-original-height=\"286\" > <div class=\"gallery-group images-1\" style=\"width: 216px; height: 286px;\" data-original-width=\"216\" data-original-height=\"286\" > <div class=\"tiled-gallery-item tiled-gallery-item-small\" itemprop=\"associatedMedia\" itemscope itemtype=\"http:\/\/schema.org\/ImageObject\"> <a href=\"https:\/\/eltrabajo.cl\/portal\/colocan-senaletica-y-aumenta-la-seguridad-vial-en-escuelita-rural\/helmut1-2\/\" border=\"0\" itemprop=\"url\"> <meta itemprop=\"width\" content=\"212\"> <meta itemprop=\"height\" content=\"282\"> <img decoding=\"async\" class=\"\" data-attachment-id=\"51981\" data-orig-file=\"https:\/\/eltrabajo.cl\/portal\/wp-content\/uploads\/2014\/10\/Helmut1.jpg\" data-orig-size=\"529,701\" data-comments-opened=\"1\" data-image-meta=\"{&quot;aperture&quot;:&quot;0&quot;,&quot;credit&quot;:&quot;&quot;,&quot;camera&quot;:&quot;&quot;,&quot;caption&quot;:&quot;&quot;,&quot;created_timestamp&quot;:&quot;0&quot;,&quot;copyright&quot;:&quot;&quot;,&quot;focal_length&quot;:&quot;0&quot;,&quot;iso&quot;:&quot;0&quot;,&quot;shutter_speed&quot;:&quot;0&quot;,&quot;title&quot;:&quot;&quot;}\" data-image-title=\"Helmut1\" data-image-description=\"&lt;p&gt;Helmut Kauffmann muestra a las c\u00e1maras de Diario El Trabajo los nuevos y car\u00edsimos recursos de seguridad en beneficio de los ni\u00f1os de su escuela.&lt;\/p&gt; \" data-medium-file=\"https:\/\/i0.wp.com\/eltrabajo.cl\/portal\/wp-content\/uploads\/2014\/10\/Helmut1.jpg?fit=226%2C300&#038;ssl=1\" data-large-file=\"https:\/\/i0.wp.com\/eltrabajo.cl\/portal\/wp-content\/uploads\/2014\/10\/Helmut1.jpg?fit=529%2C701&#038;ssl=1\" src=\"https:\/\/i0.wp.com\/eltrabajo.cl\/portal\/wp-content\/uploads\/2014\/10\/Helmut1.jpg?w=212&#038;h=282&#038;ssl=1\" srcset=\"https:\/\/i0.wp.com\/eltrabajo.cl\/portal\/wp-content\/uploads\/2014\/10\/Helmut1.jpg?w=529&amp;ssl=1 529w, https:\/\/i0.wp.com\/eltrabajo.cl\/portal\/wp-content\/uploads\/2014\/10\/Helmut1.jpg?resize=113%2C150&amp;ssl=1 113w, https:\/\/i0.wp.com\/eltrabajo.cl\/portal\/wp-content\/uploads\/2014\/10\/Helmut1.jpg?resize=226%2C300&amp;ssl=1 226w, https:\/\/i0.wp.com\/eltrabajo.cl\/portal\/wp-content\/uploads\/2014\/10\/Helmut1.jpg?resize=400%2C530&amp;ssl=1 400w\" width=\"212\" height=\"282\" loading=\"lazy\" data-original-width=\"212\" data-original-height=\"282\" itemprop=\"http:\/\/schema.org\/image\" title=\"Helmut1\" alt=\"Helmut Kauffmann muestra a las c\u00e1maras de Diario El Trabajo los nuevos y car\u00edsimos recursos de seguridad en beneficio de los ni\u00f1os de su escuela.\" style=\"width: 212px; height: 282px;\" \/> <\/a> <div class=\"tiled-gallery-caption\" itemprop=\"caption description\"> Helmut Kauffmann muestra a las c\u00e1maras de Diario El Trabajo los nuevos y car\u00edsimos recursos de seguridad en beneficio de los ni\u00f1os de su escuela. <\/div> <\/div> <\/div> <!-- close group --> <div class=\"gallery-group images-1\" style=\"width: 424px; height: 286px;\" data-original-width=\"424\" data-original-height=\"286\" > <div class=\"tiled-gallery-item tiled-gallery-item-large\" itemprop=\"associatedMedia\" itemscope itemtype=\"http:\/\/schema.org\/ImageObject\"> <a href=\"https:\/\/eltrabajo.cl\/portal\/colocan-senaletica-y-aumenta-la-seguridad-vial-en-escuelita-rural\/pareja1-3\/\" border=\"0\" itemprop=\"url\"> <meta itemprop=\"width\" content=\"420\"> <meta itemprop=\"height\" content=\"282\"> <img decoding=\"async\" class=\"\" data-attachment-id=\"51982\" data-orig-file=\"https:\/\/eltrabajo.cl\/portal\/wp-content\/uploads\/2014\/10\/pareja1.jpg\" data-orig-size=\"529,355\" data-comments-opened=\"1\" data-image-meta=\"{&quot;aperture&quot;:&quot;0&quot;,&quot;credit&quot;:&quot;&quot;,&quot;camera&quot;:&quot;&quot;,&quot;caption&quot;:&quot;&quot;,&quot;created_timestamp&quot;:&quot;0&quot;,&quot;copyright&quot;:&quot;&quot;,&quot;focal_length&quot;:&quot;0&quot;,&quot;iso&quot;:&quot;0&quot;,&quot;shutter_speed&quot;:&quot;0&quot;,&quot;title&quot;:&quot;&quot;}\" data-image-title=\"pareja1\" data-image-description=\"&lt;p&gt;Antes esta se\u00f1al\u00e9tica era inexistente en el sector, ahora las cosas cambiar\u00e1n para bien de los estudiantes y vecinos.&lt;\/p&gt; \" data-medium-file=\"https:\/\/i0.wp.com\/eltrabajo.cl\/portal\/wp-content\/uploads\/2014\/10\/pareja1.jpg?fit=300%2C201&#038;ssl=1\" data-large-file=\"https:\/\/i0.wp.com\/eltrabajo.cl\/portal\/wp-content\/uploads\/2014\/10\/pareja1.jpg?fit=529%2C355&#038;ssl=1\" src=\"https:\/\/i0.wp.com\/eltrabajo.cl\/portal\/wp-content\/uploads\/2014\/10\/pareja1.jpg?w=420&#038;h=282&#038;ssl=1\" srcset=\"https:\/\/i0.wp.com\/eltrabajo.cl\/portal\/wp-content\/uploads\/2014\/10\/pareja1.jpg?w=529&amp;ssl=1 529w, https:\/\/i0.wp.com\/eltrabajo.cl\/portal\/wp-content\/uploads\/2014\/10\/pareja1.jpg?resize=200%2C134&amp;ssl=1 200w, https:\/\/i0.wp.com\/eltrabajo.cl\/portal\/wp-content\/uploads\/2014\/10\/pareja1.jpg?resize=300%2C201&amp;ssl=1 300w, https:\/\/i0.wp.com\/eltrabajo.cl\/portal\/wp-content\/uploads\/2014\/10\/pareja1.jpg?resize=150%2C100&amp;ssl=1 150w, https:\/\/i0.wp.com\/eltrabajo.cl\/portal\/wp-content\/uploads\/2014\/10\/pareja1.jpg?resize=400%2C268&amp;ssl=1 400w\" width=\"420\" height=\"282\" loading=\"lazy\" data-original-width=\"420\" data-original-height=\"282\" itemprop=\"http:\/\/schema.org\/image\" title=\"pareja1\" alt=\"Antes esta se\u00f1al\u00e9tica era inexistente en el sector, ahora las cosas cambiar\u00e1n para bien de los estudiantes y vecinos.\" style=\"width: 420px; height: 282px;\" \/> <\/a> <div class=\"tiled-gallery-caption\" itemprop=\"caption description\"> Antes esta se\u00f1al\u00e9tica era inexistente en el sector, ahora las cosas cambiar\u00e1n para bien de los estudiantes y vecinos. <\/div> <\/div> <\/div> <!-- close group --> <\/div> <!-- close row --> <\/div>\n","protected":false},"excerpt":{"rendered":"<p>SANTA MAR\u00cdA.- Estudiantes, profesores y apoderados de la Escuela Mar\u00eda Esp\u00ednola de San Fernando, as\u00ed como los vecinos de esa poblaci\u00f3n, est\u00e1n m\u00e1s que contentos con la instalaci\u00f3n de se\u00f1al\u00e9tica y recursos&#8230;<\/p>\n","protected":false},"author":482,"featured_media":51980,"comment_status":"open","ping_status":"closed","sticky":false,"template":"","format":"standard","meta":{"advanced_seo_description":"","jetpack_seo_html_title":"","jetpack_seo_noindex":false,"_jetpack_memberships_contains_paid_content":false,"footnotes":""},"categories":[15],"tags":[],"class_list":["post-51979","post","type-post","status-publish","format-standard","has-post-thumbnail","hentry","category-comunidad"],"jetpack_featured_media_url":"https:\/\/i0.wp.com\/eltrabajo.cl\/portal\/wp-content\/uploads\/2014\/10\/Trabajadores1.jpg?fit=528%2C348&ssl=1","jetpack_sharing_enabled":true,"jetpack_likes_enabled":true,"jetpack-related-posts":[],"_links":{"self":[{"href":"https:\/\/eltrabajo.cl\/portal\/wp-json\/wp\/v2\/posts\/51979","targetHints":{"allow":["GET"]}}],"collection":[{"href":"https:\/\/eltrabajo.cl\/portal\/wp-json\/wp\/v2\/posts"}],"about":[{"href":"https:\/\/eltrabajo.cl\/portal\/wp-json\/wp\/v2\/types\/post"}],"author":[{"embeddable":true,"href":"https:\/\/eltrabajo.cl\/portal\/wp-json\/wp\/v2\/users\/482"}],"replies":[{"embeddable":true,"href":"https:\/\/eltrabajo.cl\/portal\/wp-json\/wp\/v2\/comments?post=51979"}],"version-history":[{"count":0,"href":"https:\/\/eltrabajo.cl\/portal\/wp-json\/wp\/v2\/posts\/51979\/revisions"}],"wp:featuredmedia":[{"embeddable":true,"href":"https:\/\/eltrabajo.cl\/portal\/wp-json\/wp\/v2\/media\/51980"}],"wp:attachment":[{"href":"https:\/\/eltrabajo.cl\/portal\/wp-json\/wp\/v2\/media?parent=51979"}],"wp:term":[{"taxonomy":"category","embeddable":true,"href":"https:\/\/eltrabajo.cl\/portal\/wp-json\/wp\/v2\/categories?post=51979"},{"taxonomy":"post_tag","embeddable":true,"href":"https:\/\/eltrabajo.cl\/portal\/wp-json\/wp\/v2\/tags?post=51979"}],"curies":[{"name":"wp","href":"https:\/\/api.w.org\/{rel}","templated":true}]}}