{"id":51993,"date":"2014-10-07T09:38:38","date_gmt":"2014-10-07T12:38:38","guid":{"rendered":"http:\/\/www.eltrabajo.cl\/portal\/?p=51993"},"modified":"2014-10-07T09:38:38","modified_gmt":"2014-10-07T12:38:38","slug":"en-memoria-de-ciclista-muerto-colocan-segunda-bicicleta-blanca-en-avenida-miraflores","status":"publish","type":"post","link":"https:\/\/eltrabajo.cl\/portal\/en-memoria-de-ciclista-muerto-colocan-segunda-bicicleta-blanca-en-avenida-miraflores\/","title":{"rendered":"En memoria de ciclista muerto colocan segunda Bicicleta Blanca en Avenida Miraflores"},"content":{"rendered":"<figure id=\"attachment_51996\" aria-describedby=\"caption-attachment-51996\" style=\"width: 528px\" class=\"wp-caption alignnone\"><a href=\"https:\/\/i0.wp.com\/www.eltrabajo.cl\/portal\/wp-content\/uploads\/2014\/10\/Blanca1.jpg\"><img data-recalc-dims=\"1\" loading=\"lazy\" decoding=\"async\" class=\"size-full wp-image-51996\" alt=\"Las bicicletas blancas se colocan en memoria de un ciclista muerto en accidente de tr\u00e1nsito. Se estima que en el pa\u00eds existen unas 400, y en San Felipe esta es la segunda que se coloca este a\u00f1o.\" src=\"https:\/\/i0.wp.com\/www.eltrabajo.cl\/portal\/wp-content\/uploads\/2014\/10\/Blanca1.jpg?resize=528%2C316\" width=\"528\" height=\"316\" srcset=\"https:\/\/i0.wp.com\/eltrabajo.cl\/portal\/wp-content\/uploads\/2014\/10\/Blanca1.jpg?w=528&amp;ssl=1 528w, https:\/\/i0.wp.com\/eltrabajo.cl\/portal\/wp-content\/uploads\/2014\/10\/Blanca1.jpg?resize=200%2C119&amp;ssl=1 200w, https:\/\/i0.wp.com\/eltrabajo.cl\/portal\/wp-content\/uploads\/2014\/10\/Blanca1.jpg?resize=300%2C179&amp;ssl=1 300w, https:\/\/i0.wp.com\/eltrabajo.cl\/portal\/wp-content\/uploads\/2014\/10\/Blanca1.jpg?resize=150%2C89&amp;ssl=1 150w, https:\/\/i0.wp.com\/eltrabajo.cl\/portal\/wp-content\/uploads\/2014\/10\/Blanca1.jpg?resize=400%2C239&amp;ssl=1 400w\" sizes=\"auto, (max-width: 528px) 100vw, 528px\" \/><\/a><figcaption id=\"caption-attachment-51996\" class=\"wp-caption-text\">Las bicicletas blancas se colocan en memoria de un ciclista muerto en accidente de tr\u00e1nsito. Se estima que en el pa\u00eds existen unas 400, y en San Felipe esta es la segunda que se coloca este a\u00f1o.<\/figcaption><\/figure>\n<p>Ciclistas furiosos de Aconcagua lograron convocar a m\u00e1s de 100 pedaleros para pedir ciclo-v\u00edas. A media tarde de este s\u00e1bado, la agrupaci\u00f3n de Ciclistas furiosos de Aconcagua se congregaron en una de las calzadas de Avenida Miraflores de San Felipe, para instalar una bicicleta blanca en el mismo punto donde el 12 de septiembre pasado fuera atropellado Don Juan Ward Ricard, funcionario del Liceo Particular Mixto, desde donde sal\u00eda rumbo a su casa en el sector poniente de la ciudad, cuando fue envestido por dos veh\u00edculos, y por cuyas heridas falleci\u00f3 algunas horas m\u00e1s tarde en el Hospital San Camilo.<\/p>\n<figure id=\"attachment_51997\" aria-describedby=\"caption-attachment-51997\" style=\"width: 370px\" class=\"wp-caption alignright\"><a href=\"https:\/\/i0.wp.com\/www.eltrabajo.cl\/portal\/wp-content\/uploads\/2014\/10\/Blanca2.jpg\"><img data-recalc-dims=\"1\" loading=\"lazy\" decoding=\"async\" class=\" wp-image-51997 \" alt=\"Los dos hijos varones de Don Juan Ward descubren la bicicleta blanca que recordar\u00e1 el lugar en que su padre sufri\u00f3 la mortal colisi\u00f3n. Unos 150 asistentes se agruparon para acompa\u00f1ar a la familia en la actividad que finaliz\u00f3 con una cicletada por diversas calles de San Felipe.\" src=\"https:\/\/i0.wp.com\/www.eltrabajo.cl\/portal\/wp-content\/uploads\/2014\/10\/Blanca2.jpg?resize=370%2C281\" width=\"370\" height=\"281\" srcset=\"https:\/\/i0.wp.com\/eltrabajo.cl\/portal\/wp-content\/uploads\/2014\/10\/Blanca2.jpg?w=529&amp;ssl=1 529w, https:\/\/i0.wp.com\/eltrabajo.cl\/portal\/wp-content\/uploads\/2014\/10\/Blanca2.jpg?resize=197%2C150&amp;ssl=1 197w, https:\/\/i0.wp.com\/eltrabajo.cl\/portal\/wp-content\/uploads\/2014\/10\/Blanca2.jpg?resize=300%2C227&amp;ssl=1 300w, https:\/\/i0.wp.com\/eltrabajo.cl\/portal\/wp-content\/uploads\/2014\/10\/Blanca2.jpg?resize=150%2C113&amp;ssl=1 150w, https:\/\/i0.wp.com\/eltrabajo.cl\/portal\/wp-content\/uploads\/2014\/10\/Blanca2.jpg?resize=400%2C303&amp;ssl=1 400w\" sizes=\"auto, (max-width: 370px) 100vw, 370px\" \/><\/a><figcaption id=\"caption-attachment-51997\" class=\"wp-caption-text\">Los dos hijos varones de Don Juan Ward descubren la bicicleta blanca que recordar\u00e1 el lugar en que su padre sufri\u00f3 la mortal colisi\u00f3n. Unos 150 asistentes se agruparon para acompa\u00f1ar a la familia en la actividad que finaliz\u00f3 con una cicletada por diversas calles de San Felipe.<\/figcaption><\/figure>\n<p>Para conmemorar su partida, la agrupaci\u00f3n instal\u00f3 el emblem\u00e1tico elemento, junto a una placa que recuerda el episodio. En voz de uno de los voceros del grupo de pedaleros, Pedro Mu\u00f1oz dijo que \u201ceste elemento de absoluto simbolismo, nos debe hacer reflexionar sobre el c\u00f3mo estamos desarrollando nuestras ciudades, donde a diario se desata una competencia por los espacios viales, con la sabida desventaja para los ciclistas. Por eso queremos que cuando un peat\u00f3n, un ciclista o un automovilista pase por este lugar, tenga un minuto de reflexi\u00f3n, o toque su campanilla o bocina por la memoria de Don Juan, pero m\u00e1s que eso pueda sentir que lleg\u00f3 el momento de revisar nuestra estructura vial y antes que eso, la manera en que nos comportamos al usar las calles\u201d, dijo Mu\u00f1oz.<\/p>\n<p>Tras las palabras iniciales, uno de los hijos hom\u00f3nimos de Juan Ward, agradeci\u00f3 a los asistentes y a la agrupaci\u00f3n por, \u201cvenir a recordar a mi padre, quien dej\u00f3 a sus hijos y a una nieta por ser v\u00edctima de una conducta imprudente, pero a la vez tambi\u00e9n venir a decirle a la ciudad, que son muchas las personas mayores que eligieron la bicicleta como medio de transporte, y que necesitamos espacios y m\u00e1s seguridad. Agradezco a la familia, a los amigos que vinieron, a sus compa\u00f1eros de trabajo en el Liceo Mixto, y a todos los que vinieron a recordar a mi padre\u201d, se\u00f1al\u00f3 emocionado.<\/p>\n<p>Tras descubrir la Bicicleta Blanca en una de las rejas perif\u00e9ricas del aer\u00f3dromo San Felipe, que dio facilidades a la familia, el grupo de m\u00e1s de un centenar de pedaleros procedi\u00f3 a realizar su tradicional cicletada del primer s\u00e1bado por las calles de la ciudad, ante la mirada curiosa de los transe\u00fantes.<\/p>\n<p>La actividad termin\u00f3 en la Plaza C\u00edvica de la ciudad, donde los pedaleros agradecieron a Carabineros por resguardar la actividad en todo momento, a cargo del Teniente \u00c1ngelo Acevedo, qui\u00e9n dio instrucciones sobre un ciclismo m\u00e1s seguro. Tras ello compartieron un refrigerio y trazaron su pr\u00f3xima salida del 1 de noviembre y algunas reuniones que solicitar\u00e1n con las autoridades comunales y regionales para ver en qu\u00e9 est\u00e1 el proyecto de ciclo-v\u00edas.<\/p>\n","protected":false},"excerpt":{"rendered":"<p>Ciclistas furiosos de Aconcagua lograron convocar a m\u00e1s de 100 pedaleros para pedir ciclo-v\u00edas. A media tarde de este s\u00e1bado, la agrupaci\u00f3n de Ciclistas furiosos de Aconcagua se congregaron en una de&#8230;<\/p>\n","protected":false},"author":482,"featured_media":51996,"comment_status":"open","ping_status":"closed","sticky":false,"template":"","format":"standard","meta":{"advanced_seo_description":"","jetpack_seo_html_title":"","jetpack_seo_noindex":false,"_jetpack_memberships_contains_paid_content":false,"footnotes":""},"categories":[15],"tags":[],"class_list":["post-51993","post","type-post","status-publish","format-standard","has-post-thumbnail","hentry","category-comunidad"],"jetpack_featured_media_url":"https:\/\/i0.wp.com\/eltrabajo.cl\/portal\/wp-content\/uploads\/2014\/10\/Blanca1.jpg?fit=528%2C316&ssl=1","jetpack_sharing_enabled":true,"jetpack_likes_enabled":true,"jetpack-related-posts":[],"_links":{"self":[{"href":"https:\/\/eltrabajo.cl\/portal\/wp-json\/wp\/v2\/posts\/51993","targetHints":{"allow":["GET"]}}],"collection":[{"href":"https:\/\/eltrabajo.cl\/portal\/wp-json\/wp\/v2\/posts"}],"about":[{"href":"https:\/\/eltrabajo.cl\/portal\/wp-json\/wp\/v2\/types\/post"}],"author":[{"embeddable":true,"href":"https:\/\/eltrabajo.cl\/portal\/wp-json\/wp\/v2\/users\/482"}],"replies":[{"embeddable":true,"href":"https:\/\/eltrabajo.cl\/portal\/wp-json\/wp\/v2\/comments?post=51993"}],"version-history":[{"count":0,"href":"https:\/\/eltrabajo.cl\/portal\/wp-json\/wp\/v2\/posts\/51993\/revisions"}],"wp:featuredmedia":[{"embeddable":true,"href":"https:\/\/eltrabajo.cl\/portal\/wp-json\/wp\/v2\/media\/51996"}],"wp:attachment":[{"href":"https:\/\/eltrabajo.cl\/portal\/wp-json\/wp\/v2\/media?parent=51993"}],"wp:term":[{"taxonomy":"category","embeddable":true,"href":"https:\/\/eltrabajo.cl\/portal\/wp-json\/wp\/v2\/categories?post=51993"},{"taxonomy":"post_tag","embeddable":true,"href":"https:\/\/eltrabajo.cl\/portal\/wp-json\/wp\/v2\/tags?post=51993"}],"curies":[{"name":"wp","href":"https:\/\/api.w.org\/{rel}","templated":true}]}}