{"id":52007,"date":"2014-10-07T09:59:18","date_gmt":"2014-10-07T12:59:18","guid":{"rendered":"http:\/\/www.eltrabajo.cl\/portal\/?p=52007"},"modified":"2014-10-07T09:59:18","modified_gmt":"2014-10-07T12:59:18","slug":"a-26-anos-aumento-condena-de-carcel-para-el-pancho-por-otro-crimen","status":"publish","type":"post","link":"https:\/\/eltrabajo.cl\/portal\/a-26-anos-aumento-condena-de-carcel-para-el-pancho-por-otro-crimen\/","title":{"rendered":"A 26 a\u00f1os aument\u00f3 condena de c\u00e1rcel para \u2018El Pancho\u2019 por otro crimen"},"content":{"rendered":"<figure id=\"attachment_52008\" aria-describedby=\"caption-attachment-52008\" style=\"width: 528px\" class=\"wp-caption alignnone\"><a href=\"https:\/\/i0.wp.com\/www.eltrabajo.cl\/portal\/wp-content\/uploads\/2014\/10\/Imagen1.jpg\"><img data-recalc-dims=\"1\" loading=\"lazy\" decoding=\"async\" class=\"size-full wp-image-52008\" alt=\"ESCALOFRIANTE.- Francisco Ruiz Luengo apuntaba a su v\u00edctima con un arma de fuego para apoderarse del dinero que manten\u00eda al interior de un taxi en diciembre del 2013 al interior de Villa 250 a\u00f1os de San Felipe.\" src=\"https:\/\/i0.wp.com\/www.eltrabajo.cl\/portal\/wp-content\/uploads\/2014\/10\/Imagen1.jpg?resize=528%2C392\" width=\"528\" height=\"392\" srcset=\"https:\/\/i0.wp.com\/eltrabajo.cl\/portal\/wp-content\/uploads\/2014\/10\/Imagen1.jpg?w=528&amp;ssl=1 528w, https:\/\/i0.wp.com\/eltrabajo.cl\/portal\/wp-content\/uploads\/2014\/10\/Imagen1.jpg?resize=200%2C148&amp;ssl=1 200w, https:\/\/i0.wp.com\/eltrabajo.cl\/portal\/wp-content\/uploads\/2014\/10\/Imagen1.jpg?resize=300%2C222&amp;ssl=1 300w, https:\/\/i0.wp.com\/eltrabajo.cl\/portal\/wp-content\/uploads\/2014\/10\/Imagen1.jpg?resize=150%2C111&amp;ssl=1 150w, https:\/\/i0.wp.com\/eltrabajo.cl\/portal\/wp-content\/uploads\/2014\/10\/Imagen1.jpg?resize=400%2C296&amp;ssl=1 400w\" sizes=\"auto, (max-width: 528px) 100vw, 528px\" \/><\/a><figcaption id=\"caption-attachment-52008\" class=\"wp-caption-text\">ESCALOFRIANTE.- Francisco Ruiz Luengo apuntaba a su v\u00edctima con un arma de fuego para apoderarse del dinero que manten\u00eda al interior de un taxi en diciembre del 2013 al interior de Villa 250 a\u00f1os de San Felipe.<\/figcaption><\/figure>\n<p>Tras un segundo juicio oral, Francisco Ruiz Luengo, conocido como \u2018El Pancho\u2019 de Villa 250 A\u00f1os de San Felipe, deber\u00e1 cumplir 26 a\u00f1os de c\u00e1rcel efectiva luego de ser condenado por un episodio delictual de Robo con intimidaci\u00f3n, delito que se suma a su larga lista de cr\u00edmenes cometidos en esta comuna.<\/p>\n<p>La Fiscal\u00eda de San Felipe lleva adelante diversas causas en su contra, logrando en un primer juicio condenarlo a 14 a\u00f1os por tres robos con violencia e intimidaci\u00f3n, a\u00f1adiendo una segunda condena de 12 a\u00f1os por un hecho cometido en diciembre del 2013, cuando actu\u00f3 junto a Isaac Alberto C\u00f3rdova, ahora condenado de la misma forma a 12 a\u00f1os de presidio por su falta.<\/p>\n<figure id=\"attachment_52009\" aria-describedby=\"caption-attachment-52009\" style=\"width: 370px\" class=\"wp-caption alignright\"><a href=\"https:\/\/i0.wp.com\/www.eltrabajo.cl\/portal\/wp-content\/uploads\/2014\/10\/Imagen-robo.jpg\"><img data-recalc-dims=\"1\" loading=\"lazy\" decoding=\"async\" class=\" wp-image-52009 \" alt=\"VALENT\u00cdA.- La v\u00edctima frente a frente con su agresor, quien se defend\u00eda con un palo y con mucho valor rebatir los da\u00f1os que le provoc\u00f3 Ruiz Luengo.\" src=\"https:\/\/i0.wp.com\/www.eltrabajo.cl\/portal\/wp-content\/uploads\/2014\/10\/Imagen-robo.jpg?resize=370%2C268\" width=\"370\" height=\"268\" srcset=\"https:\/\/i0.wp.com\/eltrabajo.cl\/portal\/wp-content\/uploads\/2014\/10\/Imagen-robo.jpg?w=529&amp;ssl=1 529w, https:\/\/i0.wp.com\/eltrabajo.cl\/portal\/wp-content\/uploads\/2014\/10\/Imagen-robo.jpg?resize=200%2C144&amp;ssl=1 200w, https:\/\/i0.wp.com\/eltrabajo.cl\/portal\/wp-content\/uploads\/2014\/10\/Imagen-robo.jpg?resize=300%2C217&amp;ssl=1 300w, https:\/\/i0.wp.com\/eltrabajo.cl\/portal\/wp-content\/uploads\/2014\/10\/Imagen-robo.jpg?resize=150%2C108&amp;ssl=1 150w, https:\/\/i0.wp.com\/eltrabajo.cl\/portal\/wp-content\/uploads\/2014\/10\/Imagen-robo.jpg?resize=400%2C289&amp;ssl=1 400w\" sizes=\"auto, (max-width: 370px) 100vw, 370px\" \/><\/a><figcaption id=\"caption-attachment-52009\" class=\"wp-caption-text\">VALENT\u00cdA.- La v\u00edctima frente a frente con su agresor, quien se defend\u00eda con un palo y con mucho valor rebatir los da\u00f1os que le provoc\u00f3 Ruiz Luengo.<\/figcaption><\/figure>\n<p><strong>\u00a0LOS HECHOS<\/strong><\/p>\n<p>Los hechos ocurrieron al interior de Villa 250 A\u00f1os de San Felipe, cuando el conductor de un colectivo estaba por terminar su rutina laboral en v\u00edsperas de navidad para estar junto a su familia.<\/p>\n<p>Los \u00faltimos pasajeros que abordaron su veh\u00edculo fueron Francisco Ruiz Luengo e Isaac Alberto C\u00f3rdova, quienes hicieron detener el veh\u00edculo, ordenando a su conductor trasladarlos hasta el sector La Troya. Hasta ese minuto toda iba normalmente, hasta que los condenados sacaron de sus vestimentas armas de fuego y apuntaron a la cabeza de la v\u00edctima, amenaz\u00e1ndolo de muerte.<\/p>\n<p>El chofer con mucho susto y desesperaci\u00f3n vivi\u00f3 su peor pesadilla, lamentando no poder estar con sus seres queridos en una fecha tan especial, asimilando que los sujetos, con tal nivel de violencia, acabar\u00edan de todas maneras con su vida.<\/p>\n<p>En la ocasi\u00f3n C\u00f3rdova ordena detener la marcha del m\u00f3vil, procediendo a sustraer la radio musical del colectivo mientras que Ruiz Luengo roba el dinero que manten\u00eda la v\u00edctima en una de las gavetas, amenazando con matarlo y con extrema violencia intentaron sacar a la fuerza al conductor para apoderarse del autom\u00f3vil, decisi\u00f3n que luego desestimaron y s\u00f3lo escaparon con las especies.<\/p>\n<p>Por estos hechos el Fiscal Andr\u00e9s Gallardo acus\u00f3 ambos imputados por el delito de Robo con intimidaci\u00f3n, requiriendo ante el Tribunal Oral en Lo Penal de San Felipe una pena de 20 a\u00f1os de c\u00e1rcel respectivamente para Francisco Ruiz e Isaac C\u00f3rdova. No obstante, la condena fue rebajada 12 a\u00f1os por decisi\u00f3n de la terna de jueces para cada uno de los condenados, por su pluralidad de malhechor, es decir, dos armados contra un indefenso.<\/p>\n<p>\u201cAmbos fueron condenados a 12 a\u00f1os de presidio respectivamente, por el delito de Robo con intimidaci\u00f3n. El tribunal consider\u00f3 la pluralidad de malhechores, porque fueron dos personas las que intimidaron a una v\u00edctima para sustraer las especies. Lo grave es que las secuelas fueron de consideraci\u00f3n para la v\u00edctima, quien pens\u00f3 que no pod\u00eda estar con la familia en Navidad, mientras ocurr\u00eda esta situaci\u00f3n, lo que fue traum\u00e1tico para \u00e9l, aunque no sufri\u00f3 da\u00f1os f\u00edsicos pero la herida psicol\u00f3gica fue grande\u201d, indic\u00f3 a Diario El Trabajo, el Fiscal Andr\u00e9s Gallardo.<\/p>\n<p>Tras este brutal episodio, la v\u00edctima de estos hechos decidi\u00f3 renunciar a su trabajo como chofer de colectivo, impactado por esta lamentable experiencia, donde se refleja el nivel de delincuencia que se ha apoderado \u00faltimamente de ambas provincias.<\/p>\n<p><strong>\u00a0HAY M\u00c1S CAUSAS<\/strong><\/p>\n<p>En tanto, para Francisco Ruiz Luengo esto no termina aqu\u00ed, tras publicar fotograf\u00edas dentro de recintos penales en su cuenta de Facebook, le cost\u00f3 su traslado y la de otros siete internos m\u00e1s desde Los Andes hasta una c\u00e1rcel de alta seguridad en Valpara\u00edso. La Fiscal\u00eda tiene conciencia de que existen muchos delitos que nunca fueron denunciados por temor, sin embargo hasta el momento a\u00fan quedar\u00edan otras cinco causas pendientes para acusar al \u2018Pancho\u2019 por todos sus cr\u00edmenes.<\/p>\n<p><strong>IMPACTANTE VIDEO<\/strong><\/p>\n<p>Diario El Trabajo tuvo acceso a las im\u00e1genes de un video exhibido durante el primer juicio, en donde se \u00abve en acci\u00f3n\u00bb a Francisco Ruiz Luengo asaltando a veh\u00edculos de locomoci\u00f3n colectiva. En las im\u00e1genes registradas por un testigo al interior de una vivienda, se ve c\u00f3mo el condenado a punta de pistola, intimida a un conductor de 60 a\u00f1os de edad para arrebatarle las monedas desde el interior.<\/p>\n<p>La v\u00edctima sali\u00f3 en su defensa con un palo, mientras increpaba a Francisco Ruiz, quien comenzaba a golpear con su armamento el parabrisas del veh\u00edculo, efectuando algunos disparos al aire mientras el afectado desde su celular ped\u00eda auxilio a Carabineros, hechos que se remontan a diciembre del 2013, siendo condenado por estos hechos y otros dos delitos m\u00e1s a la pena de 14 a\u00f1os de c\u00e1rcel.<\/p>\n<p>Pablo Salinas Sald\u00edas<\/p>\n","protected":false},"excerpt":{"rendered":"<p>Tras un segundo juicio oral, Francisco Ruiz Luengo, conocido como \u2018El Pancho\u2019 de Villa 250 A\u00f1os de San Felipe, deber\u00e1 cumplir 26 a\u00f1os de c\u00e1rcel efectiva luego de ser condenado por un&#8230;<\/p>\n","protected":false},"author":482,"featured_media":52008,"comment_status":"open","ping_status":"closed","sticky":false,"template":"","format":"standard","meta":{"advanced_seo_description":"","jetpack_seo_html_title":"","jetpack_seo_noindex":false,"_jetpack_memberships_contains_paid_content":false,"footnotes":""},"categories":[21],"tags":[],"class_list":["post-52007","post","type-post","status-publish","format-standard","has-post-thumbnail","hentry","category-policial"],"jetpack_featured_media_url":"https:\/\/i0.wp.com\/eltrabajo.cl\/portal\/wp-content\/uploads\/2014\/10\/Imagen1.jpg?fit=528%2C392&ssl=1","jetpack_sharing_enabled":true,"jetpack_likes_enabled":true,"jetpack-related-posts":[],"_links":{"self":[{"href":"https:\/\/eltrabajo.cl\/portal\/wp-json\/wp\/v2\/posts\/52007","targetHints":{"allow":["GET"]}}],"collection":[{"href":"https:\/\/eltrabajo.cl\/portal\/wp-json\/wp\/v2\/posts"}],"about":[{"href":"https:\/\/eltrabajo.cl\/portal\/wp-json\/wp\/v2\/types\/post"}],"author":[{"embeddable":true,"href":"https:\/\/eltrabajo.cl\/portal\/wp-json\/wp\/v2\/users\/482"}],"replies":[{"embeddable":true,"href":"https:\/\/eltrabajo.cl\/portal\/wp-json\/wp\/v2\/comments?post=52007"}],"version-history":[{"count":0,"href":"https:\/\/eltrabajo.cl\/portal\/wp-json\/wp\/v2\/posts\/52007\/revisions"}],"wp:featuredmedia":[{"embeddable":true,"href":"https:\/\/eltrabajo.cl\/portal\/wp-json\/wp\/v2\/media\/52008"}],"wp:attachment":[{"href":"https:\/\/eltrabajo.cl\/portal\/wp-json\/wp\/v2\/media?parent=52007"}],"wp:term":[{"taxonomy":"category","embeddable":true,"href":"https:\/\/eltrabajo.cl\/portal\/wp-json\/wp\/v2\/categories?post=52007"},{"taxonomy":"post_tag","embeddable":true,"href":"https:\/\/eltrabajo.cl\/portal\/wp-json\/wp\/v2\/tags?post=52007"}],"curies":[{"name":"wp","href":"https:\/\/api.w.org\/{rel}","templated":true}]}}