{"id":52012,"date":"2014-10-07T10:00:42","date_gmt":"2014-10-07T13:00:42","guid":{"rendered":"http:\/\/www.eltrabajo.cl\/portal\/?p=52012"},"modified":"2014-10-07T10:00:42","modified_gmt":"2014-10-07T13:00:42","slug":"formalizan-en-hosla-al-arana-como-presunto-asesino-de-hincha-muerto-en-san-esteban","status":"publish","type":"post","link":"https:\/\/eltrabajo.cl\/portal\/formalizan-en-hosla-al-arana-como-presunto-asesino-de-hincha-muerto-en-san-esteban\/","title":{"rendered":"Formalizan en Hosla al \u2018Ara\u00f1a\u2019 como presunto asesino de hincha muerto en San Esteban"},"content":{"rendered":"<figure id=\"attachment_52013\" aria-describedby=\"caption-attachment-52013\" style=\"width: 529px\" class=\"wp-caption alignnone\"><a href=\"https:\/\/i0.wp.com\/www.eltrabajo.cl\/portal\/wp-content\/uploads\/2014\/10\/carro_hosla2.jpg\"><img data-recalc-dims=\"1\" loading=\"lazy\" decoding=\"async\" class=\"size-full wp-image-52013\" alt=\"El tribunal fij\u00f3 un plazo de investigaci\u00f3n de cuatro meses, donde se deber\u00e1n dilucidar todas las causas de este homicidio que ha conmocionado a la comunidad de San Esteban.\" src=\"https:\/\/i0.wp.com\/www.eltrabajo.cl\/portal\/wp-content\/uploads\/2014\/10\/carro_hosla2.jpg?resize=529%2C382\" width=\"529\" height=\"382\" srcset=\"https:\/\/i0.wp.com\/eltrabajo.cl\/portal\/wp-content\/uploads\/2014\/10\/carro_hosla2.jpg?w=529&amp;ssl=1 529w, https:\/\/i0.wp.com\/eltrabajo.cl\/portal\/wp-content\/uploads\/2014\/10\/carro_hosla2.jpg?resize=200%2C144&amp;ssl=1 200w, https:\/\/i0.wp.com\/eltrabajo.cl\/portal\/wp-content\/uploads\/2014\/10\/carro_hosla2.jpg?resize=300%2C216&amp;ssl=1 300w, https:\/\/i0.wp.com\/eltrabajo.cl\/portal\/wp-content\/uploads\/2014\/10\/carro_hosla2.jpg?resize=150%2C108&amp;ssl=1 150w, https:\/\/i0.wp.com\/eltrabajo.cl\/portal\/wp-content\/uploads\/2014\/10\/carro_hosla2.jpg?resize=400%2C288&amp;ssl=1 400w\" sizes=\"auto, (max-width: 529px) 100vw, 529px\" \/><\/a><figcaption id=\"caption-attachment-52013\" class=\"wp-caption-text\">El tribunal fij\u00f3 un plazo de investigaci\u00f3n de cuatro meses, donde se deber\u00e1n dilucidar todas las causas de este homicidio que ha conmocionado a la comunidad de San Esteban.<\/figcaption><\/figure>\n<p><strong>LOS ANDES.<\/strong>&#8211; En el Hospital San Juan de Dios de Los Andes y bajo un fuerte resguardo de Carabineros, se realiz\u00f3 la formalizaci\u00f3n de Francisco Brito Espinoza (25), alias \u2018El Ara\u00f1a\u2019, como el presunto autor del crimen del hincha de Club Independiente de Lo Calvo, Juan Osorio Anjar\u00ed, hecho ocurrido la tarde del domingo en San Esteban.<\/p>\n<p>En esta audiencia, la Fiscal Gabriela Fuenzalida le dio a conocer los antecedentes por los cuales est\u00e1 siendo investigado y que corresponden a los delitos de Homicidio simple, Lesiones graves y Tenencia ilegal de arma de fuego.<\/p>\n<p>Por otra parte, el Jefe de la Brigada de Homicidios de la PDI de Los Andes, Subcomisario Carlos Alegr\u00eda, indic\u00f3 que adem\u00e1s de la v\u00edctima fatal tambi\u00e9n result\u00f3 herido a bala su hijo, quien recibi\u00f3 un impacto en el muslo izquierdo.<\/p>\n<p>Adem\u00e1s confirm\u00f3 que se logr\u00f3 recuperar el arma homicida que corresponde a un rev\u00f3lver calibre 32 y con la cual \u2018El Ara\u00f1a\u2019 dispar\u00f3 en el t\u00f3rax a la v\u00edctima.<\/p>\n<p>Respecto a la ocurrencia del hecho en s\u00ed, el oficial puntualiz\u00f3 que tras el t\u00e9rmino del partido de entre Independiente de Lo Calvo y San Esteba, \u201cdos integrantes de las barras ten\u00edan alg\u00fan tipo de diferencia, misma que deriva en una discusi\u00f3n, generando esa instancia una situaci\u00f3n en la cual uno de ellos, quien es el imputado, extrae un arma de fuego con la cual efect\u00faa los disparo y ocasiona las lesiones a las v\u00edctimas\u201d.<\/p>\n<p>Alegr\u00eda dijo que se est\u00e1 estableciendo la distancia desde la cual efectu\u00f3 los disparos \u2018El Ara\u00f1a\u2019, as\u00ed como tambi\u00e9n se est\u00e1n recabando otros antecedentes y declaraciones de testigos. En cuanto al origen del arma y su procedencia, dijo que a\u00fan no est\u00e1 claro si se encuentra debidamente en el registro de armas y por ello ser\u00e1 sometida a las pericias de rigor.<\/p>\n<p>Una vez que fue formalizado el centro asistencial andino, \u2018El Ara\u00f1a\u2019 qued\u00f3 con la medida cautelar de Prisi\u00f3n Preventiva, por ser considerado un peligro para la seguridad de la sociedad. Esta medida cautelar deber\u00e1 cumplirla en la c\u00e1rcel de San Felipe una vez que salga del hospital tras recuperarse de la contusi\u00f3n de cr\u00e1neo que sufri\u00f3 al ser golpeado ferozmente por amigos y familiares del fallecido.<\/p>\n<p>&nbsp;<\/p>\n","protected":false},"excerpt":{"rendered":"<p>LOS ANDES.&#8211; En el Hospital San Juan de Dios de Los Andes y bajo un fuerte resguardo de Carabineros, se realiz\u00f3 la formalizaci\u00f3n de Francisco Brito Espinoza (25), alias \u2018El Ara\u00f1a\u2019, como&#8230;<\/p>\n","protected":false},"author":482,"featured_media":52013,"comment_status":"open","ping_status":"closed","sticky":false,"template":"","format":"standard","meta":{"advanced_seo_description":"","jetpack_seo_html_title":"","jetpack_seo_noindex":false,"_jetpack_memberships_contains_paid_content":false,"footnotes":""},"categories":[21],"tags":[],"class_list":["post-52012","post","type-post","status-publish","format-standard","has-post-thumbnail","hentry","category-policial"],"jetpack_featured_media_url":"https:\/\/i0.wp.com\/eltrabajo.cl\/portal\/wp-content\/uploads\/2014\/10\/carro_hosla2.jpg?fit=529%2C382&ssl=1","jetpack_sharing_enabled":true,"jetpack_likes_enabled":true,"jetpack-related-posts":[],"_links":{"self":[{"href":"https:\/\/eltrabajo.cl\/portal\/wp-json\/wp\/v2\/posts\/52012","targetHints":{"allow":["GET"]}}],"collection":[{"href":"https:\/\/eltrabajo.cl\/portal\/wp-json\/wp\/v2\/posts"}],"about":[{"href":"https:\/\/eltrabajo.cl\/portal\/wp-json\/wp\/v2\/types\/post"}],"author":[{"embeddable":true,"href":"https:\/\/eltrabajo.cl\/portal\/wp-json\/wp\/v2\/users\/482"}],"replies":[{"embeddable":true,"href":"https:\/\/eltrabajo.cl\/portal\/wp-json\/wp\/v2\/comments?post=52012"}],"version-history":[{"count":0,"href":"https:\/\/eltrabajo.cl\/portal\/wp-json\/wp\/v2\/posts\/52012\/revisions"}],"wp:featuredmedia":[{"embeddable":true,"href":"https:\/\/eltrabajo.cl\/portal\/wp-json\/wp\/v2\/media\/52013"}],"wp:attachment":[{"href":"https:\/\/eltrabajo.cl\/portal\/wp-json\/wp\/v2\/media?parent=52012"}],"wp:term":[{"taxonomy":"category","embeddable":true,"href":"https:\/\/eltrabajo.cl\/portal\/wp-json\/wp\/v2\/categories?post=52012"},{"taxonomy":"post_tag","embeddable":true,"href":"https:\/\/eltrabajo.cl\/portal\/wp-json\/wp\/v2\/tags?post=52012"}],"curies":[{"name":"wp","href":"https:\/\/api.w.org\/{rel}","templated":true}]}}