{"id":52016,"date":"2014-10-07T10:04:24","date_gmt":"2014-10-07T13:04:24","guid":{"rendered":"http:\/\/www.eltrabajo.cl\/portal\/?p=52016"},"modified":"2014-10-07T10:04:24","modified_gmt":"2014-10-07T13:04:24","slug":"cae-banda-de-ladrones-mientras-robaban-en-sanfecoop","status":"publish","type":"post","link":"https:\/\/eltrabajo.cl\/portal\/cae-banda-de-ladrones-mientras-robaban-en-sanfecoop\/","title":{"rendered":"Cae banda de ladrones mientras robaban en Sanfecoop"},"content":{"rendered":"<figure id=\"attachment_52017\" aria-describedby=\"caption-attachment-52017\" style=\"width: 528px\" class=\"wp-caption alignnone\"><a href=\"https:\/\/i0.wp.com\/www.eltrabajo.cl\/portal\/wp-content\/uploads\/2014\/10\/MuyMalos1.jpg\"><img data-recalc-dims=\"1\" loading=\"lazy\" decoding=\"async\" class=\"size-full wp-image-52017\" alt=\"Jonathan Alexis Ram\u00edrez Aburto, de 20 a\u00f1os; Julio Hern\u00e1n Gonz\u00e1lez Ovalle de 25 a\u00f1os; Luis Crist\u00f3bal Mart\u00ednez Mart\u00ednez de 22 a\u00f1os y Daniel Rodolfo Arredondo Torrej\u00f3n de 22 a\u00f1os,  con domicilio en el sector Algarrobal de San Felipe y uno de ellos de la comuna de Llay-Llay.\" src=\"https:\/\/i0.wp.com\/www.eltrabajo.cl\/portal\/wp-content\/uploads\/2014\/10\/MuyMalos1.jpg?resize=528%2C306\" width=\"528\" height=\"306\" srcset=\"https:\/\/i0.wp.com\/eltrabajo.cl\/portal\/wp-content\/uploads\/2014\/10\/MuyMalos1.jpg?w=528&amp;ssl=1 528w, https:\/\/i0.wp.com\/eltrabajo.cl\/portal\/wp-content\/uploads\/2014\/10\/MuyMalos1.jpg?resize=200%2C115&amp;ssl=1 200w, https:\/\/i0.wp.com\/eltrabajo.cl\/portal\/wp-content\/uploads\/2014\/10\/MuyMalos1.jpg?resize=300%2C173&amp;ssl=1 300w, https:\/\/i0.wp.com\/eltrabajo.cl\/portal\/wp-content\/uploads\/2014\/10\/MuyMalos1.jpg?resize=150%2C86&amp;ssl=1 150w, https:\/\/i0.wp.com\/eltrabajo.cl\/portal\/wp-content\/uploads\/2014\/10\/MuyMalos1.jpg?resize=400%2C231&amp;ssl=1 400w\" sizes=\"auto, (max-width: 528px) 100vw, 528px\" \/><\/a><figcaption id=\"caption-attachment-52017\" class=\"wp-caption-text\">Jonathan Alexis Ram\u00edrez Aburto, de 20 a\u00f1os; Julio Hern\u00e1n Gonz\u00e1lez Ovalle de 25 a\u00f1os; Luis Crist\u00f3bal Mart\u00ednez Mart\u00ednez de 22 a\u00f1os y Daniel Rodolfo Arredondo Torrej\u00f3n de 22 a\u00f1os, con domicilio en el sector Algarrobal de San Felipe y uno de ellos de la comuna de Llay-Llay.<\/figcaption><\/figure>\n<ul>\n<li><strong>De manera fulminante y tan r\u00e1pido como se pudo, oficiales de Carabineros lograron dar captura a un grupo delictivo mientras efectuaban un robo al interior de Sanfecoop Putaendo.<\/strong><\/li>\n<\/ul>\n<p><strong>PUTAENDO.<\/strong>&#8211; Cuatro peligrosos delincuentes fueron detenidos por Carabineros, tras un gran operativo registrado la ma\u00f1ana de este lunes, luego que los sujetos fueran detenidos al interior de las oficinas de Sanfecoop, donde mediante oxicorte estaban rompiendo la caja fuerte. Los hechos comenzaron a desarrollarse a eso de las 03:40 horas aproximadamente, cuando la empresa de seguridad que presta servicios a Sanfecoop recibi\u00f3 la activaci\u00f3n de una alarma silenciosa y dio aviso en forma inmediata a los encargados de la Cooperativa, quienes a su vez solicitaron la presencia de Carabineros de Putaendo.<\/p>\n<p><strong>\u00a0ACCI\u00d3N FULMINANTE<\/strong><\/p>\n<p>Cuando el personal arrib\u00f3 a Calle Camus, donde est\u00e1n ubicadas las oficinas de Sanfecoop, no se advert\u00eda nada extra\u00f1o desde la calle, sin embargo, una de las encargadas de la oficina se\u00f1al\u00f3 que el candado de la puerta no correspond\u00eda al que habitualmente ellos ocupan, por lo que en ese momento Carabineros derrib\u00f3 la puerta e ingres\u00f3 a las dependencias, sorprendiendo a cuatro sujetos y logr\u00f3 la detenci\u00f3n de dos de ellos, mientras que los dem\u00e1s se dieron a la fuga.<\/p>\n<p>Los delincuentes realizaron un forado en una muralla de adobe, por donde tuvieron acceso a las oficinas de la Cooperativa e ingresaron herramientas como cilindros de gas, ox\u00edgeno, soplete y otros m\u00e1s para comenzar a tratar de romper la caja fuerte que tiene Sanfecoop, adem\u00e1s de cortar todo el sistema de alarmas y c\u00e1maras, eso s\u00ed, no alcanzaron a abrir la caja de valores.<\/p>\n<p>Inmediatamente se activ\u00f3 una intensa b\u00fasqueda que contempl\u00f3 el per\u00edmetro de calles Camus, Sarmiento, Portales y San Mart\u00edn, el que fue rodeado por Carabineros de Putaendo con el apoyo de personal policial de San Felipe.<\/p>\n<p>El Teniente \u00c1ngelo Acevedo, quien encabez\u00f3 este operativo, orden\u00f3 que los veh\u00edculos policiales hicieran uso de sus sirenas y mediante alto parlante ped\u00edan a los vecinos que abrieran las puertas de sus casas para que ingresara el personal policial a los extensos patios de algunas viviendas en busca de los dos sujetos que estaban pr\u00f3fugos.<\/p>\n<p>A eso de las 04:25 horas aproximadamente, en una vivienda ubicada en la intersecci\u00f3n de calles Portales con Sarmiento, los moradores vieron c\u00f3mo un sujeto saltaba hacia el sitio colindante, incluso uno de los vecinos golpe\u00f3 con un palo a uno de los delincuentes, quien trataba de ocultarse en el patio de su vivienda.<\/p>\n<p>La situaci\u00f3n m\u00e1s compleja se vivi\u00f3 cuando al revisar una vivienda de Calle San Mart\u00edn, el propietario vio c\u00f3mo del patio y detr\u00e1s de un sill\u00f3n se observaba un par de zapatillas, por lo que Carabineros comprob\u00f3 que en el lugar estaba oculto uno de los sujetos y un segundo hab\u00eda ingresado a una bodega de la misma vivienda y se encontraba s\u00f3lo a metros de la galer\u00eda de la vivienda donde la familia estaba descansando.<\/p>\n<p>Juan Leiva Chaparro, Gerente Interino de Sanfecoop, destac\u00f3 el trabajo policial y agradeci\u00f3 la coordinaci\u00f3n realizada por el Teniente \u00c1ngelo Acevedo, adem\u00e1s sostuvo que la activaci\u00f3n de la alarma permiti\u00f3 tomar conocimiento de que algo ocurr\u00eda. Tambi\u00e9n asegur\u00f3 que los clientes de Sanfecoop pueden estar tranquilos, pues la empresa ha tomado todas las medidas para tener una buena seguridad, lo que hoy dio resultados, aunque de todas maneras redoblar\u00e1n las medidas de seguridad para tranquilidad de los socios.<\/p>\n<p><strong>\u00a0TODOS APRESADOS<\/strong><\/p>\n<p>Despu\u00e9s de este intenso operativo, Carabineros detuvo a los cuatro delincuentes, quienes fueron identificados como Jonathan Alexis Ram\u00edrez Aburto, de 20 a\u00f1os; Julio Hern\u00e1n Gonz\u00e1lez Ovalle de 25 a\u00f1os; Luis Crist\u00f3bal Mart\u00ednez Mart\u00ednez de 22 a\u00f1os y Daniel Rodolfo Arredondo Torrej\u00f3n de 22 a\u00f1os, con domicilio en el sector Algarrobal de San Felipe y uno de ellos de la comuna de Llay-Llay, adem\u00e1s tres de ellos poseen un amplio prontuario policial por delitos como robos reiterados.<\/p>\n<p>Los delincuentes comparecieron ante el Tribunal Mixto de Putaendo pasadas las 13:00 horas de este lunes y s\u00f3lo Jonathan Ram\u00edrez Aburto qued\u00f3 en libertad con medidas cautelares, mientras que los otros tres sujetos fueron considerados un peligro para la sociedad y quedar\u00e1n en prisi\u00f3n preventiva mientras dura la investigaci\u00f3n en un plazo de 60 d\u00edas.<\/p>\n<p>Personal especializado de la SIP de Carabineros realiz\u00f3 peritajes en las oficinas de Sanfecoop tendientes a esclarecer los detalles del ingreso de estos delincuentes y tambi\u00e9n procedieron al levantamiento de huellas en el lugar.<\/p>\n<p><strong>INVERSI\u00d3N EN SEGURIDAD<\/strong><\/p>\n<p>Por su parte el Presidente del Consejo de Administraci\u00f3n de Sanfecoop, Rolando Stevenson Velasco, destac\u00f3 la labor desempe\u00f1ada por la empresa a cargo de la seguridad, la cual funcion\u00f3 perfectamente y su oportuno aviso permiti\u00f3 detener a los delincuentes a\u00fan al interior del local de la cooperativa en Putaendo. Sobre lo mismo, Stevenson asegur\u00f3 que lo que se ha invertido en medidas de seguridad por parte de la cooperativa queda plenamente justificado, pues de no ser por ella este robo se habr\u00eda perpetrado probablemente impunemente.<\/p>\n<p>Patricio Gallardo M.<\/p>\n<div class=\"tiled-gallery type-rectangular tiled-gallery-unresized\" data-original-width=\"640\" data-carousel-extra='null' itemscope itemtype=\"http:\/\/schema.org\/ImageGallery\" > <div class=\"gallery-row\" style=\"width: 640px; height: 220px;\" data-original-width=\"640\" data-original-height=\"220\" > <div class=\"gallery-group images-1\" style=\"width: 640px; height: 220px;\" data-original-width=\"640\" data-original-height=\"220\" > <div class=\"tiled-gallery-item tiled-gallery-item-large\" itemprop=\"associatedMedia\" itemscope itemtype=\"http:\/\/schema.org\/ImageObject\"> <a href=\"https:\/\/eltrabajo.cl\/portal\/cae-banda-de-ladrones-mientras-robaban-en-sanfecoop\/ladrones1-4\/\" border=\"0\" itemprop=\"url\"> <meta itemprop=\"width\" content=\"636\"> <meta itemprop=\"height\" content=\"216\"> <img decoding=\"async\" class=\"\" data-attachment-id=\"52019\" data-orig-file=\"https:\/\/eltrabajo.cl\/portal\/wp-content\/uploads\/2014\/10\/Ladrones1.jpg\" data-orig-size=\"527,179\" data-comments-opened=\"1\" data-image-meta=\"{&quot;aperture&quot;:&quot;0&quot;,&quot;credit&quot;:&quot;&quot;,&quot;camera&quot;:&quot;&quot;,&quot;caption&quot;:&quot;&quot;,&quot;created_timestamp&quot;:&quot;0&quot;,&quot;copyright&quot;:&quot;[wopmind]&quot;,&quot;focal_length&quot;:&quot;0&quot;,&quot;iso&quot;:&quot;0&quot;,&quot;shutter_speed&quot;:&quot;0&quot;,&quot;title&quot;:&quot;&quot;}\" data-image-title=\"Ladrones1\" data-image-description=\"&lt;p&gt;Carabineros actu\u00f3 con profesionalismo y de manera fulminante, para poner a estos delincuentes tras las rejas. Foto a la derecha el Teniente \u00c1ngelo Acevedo al momento de la captura.&lt;\/p&gt; \" data-medium-file=\"https:\/\/i0.wp.com\/eltrabajo.cl\/portal\/wp-content\/uploads\/2014\/10\/Ladrones1.jpg?fit=300%2C101&#038;ssl=1\" data-large-file=\"https:\/\/i0.wp.com\/eltrabajo.cl\/portal\/wp-content\/uploads\/2014\/10\/Ladrones1.jpg?fit=527%2C179&#038;ssl=1\" src=\"https:\/\/i0.wp.com\/eltrabajo.cl\/portal\/wp-content\/uploads\/2014\/10\/Ladrones1.jpg?w=636&#038;h=216&#038;ssl=1\" srcset=\"https:\/\/i0.wp.com\/eltrabajo.cl\/portal\/wp-content\/uploads\/2014\/10\/Ladrones1.jpg?w=527&amp;ssl=1 527w, https:\/\/i0.wp.com\/eltrabajo.cl\/portal\/wp-content\/uploads\/2014\/10\/Ladrones1.jpg?resize=200%2C67&amp;ssl=1 200w, https:\/\/i0.wp.com\/eltrabajo.cl\/portal\/wp-content\/uploads\/2014\/10\/Ladrones1.jpg?resize=300%2C101&amp;ssl=1 300w, https:\/\/i0.wp.com\/eltrabajo.cl\/portal\/wp-content\/uploads\/2014\/10\/Ladrones1.jpg?resize=150%2C50&amp;ssl=1 150w, https:\/\/i0.wp.com\/eltrabajo.cl\/portal\/wp-content\/uploads\/2014\/10\/Ladrones1.jpg?resize=400%2C135&amp;ssl=1 400w\" width=\"636\" height=\"216\" loading=\"lazy\" data-original-width=\"636\" data-original-height=\"216\" itemprop=\"http:\/\/schema.org\/image\" title=\"Ladrones1\" alt=\"Carabineros actu\u00f3 con profesionalismo y de manera fulminante, para poner a estos delincuentes tras las rejas. Foto a la derecha el Teniente \u00c1ngelo Acevedo al momento de la captura.\" style=\"width: 636px; height: 216px;\" \/> <\/a> <div class=\"tiled-gallery-caption\" itemprop=\"caption description\"> Carabineros actu\u00f3 con profesionalismo y de manera fulminante, para poner a estos delincuentes tras las rejas. Foto a la derecha el Teniente \u00c1ngelo Acevedo al momento de la captura. <\/div> <\/div> <\/div> <!-- close group --> <\/div> <!-- close row --> <div class=\"gallery-row\" style=\"width: 640px; height: 279px;\" data-original-width=\"640\" data-original-height=\"279\" > <div class=\"gallery-group images-1\" style=\"width: 354px; height: 279px;\" data-original-width=\"354\" data-original-height=\"279\" > <div class=\"tiled-gallery-item tiled-gallery-item-large\" itemprop=\"associatedMedia\" itemscope itemtype=\"http:\/\/schema.org\/ImageObject\"> <a href=\"https:\/\/eltrabajo.cl\/portal\/cae-banda-de-ladrones-mientras-robaban-en-sanfecoop\/golpe1-3\/\" border=\"0\" itemprop=\"url\"> <meta itemprop=\"width\" content=\"350\"> <meta itemprop=\"height\" content=\"275\"> <img decoding=\"async\" class=\"\" data-attachment-id=\"52018\" data-orig-file=\"https:\/\/eltrabajo.cl\/portal\/wp-content\/uploads\/2014\/10\/Golpe1.jpg\" data-orig-size=\"529,416\" data-comments-opened=\"1\" data-image-meta=\"{&quot;aperture&quot;:&quot;0&quot;,&quot;credit&quot;:&quot;&quot;,&quot;camera&quot;:&quot;&quot;,&quot;caption&quot;:&quot;&quot;,&quot;created_timestamp&quot;:&quot;0&quot;,&quot;copyright&quot;:&quot;[wopmind]&quot;,&quot;focal_length&quot;:&quot;0&quot;,&quot;iso&quot;:&quot;0&quot;,&quot;shutter_speed&quot;:&quot;0&quot;,&quot;title&quot;:&quot;&quot;}\" data-image-title=\"Golpe1\" data-image-description=\"&lt;p&gt;Los delincuentes realizaron un forado en una muralla de adobe, por donde tuvieron acceso a las oficinas de la Cooperativa e ingresaron herramientas como cilindros de gas, ox\u00edgeno, soplete y otros m\u00e1s.&lt;\/p&gt; \" data-medium-file=\"https:\/\/i0.wp.com\/eltrabajo.cl\/portal\/wp-content\/uploads\/2014\/10\/Golpe1.jpg?fit=300%2C235&#038;ssl=1\" data-large-file=\"https:\/\/i0.wp.com\/eltrabajo.cl\/portal\/wp-content\/uploads\/2014\/10\/Golpe1.jpg?fit=529%2C416&#038;ssl=1\" src=\"https:\/\/i0.wp.com\/eltrabajo.cl\/portal\/wp-content\/uploads\/2014\/10\/Golpe1.jpg?w=350&#038;h=275&#038;ssl=1\" srcset=\"https:\/\/i0.wp.com\/eltrabajo.cl\/portal\/wp-content\/uploads\/2014\/10\/Golpe1.jpg?w=529&amp;ssl=1 529w, https:\/\/i0.wp.com\/eltrabajo.cl\/portal\/wp-content\/uploads\/2014\/10\/Golpe1.jpg?resize=190%2C150&amp;ssl=1 190w, https:\/\/i0.wp.com\/eltrabajo.cl\/portal\/wp-content\/uploads\/2014\/10\/Golpe1.jpg?resize=300%2C235&amp;ssl=1 300w, https:\/\/i0.wp.com\/eltrabajo.cl\/portal\/wp-content\/uploads\/2014\/10\/Golpe1.jpg?resize=150%2C117&amp;ssl=1 150w, https:\/\/i0.wp.com\/eltrabajo.cl\/portal\/wp-content\/uploads\/2014\/10\/Golpe1.jpg?resize=400%2C314&amp;ssl=1 400w\" width=\"350\" height=\"275\" loading=\"lazy\" data-original-width=\"350\" data-original-height=\"275\" itemprop=\"http:\/\/schema.org\/image\" title=\"Golpe1\" alt=\"Los delincuentes realizaron un forado en una muralla de adobe, por donde tuvieron acceso a las oficinas de la Cooperativa e ingresaron herramientas como cilindros de gas, ox\u00edgeno, soplete y otros m\u00e1s.\" style=\"width: 350px; height: 275px;\" \/> <\/a> <div class=\"tiled-gallery-caption\" itemprop=\"caption description\"> Los delincuentes realizaron un forado en una muralla de adobe, por donde tuvieron acceso a las oficinas de la Cooperativa e ingresaron herramientas como cilindros de gas, ox\u00edgeno, soplete y otros m\u00e1s. <\/div> <\/div> <\/div> <!-- close group --> <div class=\"gallery-group images-1\" style=\"width: 286px; height: 279px;\" data-original-width=\"286\" data-original-height=\"279\" > <div class=\"tiled-gallery-item tiled-gallery-item-large\" itemprop=\"associatedMedia\" itemscope itemtype=\"http:\/\/schema.org\/ImageObject\"> <a href=\"https:\/\/eltrabajo.cl\/portal\/cae-banda-de-ladrones-mientras-robaban-en-sanfecoop\/rolando-stevenson-18\/\" border=\"0\" itemprop=\"url\"> <meta itemprop=\"width\" content=\"282\"> <meta itemprop=\"height\" content=\"275\"> <img decoding=\"async\" class=\"\" data-attachment-id=\"52020\" data-orig-file=\"https:\/\/eltrabajo.cl\/portal\/wp-content\/uploads\/2014\/10\/Rolando-Stevenson.jpg\" data-orig-size=\"529,516\" data-comments-opened=\"1\" data-image-meta=\"{&quot;aperture&quot;:&quot;0&quot;,&quot;credit&quot;:&quot;&quot;,&quot;camera&quot;:&quot;&quot;,&quot;caption&quot;:&quot;&quot;,&quot;created_timestamp&quot;:&quot;0&quot;,&quot;copyright&quot;:&quot;&quot;,&quot;focal_length&quot;:&quot;0&quot;,&quot;iso&quot;:&quot;0&quot;,&quot;shutter_speed&quot;:&quot;0&quot;,&quot;title&quot;:&quot;&quot;}\" data-image-title=\"Rolando Stevenson\" data-image-description=\"&lt;p&gt;Rolando Stevenson, Presidente del Directorio Sanfecoop.&lt;\/p&gt; \" data-medium-file=\"https:\/\/i0.wp.com\/eltrabajo.cl\/portal\/wp-content\/uploads\/2014\/10\/Rolando-Stevenson.jpg?fit=300%2C292&#038;ssl=1\" data-large-file=\"https:\/\/i0.wp.com\/eltrabajo.cl\/portal\/wp-content\/uploads\/2014\/10\/Rolando-Stevenson.jpg?fit=529%2C516&#038;ssl=1\" src=\"https:\/\/i0.wp.com\/eltrabajo.cl\/portal\/wp-content\/uploads\/2014\/10\/Rolando-Stevenson.jpg?w=282&#038;h=275&#038;ssl=1\" srcset=\"https:\/\/i0.wp.com\/eltrabajo.cl\/portal\/wp-content\/uploads\/2014\/10\/Rolando-Stevenson.jpg?w=529&amp;ssl=1 529w, https:\/\/i0.wp.com\/eltrabajo.cl\/portal\/wp-content\/uploads\/2014\/10\/Rolando-Stevenson.jpg?resize=153%2C150&amp;ssl=1 153w, https:\/\/i0.wp.com\/eltrabajo.cl\/portal\/wp-content\/uploads\/2014\/10\/Rolando-Stevenson.jpg?resize=300%2C292&amp;ssl=1 300w, https:\/\/i0.wp.com\/eltrabajo.cl\/portal\/wp-content\/uploads\/2014\/10\/Rolando-Stevenson.jpg?resize=150%2C146&amp;ssl=1 150w, https:\/\/i0.wp.com\/eltrabajo.cl\/portal\/wp-content\/uploads\/2014\/10\/Rolando-Stevenson.jpg?resize=400%2C390&amp;ssl=1 400w\" width=\"282\" height=\"275\" loading=\"lazy\" data-original-width=\"282\" data-original-height=\"275\" itemprop=\"http:\/\/schema.org\/image\" title=\"Rolando Stevenson\" alt=\"Rolando Stevenson, Presidente del Directorio Sanfecoop.\" style=\"width: 282px; height: 275px;\" \/> <\/a> <div class=\"tiled-gallery-caption\" itemprop=\"caption description\"> Rolando Stevenson, Presidente del Directorio Sanfecoop. <\/div> <\/div> <\/div> <!-- close group --> <\/div> <!-- close row --> <\/div>\n","protected":false},"excerpt":{"rendered":"<p>De manera fulminante y tan r\u00e1pido como se pudo, oficiales de Carabineros lograron dar captura a un grupo delictivo mientras efectuaban un robo al interior de Sanfecoop Putaendo. PUTAENDO.&#8211; Cuatro peligrosos delincuentes&#8230;<\/p>\n","protected":false},"author":482,"featured_media":52017,"comment_status":"open","ping_status":"closed","sticky":false,"template":"","format":"standard","meta":{"advanced_seo_description":"","jetpack_seo_html_title":"","jetpack_seo_noindex":false,"_jetpack_memberships_contains_paid_content":false,"footnotes":""},"categories":[21],"tags":[],"class_list":["post-52016","post","type-post","status-publish","format-standard","has-post-thumbnail","hentry","category-policial"],"jetpack_featured_media_url":"https:\/\/i0.wp.com\/eltrabajo.cl\/portal\/wp-content\/uploads\/2014\/10\/MuyMalos1.jpg?fit=528%2C306&ssl=1","jetpack_sharing_enabled":true,"jetpack_likes_enabled":true,"jetpack-related-posts":[],"_links":{"self":[{"href":"https:\/\/eltrabajo.cl\/portal\/wp-json\/wp\/v2\/posts\/52016","targetHints":{"allow":["GET"]}}],"collection":[{"href":"https:\/\/eltrabajo.cl\/portal\/wp-json\/wp\/v2\/posts"}],"about":[{"href":"https:\/\/eltrabajo.cl\/portal\/wp-json\/wp\/v2\/types\/post"}],"author":[{"embeddable":true,"href":"https:\/\/eltrabajo.cl\/portal\/wp-json\/wp\/v2\/users\/482"}],"replies":[{"embeddable":true,"href":"https:\/\/eltrabajo.cl\/portal\/wp-json\/wp\/v2\/comments?post=52016"}],"version-history":[{"count":0,"href":"https:\/\/eltrabajo.cl\/portal\/wp-json\/wp\/v2\/posts\/52016\/revisions"}],"wp:featuredmedia":[{"embeddable":true,"href":"https:\/\/eltrabajo.cl\/portal\/wp-json\/wp\/v2\/media\/52017"}],"wp:attachment":[{"href":"https:\/\/eltrabajo.cl\/portal\/wp-json\/wp\/v2\/media?parent=52016"}],"wp:term":[{"taxonomy":"category","embeddable":true,"href":"https:\/\/eltrabajo.cl\/portal\/wp-json\/wp\/v2\/categories?post=52016"},{"taxonomy":"post_tag","embeddable":true,"href":"https:\/\/eltrabajo.cl\/portal\/wp-json\/wp\/v2\/tags?post=52016"}],"curies":[{"name":"wp","href":"https:\/\/api.w.org\/{rel}","templated":true}]}}