{"id":52024,"date":"2014-10-08T09:15:14","date_gmt":"2014-10-08T12:15:14","guid":{"rendered":"http:\/\/www.eltrabajo.cl\/portal\/?p=52024"},"modified":"2014-10-08T09:16:12","modified_gmt":"2014-10-08T12:16:12","slug":"aumentan-posibilidades-laborales-para-alumnos-de-la-escuela-sagrado-corazon","status":"publish","type":"post","link":"https:\/\/eltrabajo.cl\/portal\/aumentan-posibilidades-laborales-para-alumnos-de-la-escuela-sagrado-corazon\/","title":{"rendered":"Aumentan posibilidades laborales para alumnos de la Escuela Sagrado Coraz\u00f3n"},"content":{"rendered":"<figure id=\"attachment_52025\" aria-describedby=\"caption-attachment-52025\" style=\"width: 370px\" class=\"wp-caption alignleft\"><a href=\"https:\/\/i0.wp.com\/www.eltrabajo.cl\/portal\/wp-content\/uploads\/2014\/10\/Miguel-Maturana.jpg\"><img data-recalc-dims=\"1\" loading=\"lazy\" decoding=\"async\" class=\"wp-image-52025 \" alt=\"Miguel Maturana es uno de los egresados de la escuela, quien ya est\u00e1 inserto en el mundo laboral.\" src=\"https:\/\/i0.wp.com\/www.eltrabajo.cl\/portal\/wp-content\/uploads\/2014\/10\/Miguel-Maturana.jpg?resize=370%2C280\" width=\"370\" height=\"280\" srcset=\"https:\/\/i0.wp.com\/eltrabajo.cl\/portal\/wp-content\/uploads\/2014\/10\/Miguel-Maturana.jpg?w=528&amp;ssl=1 528w, https:\/\/i0.wp.com\/eltrabajo.cl\/portal\/wp-content\/uploads\/2014\/10\/Miguel-Maturana.jpg?resize=198%2C150&amp;ssl=1 198w, https:\/\/i0.wp.com\/eltrabajo.cl\/portal\/wp-content\/uploads\/2014\/10\/Miguel-Maturana.jpg?resize=300%2C227&amp;ssl=1 300w, https:\/\/i0.wp.com\/eltrabajo.cl\/portal\/wp-content\/uploads\/2014\/10\/Miguel-Maturana.jpg?resize=150%2C113&amp;ssl=1 150w, https:\/\/i0.wp.com\/eltrabajo.cl\/portal\/wp-content\/uploads\/2014\/10\/Miguel-Maturana.jpg?resize=400%2C303&amp;ssl=1 400w\" sizes=\"auto, (max-width: 370px) 100vw, 370px\" \/><\/a><figcaption id=\"caption-attachment-52025\" class=\"wp-caption-text\">Miguel Maturana es uno de los egresados de la escuela, quien ya est\u00e1 inserto en el mundo laboral.<\/figcaption><\/figure>\n<p>Uno de los principales objetivos para la comunidad educativa de la Escuela Sagrado Coraz\u00f3n, es lograr una total integraci\u00f3n de sus alumnos, en todos los aspectos de la vida, siendo el laboral, uno de los principales desaf\u00edos, luego de cursar su educaci\u00f3n regular, en este importante establecimiento educacional municipal de la comuna de la comuna de San Felipe.<\/p>\n<p>Por tal motivo es que desde hace algunos a\u00f1os, el establecimiento est\u00e1 desarrollando el \u2018Proyecto Transici\u00f3n a la vida adulta activa\u2019, el que forma parte del proyecto educativo institucional, y tiene como objetivo, proyectar a los alumnos hacia su vida adulta, siendo un factor importante, el \u00e1rea de trabajadores activos.<\/p>\n<p>El proyecto se divide en dos etapas, las que consisten por una parte, en realizar pasant\u00edas laborales en diferentes empresas, ya que sus competencias se lo permiten de manera auto-valente y por otra parte, enfocar a aquellos alumnos que necesitan una actividad un tanto m\u00e1s protegida.<\/p>\n<p>Para Beatriz Gallardo, directora del establecimiento, la experiencia es bastante positiva, por los buenos resultados que durante este tiempo se han obtenido, argumentando que \u00abestamos muy conformes con la buena acogida que hemos tenido de parte de las empresas que nos han abierto las puertas, porque hemos tenido la posibilidad de instaurar un programa de pasant\u00edas concreta, lo que ha posibilitado tener alumnos contratados, siendo supervisados por la docente a cargo del programa\u00bb.<\/p>\n<p>Las empresas que se han hecho parte del llamado en nuestra comuna son Lider, Sodimac, Suazel, empresa de correo privada GSG, Totus, Parcela Diez, as\u00ed como la valiosa cooperaci\u00f3n de la Municipalidad de San Felipe, quien dio la posibilidad a uno de los alumnos de desempe\u00f1arse en la Oficina de la Discapacidad, y tambi\u00e9n en la Centro Integral del Adulto Mayor, adem\u00e1s de la Universidad de Playa Ancha, quienes han evaluado de manera muy positiva las tareas desarrolladas por los alumnos.<\/p>\n<p>\u00abHacemos un llamado a m\u00e1s empresas, a creer en nuestro trabajo, y que vean los resultados que se pueden obtener, ya que la oportunidad no solo se la dan a ellos, sino que tambi\u00e9n a sus familias, concretando de manera efectiva, la inserci\u00f3n social y laboral\u00bb, concluy\u00f3 Gallardo.<\/p>\n<p>&nbsp;<\/p>\n","protected":false},"excerpt":{"rendered":"<p>Uno de los principales objetivos para la comunidad educativa de la Escuela Sagrado Coraz\u00f3n, es lograr una total integraci\u00f3n de sus alumnos, en todos los aspectos de la vida, siendo el laboral,&#8230;<\/p>\n","protected":false},"author":482,"featured_media":52025,"comment_status":"open","ping_status":"closed","sticky":false,"template":"","format":"standard","meta":{"advanced_seo_description":"","jetpack_seo_html_title":"","jetpack_seo_noindex":false,"_jetpack_memberships_contains_paid_content":false,"footnotes":""},"categories":[15],"tags":[],"class_list":["post-52024","post","type-post","status-publish","format-standard","has-post-thumbnail","hentry","category-comunidad"],"jetpack_featured_media_url":"https:\/\/i0.wp.com\/eltrabajo.cl\/portal\/wp-content\/uploads\/2014\/10\/Miguel-Maturana.jpg?fit=528%2C400&ssl=1","jetpack_sharing_enabled":true,"jetpack_likes_enabled":true,"jetpack-related-posts":[],"_links":{"self":[{"href":"https:\/\/eltrabajo.cl\/portal\/wp-json\/wp\/v2\/posts\/52024","targetHints":{"allow":["GET"]}}],"collection":[{"href":"https:\/\/eltrabajo.cl\/portal\/wp-json\/wp\/v2\/posts"}],"about":[{"href":"https:\/\/eltrabajo.cl\/portal\/wp-json\/wp\/v2\/types\/post"}],"author":[{"embeddable":true,"href":"https:\/\/eltrabajo.cl\/portal\/wp-json\/wp\/v2\/users\/482"}],"replies":[{"embeddable":true,"href":"https:\/\/eltrabajo.cl\/portal\/wp-json\/wp\/v2\/comments?post=52024"}],"version-history":[{"count":0,"href":"https:\/\/eltrabajo.cl\/portal\/wp-json\/wp\/v2\/posts\/52024\/revisions"}],"wp:featuredmedia":[{"embeddable":true,"href":"https:\/\/eltrabajo.cl\/portal\/wp-json\/wp\/v2\/media\/52025"}],"wp:attachment":[{"href":"https:\/\/eltrabajo.cl\/portal\/wp-json\/wp\/v2\/media?parent=52024"}],"wp:term":[{"taxonomy":"category","embeddable":true,"href":"https:\/\/eltrabajo.cl\/portal\/wp-json\/wp\/v2\/categories?post=52024"},{"taxonomy":"post_tag","embeddable":true,"href":"https:\/\/eltrabajo.cl\/portal\/wp-json\/wp\/v2\/tags?post=52024"}],"curies":[{"name":"wp","href":"https:\/\/api.w.org\/{rel}","templated":true}]}}