{"id":52030,"date":"2014-10-08T09:18:16","date_gmt":"2014-10-08T12:18:16","guid":{"rendered":"http:\/\/www.eltrabajo.cl\/portal\/?p=52030"},"modified":"2014-10-08T09:18:16","modified_gmt":"2014-10-08T12:18:16","slug":"realizan-valiosos-cursos-de-primeros-auxilios-a-escolares-de-san-fernando","status":"publish","type":"post","link":"https:\/\/eltrabajo.cl\/portal\/realizan-valiosos-cursos-de-primeros-auxilios-a-escolares-de-san-fernando\/","title":{"rendered":"Realizan valiosos cursos de Primeros Auxilios a escolares de San Fernando"},"content":{"rendered":"<figure id=\"attachment_52031\" aria-describedby=\"caption-attachment-52031\" style=\"width: 529px\" class=\"wp-caption alignnone\"><a href=\"https:\/\/i0.wp.com\/www.eltrabajo.cl\/portal\/wp-content\/uploads\/2014\/10\/Escuela11.jpg\"><img data-recalc-dims=\"1\" loading=\"lazy\" decoding=\"async\" class=\"size-full wp-image-52031\" alt=\"La 1\u00aa Compa\u00f1\u00eda de Bomberos de Santa Mar\u00eda, al mando del Teniente 1\u00b0 y del Instructor Daniel Urtubia, dieron una complet\u00edsima demostraci\u00f3n de un operativo de rescate  en caso de emergencia, adem\u00e1s Primeros Auxilios y recuperaci\u00f3n cardio-vascular.\" src=\"https:\/\/i0.wp.com\/www.eltrabajo.cl\/portal\/wp-content\/uploads\/2014\/10\/Escuela11.jpg?resize=529%2C361\" width=\"529\" height=\"361\" srcset=\"https:\/\/i0.wp.com\/eltrabajo.cl\/portal\/wp-content\/uploads\/2014\/10\/Escuela11.jpg?w=529&amp;ssl=1 529w, https:\/\/i0.wp.com\/eltrabajo.cl\/portal\/wp-content\/uploads\/2014\/10\/Escuela11.jpg?resize=200%2C136&amp;ssl=1 200w, https:\/\/i0.wp.com\/eltrabajo.cl\/portal\/wp-content\/uploads\/2014\/10\/Escuela11.jpg?resize=300%2C204&amp;ssl=1 300w, https:\/\/i0.wp.com\/eltrabajo.cl\/portal\/wp-content\/uploads\/2014\/10\/Escuela11.jpg?resize=150%2C102&amp;ssl=1 150w, https:\/\/i0.wp.com\/eltrabajo.cl\/portal\/wp-content\/uploads\/2014\/10\/Escuela11.jpg?resize=400%2C272&amp;ssl=1 400w\" sizes=\"auto, (max-width: 529px) 100vw, 529px\" \/><\/a><figcaption id=\"caption-attachment-52031\" class=\"wp-caption-text\">La 1\u00aa Compa\u00f1\u00eda de Bomberos de Santa Mar\u00eda, al mando del Teniente 1\u00b0 y del Instructor Daniel Urtubia, dieron una complet\u00edsima demostraci\u00f3n de un operativo de rescate en caso de emergencia, adem\u00e1s Primeros Auxilios y recuperaci\u00f3n cardio-vascular.<\/figcaption><\/figure>\n<p><strong>SANTA MAR\u00cdA<\/strong>.- La Escuela Mar\u00eda Esp\u00ednola Espinoza, consciente de que octubre es un mes de proyectos, cree en que la alianza estado-privados, ha establecido redes estrat\u00e9gicas con el centro general de padres y apoderados, municipio, MOP-Vialidad, 1\u00aa Compa\u00f1\u00eda de Bomberos de Santa Mar\u00eda y Banco Scotiabank, realizando actividades productivas para esta comunidad educativa.<\/p>\n<figure id=\"attachment_52032\" aria-describedby=\"caption-attachment-52032\" style=\"width: 370px\" class=\"wp-caption alignright\"><a href=\"https:\/\/i0.wp.com\/www.eltrabajo.cl\/portal\/wp-content\/uploads\/2014\/10\/escuela2.jpg\"><img data-recalc-dims=\"1\" loading=\"lazy\" decoding=\"async\" class=\" wp-image-52032 \" alt=\"Los gestores de estas jornadas educativas posan para las c\u00e1maras de Diario El Trabajo en compa\u00f1\u00eda del director escolar, Helmut Kauffmann.\" src=\"https:\/\/i0.wp.com\/www.eltrabajo.cl\/portal\/wp-content\/uploads\/2014\/10\/escuela2.jpg?resize=370%2C231\" width=\"370\" height=\"231\" srcset=\"https:\/\/i0.wp.com\/eltrabajo.cl\/portal\/wp-content\/uploads\/2014\/10\/escuela2.jpg?w=529&amp;ssl=1 529w, https:\/\/i0.wp.com\/eltrabajo.cl\/portal\/wp-content\/uploads\/2014\/10\/escuela2.jpg?resize=200%2C124&amp;ssl=1 200w, https:\/\/i0.wp.com\/eltrabajo.cl\/portal\/wp-content\/uploads\/2014\/10\/escuela2.jpg?resize=300%2C187&amp;ssl=1 300w, https:\/\/i0.wp.com\/eltrabajo.cl\/portal\/wp-content\/uploads\/2014\/10\/escuela2.jpg?resize=150%2C93&amp;ssl=1 150w, https:\/\/i0.wp.com\/eltrabajo.cl\/portal\/wp-content\/uploads\/2014\/10\/escuela2.jpg?resize=400%2C249&amp;ssl=1 400w\" sizes=\"auto, (max-width: 370px) 100vw, 370px\" \/><\/a><figcaption id=\"caption-attachment-52032\" class=\"wp-caption-text\">Los gestores de estas jornadas educativas posan para las c\u00e1maras de Diario El Trabajo en compa\u00f1\u00eda del director escolar, Helmut Kauffmann.<\/figcaption><\/figure>\n<p>\u201cEn t\u00e9rminos de seguridad vial, ha estado presente con nosotros el prevencionista de riesgos, Jorge Valenzuela, contratado por Vialidad, dando una charla a todos los estudiantes sobre accidentes en la carretera y reconocimiento de se\u00f1al\u00e9tica, cuidado con los pasos de cebra, uso de paraderos\u201d, coment\u00f3 Helmut Kauffmann, Director de la Escuela Mar\u00eda Esp\u00ednola a Diario El Trabajo.<\/p>\n<p>La 1\u00aa Compa\u00f1\u00eda de Bomberos de Santa Mar\u00eda, al mando del Teniente 1\u00b0 y del Instructor Daniel Urtubia, ambos dieron una complet\u00edsima demostraci\u00f3n de un operativo de rescate en caso de emergencia, adem\u00e1s Primeros Auxilios y recuperaci\u00f3n cardio-vascular.<\/p>\n<p>Por otra parte, el centro general de padres y apoderados, la municipalidad, algunos trabajadores de Agr\u00edcola Gioia, funcionarios del Banco Scotiabank de San Felipe y de Los Andes, contribuir\u00e1n al hermoseamiento del colegio con la creaci\u00f3n de una plazoleta al interior del establecimiento, creaci\u00f3n de \u00e1reas verdes en todo el colegio. Finalizar\u00e1n todas estas iniciativas y actividades, al t\u00e9rmino del mes con una once para todos los alumnos de la escuela.<\/p>\n<p>&nbsp;<\/p>\n","protected":false},"excerpt":{"rendered":"<p>SANTA MAR\u00cdA.- La Escuela Mar\u00eda Esp\u00ednola Espinoza, consciente de que octubre es un mes de proyectos, cree en que la alianza estado-privados, ha establecido redes estrat\u00e9gicas con el centro general de padres&#8230;<\/p>\n","protected":false},"author":482,"featured_media":52031,"comment_status":"open","ping_status":"closed","sticky":false,"template":"","format":"standard","meta":{"advanced_seo_description":"","jetpack_seo_html_title":"","jetpack_seo_noindex":false,"_jetpack_memberships_contains_paid_content":false,"footnotes":""},"categories":[15],"tags":[],"class_list":["post-52030","post","type-post","status-publish","format-standard","has-post-thumbnail","hentry","category-comunidad"],"jetpack_featured_media_url":"https:\/\/i0.wp.com\/eltrabajo.cl\/portal\/wp-content\/uploads\/2014\/10\/Escuela11.jpg?fit=529%2C361&ssl=1","jetpack_sharing_enabled":true,"jetpack_likes_enabled":true,"jetpack-related-posts":[],"_links":{"self":[{"href":"https:\/\/eltrabajo.cl\/portal\/wp-json\/wp\/v2\/posts\/52030","targetHints":{"allow":["GET"]}}],"collection":[{"href":"https:\/\/eltrabajo.cl\/portal\/wp-json\/wp\/v2\/posts"}],"about":[{"href":"https:\/\/eltrabajo.cl\/portal\/wp-json\/wp\/v2\/types\/post"}],"author":[{"embeddable":true,"href":"https:\/\/eltrabajo.cl\/portal\/wp-json\/wp\/v2\/users\/482"}],"replies":[{"embeddable":true,"href":"https:\/\/eltrabajo.cl\/portal\/wp-json\/wp\/v2\/comments?post=52030"}],"version-history":[{"count":0,"href":"https:\/\/eltrabajo.cl\/portal\/wp-json\/wp\/v2\/posts\/52030\/revisions"}],"wp:featuredmedia":[{"embeddable":true,"href":"https:\/\/eltrabajo.cl\/portal\/wp-json\/wp\/v2\/media\/52031"}],"wp:attachment":[{"href":"https:\/\/eltrabajo.cl\/portal\/wp-json\/wp\/v2\/media?parent=52030"}],"wp:term":[{"taxonomy":"category","embeddable":true,"href":"https:\/\/eltrabajo.cl\/portal\/wp-json\/wp\/v2\/categories?post=52030"},{"taxonomy":"post_tag","embeddable":true,"href":"https:\/\/eltrabajo.cl\/portal\/wp-json\/wp\/v2\/tags?post=52030"}],"curies":[{"name":"wp","href":"https:\/\/api.w.org\/{rel}","templated":true}]}}