{"id":52035,"date":"2014-10-08T09:20:25","date_gmt":"2014-10-08T12:20:25","guid":{"rendered":"http:\/\/www.eltrabajo.cl\/portal\/?p=52035"},"modified":"2014-10-08T09:20:25","modified_gmt":"2014-10-08T12:20:25","slug":"entregan-planos-arquitectonicos-de-obras-a-directiva-de-poblacion-juan-cortes","status":"publish","type":"post","link":"https:\/\/eltrabajo.cl\/portal\/entregan-planos-arquitectonicos-de-obras-a-directiva-de-poblacion-juan-cortes\/","title":{"rendered":"Entregan planos arquitect\u00f3nicos de obras a directiva de Poblaci\u00f3n Juan Cort\u00e9s"},"content":{"rendered":"<figure id=\"attachment_52036\" aria-describedby=\"caption-attachment-52036\" style=\"width: 528px\" class=\"wp-caption alignnone\"><a href=\"https:\/\/i0.wp.com\/www.eltrabajo.cl\/portal\/wp-content\/uploads\/2014\/10\/Planos1.jpg\"><img data-recalc-dims=\"1\" loading=\"lazy\" decoding=\"async\" class=\"size-full wp-image-52036\" alt=\"LOS PLANOS.- Los integrantes de la Directiva de Poblaci\u00f3n Juan Cort\u00e9s, recibieron los planos arquitect\u00f3nicos del estadio de Morand\u00e9 y la sede del Centro de Madres Isabel Riquelme.\" src=\"https:\/\/i0.wp.com\/www.eltrabajo.cl\/portal\/wp-content\/uploads\/2014\/10\/Planos1.jpg?resize=528%2C322\" width=\"528\" height=\"322\" srcset=\"https:\/\/i0.wp.com\/eltrabajo.cl\/portal\/wp-content\/uploads\/2014\/10\/Planos1.jpg?w=528&amp;ssl=1 528w, https:\/\/i0.wp.com\/eltrabajo.cl\/portal\/wp-content\/uploads\/2014\/10\/Planos1.jpg?resize=200%2C121&amp;ssl=1 200w, https:\/\/i0.wp.com\/eltrabajo.cl\/portal\/wp-content\/uploads\/2014\/10\/Planos1.jpg?resize=300%2C182&amp;ssl=1 300w, https:\/\/i0.wp.com\/eltrabajo.cl\/portal\/wp-content\/uploads\/2014\/10\/Planos1.jpg?resize=150%2C91&amp;ssl=1 150w, https:\/\/i0.wp.com\/eltrabajo.cl\/portal\/wp-content\/uploads\/2014\/10\/Planos1.jpg?resize=400%2C243&amp;ssl=1 400w\" sizes=\"auto, (max-width: 528px) 100vw, 528px\" \/><\/a><figcaption id=\"caption-attachment-52036\" class=\"wp-caption-text\">LOS PLANOS.- Los integrantes de la Directiva de Poblaci\u00f3n Juan Cort\u00e9s, recibieron los planos arquitect\u00f3nicos del estadio de Morand\u00e9 y la sede del Centro de Madres Isabel Riquelme.<\/figcaption><\/figure>\n<p><strong>LLAY LLAY.<\/strong>&#8211; Los integrantes de la Directiva de Poblaci\u00f3n Juan Cort\u00e9s, recibieron de manos del Alcalde Mario Marillanca y la Concejal Margarita Puebla, los planos arquitect\u00f3nicos de las dos obras que se construir\u00e1n en el sector: el estadio de Morand\u00e9 y la sede del Centro de Madres Isabel Riquelme.<\/p>\n<p>\u201cEl primer plano que entregamos a Don Oscar Hidalgo, es del proyecto que corresponde a la construcci\u00f3n del estadio de Morand\u00e9. Esta es una inversi\u00f3n muy preventiva y que va en beneficio de la salud de los vecinos; de esta manera se van a evitar problemas de salud a los ni\u00f1os; de tipo ergon\u00f3micos, visuales, y de cualquier otra \u00edndole; ya que van a hacer deporte, salir de la vida sedentaria, propia de este tiempo donde cada vez los ni\u00f1os pasan m\u00e1s tiempo frente al computador, lo que a la larga puede traer consecuencias de enfermedades, que se pueden prevenir con la implementaci\u00f3n del gimnasio vecinal que incluye el estadio\u201d, explico el Marillanca.<\/p>\n<p>La inversi\u00f3n para la construcci\u00f3n del estadio asciende a m\u00e1s de $760 millones, recursos que provienen del Gobierno Regional, mas aportes municipales. Las obras se iniciaran a fin del mes de octubre de 2014, y tienen previsto la conclusi\u00f3n de las obras antes de la Pascua. La Concejal Margarita Puebla manifest\u00f3 su alegr\u00eda por esta obra, la que califico \u201ccomo muy provechosa para el sector, va a cambiar la calidad de vida de los vecinos, y sobre todo los ni\u00f1os. Este proyecto est\u00e1 enmarcado dentro del proceso de crecimiento del sector impulsado por el alcalde Mario Marillanca\u201d.<\/p>\n<p>El segundo plano de arquitectura corresponde a la planta de proyecci\u00f3n de la sede del Centro de Madres Isabel Riquelme, por un monto superior a los $32 millones, la construcci\u00f3n de esta obra se estar\u00eda iniciando a fin de a\u00f1o y antes del verano podr\u00eda ser inaugurada.<\/p>\n<p>El Presidente de la Uni\u00f3n Comunal de Juntas de vecinos de Llay Llay y vecino e integrante del a directiva de Poblaci\u00f3n Juan Cort\u00e9s, Oscar Hidalgo, dijo estar muy contento y agradecido por la gesti\u00f3n del alcalde, \u201ctuvimos una buena recepci\u00f3n y disposici\u00f3n del alcalde, quien en todo momento nos entrego apoyo para que estas obras se hagan realidad\u201d.<\/p>\n<p>&nbsp;<\/p>\n","protected":false},"excerpt":{"rendered":"<p>LLAY LLAY.&#8211; Los integrantes de la Directiva de Poblaci\u00f3n Juan Cort\u00e9s, recibieron de manos del Alcalde Mario Marillanca y la Concejal Margarita Puebla, los planos arquitect\u00f3nicos de las dos obras que se&#8230;<\/p>\n","protected":false},"author":482,"featured_media":52036,"comment_status":"open","ping_status":"closed","sticky":false,"template":"","format":"standard","meta":{"advanced_seo_description":"","jetpack_seo_html_title":"","jetpack_seo_noindex":false,"_jetpack_memberships_contains_paid_content":false,"footnotes":""},"categories":[15],"tags":[],"class_list":["post-52035","post","type-post","status-publish","format-standard","has-post-thumbnail","hentry","category-comunidad"],"jetpack_featured_media_url":"https:\/\/i0.wp.com\/eltrabajo.cl\/portal\/wp-content\/uploads\/2014\/10\/Planos1.jpg?fit=528%2C322&ssl=1","jetpack_sharing_enabled":true,"jetpack_likes_enabled":true,"jetpack-related-posts":[],"_links":{"self":[{"href":"https:\/\/eltrabajo.cl\/portal\/wp-json\/wp\/v2\/posts\/52035","targetHints":{"allow":["GET"]}}],"collection":[{"href":"https:\/\/eltrabajo.cl\/portal\/wp-json\/wp\/v2\/posts"}],"about":[{"href":"https:\/\/eltrabajo.cl\/portal\/wp-json\/wp\/v2\/types\/post"}],"author":[{"embeddable":true,"href":"https:\/\/eltrabajo.cl\/portal\/wp-json\/wp\/v2\/users\/482"}],"replies":[{"embeddable":true,"href":"https:\/\/eltrabajo.cl\/portal\/wp-json\/wp\/v2\/comments?post=52035"}],"version-history":[{"count":0,"href":"https:\/\/eltrabajo.cl\/portal\/wp-json\/wp\/v2\/posts\/52035\/revisions"}],"wp:featuredmedia":[{"embeddable":true,"href":"https:\/\/eltrabajo.cl\/portal\/wp-json\/wp\/v2\/media\/52036"}],"wp:attachment":[{"href":"https:\/\/eltrabajo.cl\/portal\/wp-json\/wp\/v2\/media?parent=52035"}],"wp:term":[{"taxonomy":"category","embeddable":true,"href":"https:\/\/eltrabajo.cl\/portal\/wp-json\/wp\/v2\/categories?post=52035"},{"taxonomy":"post_tag","embeddable":true,"href":"https:\/\/eltrabajo.cl\/portal\/wp-json\/wp\/v2\/tags?post=52035"}],"curies":[{"name":"wp","href":"https:\/\/api.w.org\/{rel}","templated":true}]}}