{"id":52042,"date":"2014-10-08T09:23:29","date_gmt":"2014-10-08T12:23:29","guid":{"rendered":"http:\/\/www.eltrabajo.cl\/portal\/?p=52042"},"modified":"2014-10-08T09:23:29","modified_gmt":"2014-10-08T12:23:29","slug":"con-misa-inician-celebracion-del-mes-del-adulto-mayor","status":"publish","type":"post","link":"https:\/\/eltrabajo.cl\/portal\/con-misa-inician-celebracion-del-mes-del-adulto-mayor\/","title":{"rendered":"Con Misa inician celebraci\u00f3n del Mes del Adulto Mayor"},"content":{"rendered":"<figure id=\"attachment_52043\" aria-describedby=\"caption-attachment-52043\" style=\"width: 529px\" class=\"wp-caption alignnone\"><a href=\"https:\/\/i0.wp.com\/www.eltrabajo.cl\/portal\/wp-content\/uploads\/2014\/10\/Misa1.jpg\"><img data-recalc-dims=\"1\" loading=\"lazy\" decoding=\"async\" class=\"size-full wp-image-52043\" alt=\"La Municipalidad de Santa Mar\u00eda dio inicio a la celebraci\u00f3n del Mes del Adulto Mayor, con una eucarist\u00eda en la parroquia Inmaculada Concepci\u00f3n, oficiada por el Sacerdote Claudio Acevedo L\u00f3pez.\" src=\"https:\/\/i0.wp.com\/www.eltrabajo.cl\/portal\/wp-content\/uploads\/2014\/10\/Misa1.jpg?resize=529%2C351\" width=\"529\" height=\"351\" srcset=\"https:\/\/i0.wp.com\/eltrabajo.cl\/portal\/wp-content\/uploads\/2014\/10\/Misa1.jpg?w=529&amp;ssl=1 529w, https:\/\/i0.wp.com\/eltrabajo.cl\/portal\/wp-content\/uploads\/2014\/10\/Misa1.jpg?resize=200%2C132&amp;ssl=1 200w, https:\/\/i0.wp.com\/eltrabajo.cl\/portal\/wp-content\/uploads\/2014\/10\/Misa1.jpg?resize=300%2C199&amp;ssl=1 300w, https:\/\/i0.wp.com\/eltrabajo.cl\/portal\/wp-content\/uploads\/2014\/10\/Misa1.jpg?resize=150%2C99&amp;ssl=1 150w, https:\/\/i0.wp.com\/eltrabajo.cl\/portal\/wp-content\/uploads\/2014\/10\/Misa1.jpg?resize=400%2C265&amp;ssl=1 400w\" sizes=\"auto, (max-width: 529px) 100vw, 529px\" \/><\/a><figcaption id=\"caption-attachment-52043\" class=\"wp-caption-text\">La Municipalidad de Santa Mar\u00eda dio inicio a la celebraci\u00f3n del Mes del Adulto Mayor, con una eucarist\u00eda en la parroquia Inmaculada Concepci\u00f3n, oficiada por el Sacerdote Claudio Acevedo L\u00f3pez.<\/figcaption><\/figure>\n<p><strong>SANTA MAR\u00cdA<\/strong>.- La Municipalidad de Santa Mar\u00eda dio inicio a la celebraci\u00f3n del Mes del Adulto Mayor, con una eucarist\u00eda en la parroquia Inmaculada Concepci\u00f3n, oficiada por el Sacerdote Claudio Acevedo L\u00f3pez y en la que participaron los integrantes de todos los clubes de esta comuna.<\/p>\n<p>La actividad religiosa cont\u00f3 con la participaci\u00f3n del Alcalde Claudio Zurita y los integrantes del concejo municipal, adem\u00e1s de directores y jefes de departamento. En la oportunidad la m\u00e1xima autoridad fue invitada a entregar unas palabras a los integrantes de los clubes de Adulto Mayor presentes y en ellas agradeci\u00f3 por los acontecimientos positivos del a\u00f1o, pidi\u00f3 por la salud y el bienestar de cada uno de los presentes y sus familiares y se refiri\u00f3 a las actividades m\u00e1s destacadas de este periodo.<\/p>\n<p>Culminada la actividad, la m\u00e1xima autoridad comunal manifest\u00f3 que \u201cquiero saludar a todos los adultos mayores de la comuna y entregarles un cari\u00f1oso saludo en este \u00e9poca tan especial. Tambi\u00e9n deseo manifestar toda la gratitud y preocupaci\u00f3n que siento por ellos, lo que queda demostrado por las pol\u00edticas de esta administraci\u00f3n que cuentan con el apoyo permanente del concejo municipal y el trabajo de los funcionarios. Hoy ratifico mi compromiso a seguir apoy\u00e1ndolos con lo que est\u00e9 a mi alcance, como siempre digo, ellos han dejado de trabajar, pero no han dejado de vivir\u201d.<\/p>\n<p>Es importante destacar que esta comuna no celebra s\u00f3lo un D\u00eda del Adulto Mayor, sino que celebra todo un mes de actividades especialmente preparadas para que ellos disfruten, entre ellas podemos destacar principalmente; el viaje recreativo al sector Palomar al recinto de Caja Los Andes; un show art\u00edstico que tendr\u00e1 como plato fuerte a Jos\u00e9 Alfredo Fuentes, \u2018El Pollo Fuentes\u2019; los encuentros inter-generacionales, donde los adultos mayores van a visitar a los jardines infantiles y niveles preb\u00e1sicos para contar sus experiencias y escuchar a los ni\u00f1os y finalmente la coronaci\u00f3n de la reina, con que se dan por terminada todas las actividades del mes.<\/p>\n","protected":false},"excerpt":{"rendered":"<p>SANTA MAR\u00cdA.- La Municipalidad de Santa Mar\u00eda dio inicio a la celebraci\u00f3n del Mes del Adulto Mayor, con una eucarist\u00eda en la parroquia Inmaculada Concepci\u00f3n, oficiada por el Sacerdote Claudio Acevedo L\u00f3pez&#8230;<\/p>\n","protected":false},"author":482,"featured_media":52043,"comment_status":"open","ping_status":"closed","sticky":false,"template":"","format":"standard","meta":{"advanced_seo_description":"","jetpack_seo_html_title":"","jetpack_seo_noindex":false,"_jetpack_memberships_contains_paid_content":false,"footnotes":""},"categories":[15],"tags":[],"class_list":["post-52042","post","type-post","status-publish","format-standard","has-post-thumbnail","hentry","category-comunidad"],"jetpack_featured_media_url":"https:\/\/i0.wp.com\/eltrabajo.cl\/portal\/wp-content\/uploads\/2014\/10\/Misa1.jpg?fit=529%2C351&ssl=1","jetpack_sharing_enabled":true,"jetpack_likes_enabled":true,"jetpack-related-posts":[],"_links":{"self":[{"href":"https:\/\/eltrabajo.cl\/portal\/wp-json\/wp\/v2\/posts\/52042","targetHints":{"allow":["GET"]}}],"collection":[{"href":"https:\/\/eltrabajo.cl\/portal\/wp-json\/wp\/v2\/posts"}],"about":[{"href":"https:\/\/eltrabajo.cl\/portal\/wp-json\/wp\/v2\/types\/post"}],"author":[{"embeddable":true,"href":"https:\/\/eltrabajo.cl\/portal\/wp-json\/wp\/v2\/users\/482"}],"replies":[{"embeddable":true,"href":"https:\/\/eltrabajo.cl\/portal\/wp-json\/wp\/v2\/comments?post=52042"}],"version-history":[{"count":0,"href":"https:\/\/eltrabajo.cl\/portal\/wp-json\/wp\/v2\/posts\/52042\/revisions"}],"wp:featuredmedia":[{"embeddable":true,"href":"https:\/\/eltrabajo.cl\/portal\/wp-json\/wp\/v2\/media\/52043"}],"wp:attachment":[{"href":"https:\/\/eltrabajo.cl\/portal\/wp-json\/wp\/v2\/media?parent=52042"}],"wp:term":[{"taxonomy":"category","embeddable":true,"href":"https:\/\/eltrabajo.cl\/portal\/wp-json\/wp\/v2\/categories?post=52042"},{"taxonomy":"post_tag","embeddable":true,"href":"https:\/\/eltrabajo.cl\/portal\/wp-json\/wp\/v2\/tags?post=52042"}],"curies":[{"name":"wp","href":"https:\/\/api.w.org\/{rel}","templated":true}]}}