{"id":52046,"date":"2014-10-08T09:24:44","date_gmt":"2014-10-08T12:24:44","guid":{"rendered":"http:\/\/www.eltrabajo.cl\/portal\/?p=52046"},"modified":"2014-10-08T09:24:44","modified_gmt":"2014-10-08T12:24:44","slug":"familia-de-pequeno-benjamin-gonzalez-se-aferra-a-un-milagro","status":"publish","type":"post","link":"https:\/\/eltrabajo.cl\/portal\/familia-de-pequeno-benjamin-gonzalez-se-aferra-a-un-milagro\/","title":{"rendered":"Familia de peque\u00f1o Benjam\u00edn Gonz\u00e1lez se aferra a un milagro"},"content":{"rendered":"<figure id=\"attachment_52047\" aria-describedby=\"caption-attachment-52047\" style=\"width: 317px\" class=\"wp-caption alignleft\"><a href=\"https:\/\/i0.wp.com\/www.eltrabajo.cl\/portal\/wp-content\/uploads\/2014\/10\/BENJAMIN-GONZALEZ.jpg\"><img data-recalc-dims=\"1\" loading=\"lazy\" decoding=\"async\" class=\" wp-image-52047 \" alt=\"Lamentablemente los m\u00e9dicos que han tratado y han visto los ex\u00e1menes del peque\u00f1o Benjam\u00edn Gonz\u00e1lez Herrera, han sido lapidarios en cuanto al tumor cerebral que lo afecta.\" src=\"https:\/\/i0.wp.com\/www.eltrabajo.cl\/portal\/wp-content\/uploads\/2014\/10\/BENJAMIN-GONZALEZ.jpg?resize=317%2C366\" width=\"317\" height=\"366\" srcset=\"https:\/\/i0.wp.com\/eltrabajo.cl\/portal\/wp-content\/uploads\/2014\/10\/BENJAMIN-GONZALEZ.jpg?w=529&amp;ssl=1 529w, https:\/\/i0.wp.com\/eltrabajo.cl\/portal\/wp-content\/uploads\/2014\/10\/BENJAMIN-GONZALEZ.jpg?resize=130%2C150&amp;ssl=1 130w, https:\/\/i0.wp.com\/eltrabajo.cl\/portal\/wp-content\/uploads\/2014\/10\/BENJAMIN-GONZALEZ.jpg?resize=260%2C300&amp;ssl=1 260w, https:\/\/i0.wp.com\/eltrabajo.cl\/portal\/wp-content\/uploads\/2014\/10\/BENJAMIN-GONZALEZ.jpg?resize=400%2C461&amp;ssl=1 400w\" sizes=\"auto, (max-width: 317px) 100vw, 317px\" \/><\/a><figcaption id=\"caption-attachment-52047\" class=\"wp-caption-text\">Lamentablemente los m\u00e9dicos que han tratado y han visto los ex\u00e1menes del peque\u00f1o Benjam\u00edn Gonz\u00e1lez Herrera, han sido lapidarios en cuanto al tumor cerebral que lo afecta.<\/figcaption><\/figure>\n<p><strong>PUTAENDO.<\/strong>&#8211; Lamentablemente los m\u00e9dicos que han tratado y han visto los ex\u00e1menes del peque\u00f1o Benjam\u00edn Gonz\u00e1lez Herrera, han sido lapidarios en cuanto al tumor cerebral que lo afecta, por lo que sus padres y familia hoy se aferran s\u00f3lo a la posibilidad de un milagro que permita que el peque\u00f1o Benjam\u00edn supere esta cruel enfermedad.<\/p>\n<p>Sus padres, Fernanda y Cristian, hace s\u00f3lo un par de d\u00edas nos sorprendieron al escribir en su cuenta de Facebook lo siguiente:<\/p>\n<p>\u00abQuerida gente que nos apoya siempre con nuestro hijo, queremos contarles que el Benjita se encuentra bien, est\u00e1 comenzando a tener mas movilidad en su cuerpo, incluyendo valbuseos y sonrisas.<\/p>\n<p>En relaci\u00f3n al tratamiento que hab\u00eda en la Cl\u00ednica D\u00e1vila de Santiago nos fue mal, el m\u00e9dico luego de ver los ex\u00e1menes del Benjita dijo que ya el tumor es Grado 4 y no existe tratamiento, as\u00ed que se mantiene en cuidados paliativos&#8230; pero este no es el final de nuestro camino, ya que a\u00fan tenemos toda la fe, esperanza y seguridad que nuestro amado Dios nos ayudar\u00e1 a tener un mejor final con el Benjita, \u00c9l, s\u00f3lo \u00c9l, sabe qu\u00e9 pasar\u00e1 ahora en adelante, as\u00ed que todas nuestras cartas puestas hacia \u00c9l\u00bb<\/p>\n<p>Hoy, el peque\u00f1o Benjam\u00edn se encuentra junto a sus padres en Putaendo y s\u00f3lo con medicamentos paliativos para el dolor, y su familia ha organizado una cadena de oraci\u00f3n que todos los d\u00edas a las 22:00 horas pretende unir a miles de personas para pedir un milagro que permita que el peque\u00f1o Benjam\u00edn tenga una oportunidad en la vida.<\/p>\n<p>Cristian Gonz\u00e1lez, padre de Benjam\u00edn, hoy cuenta con un trabajo que no le permite solventar los gastos que ha demandado la enfermedad de su hijo y los cuidados especiales que hoy debe tener, por lo que Putaendo Informa en conjunto con Radio FM Vida, la ma\u00f1ana de este martes comenzaron una campa\u00f1a de recolecci\u00f3n de dinero que finalizar\u00e1 el pr\u00f3ximo viernes al mediod\u00eda, dinero que tiene por finalidad ayudar econ\u00f3micamente a esta joven pareja y ayudarles a solventar los gastos que est\u00e1n enfrentando.<\/p>\n<p>Los estudios de Radio FM Vida ubicados en Calle San Mart\u00edn 683 Putaendo est\u00e1n habilitados para recibir su aporte, y las consultas se pueden realizar a los tel\u00e9fonos 234502040 y 234502557 o tambi\u00e9n se pueden contactar a los correos putaendoinforma@gmail.com y radiofmvida@gmail.com.<\/p>\n<p>Vale la pena destacar que algunas esforzadas trabajadoras se encuentran repartiendo sobres con el timbre de Radio FM Vida en la zona c\u00e9ntrica de Putaendo, los que ser\u00e1n retirados el viernes en horas de la ma\u00f1ana, para ojala lograr juntar una importante suma de dinero que ayude a la familia de Benjita.<\/p>\n<p>Quienes deseen depositar directamente, la cuenta corriente es N\u00b0 22160248045 de Banco Estado a nombre de Benjam\u00edn Gonz\u00e1lez Herrera.<\/p>\n<p>Patricio Gallardo M.<\/p>\n","protected":false},"excerpt":{"rendered":"<p>PUTAENDO.&#8211; Lamentablemente los m\u00e9dicos que han tratado y han visto los ex\u00e1menes del peque\u00f1o Benjam\u00edn Gonz\u00e1lez Herrera, han sido lapidarios en cuanto al tumor cerebral que lo afecta, por lo que sus&#8230;<\/p>\n","protected":false},"author":482,"featured_media":52047,"comment_status":"open","ping_status":"closed","sticky":false,"template":"","format":"standard","meta":{"advanced_seo_description":"","jetpack_seo_html_title":"","jetpack_seo_noindex":false,"_jetpack_memberships_contains_paid_content":false,"footnotes":""},"categories":[15],"tags":[],"class_list":["post-52046","post","type-post","status-publish","format-standard","has-post-thumbnail","hentry","category-comunidad"],"jetpack_featured_media_url":"https:\/\/i0.wp.com\/eltrabajo.cl\/portal\/wp-content\/uploads\/2014\/10\/BENJAMIN-GONZALEZ.jpg?fit=529%2C610&ssl=1","jetpack_sharing_enabled":true,"jetpack_likes_enabled":true,"jetpack-related-posts":[],"_links":{"self":[{"href":"https:\/\/eltrabajo.cl\/portal\/wp-json\/wp\/v2\/posts\/52046","targetHints":{"allow":["GET"]}}],"collection":[{"href":"https:\/\/eltrabajo.cl\/portal\/wp-json\/wp\/v2\/posts"}],"about":[{"href":"https:\/\/eltrabajo.cl\/portal\/wp-json\/wp\/v2\/types\/post"}],"author":[{"embeddable":true,"href":"https:\/\/eltrabajo.cl\/portal\/wp-json\/wp\/v2\/users\/482"}],"replies":[{"embeddable":true,"href":"https:\/\/eltrabajo.cl\/portal\/wp-json\/wp\/v2\/comments?post=52046"}],"version-history":[{"count":0,"href":"https:\/\/eltrabajo.cl\/portal\/wp-json\/wp\/v2\/posts\/52046\/revisions"}],"wp:featuredmedia":[{"embeddable":true,"href":"https:\/\/eltrabajo.cl\/portal\/wp-json\/wp\/v2\/media\/52047"}],"wp:attachment":[{"href":"https:\/\/eltrabajo.cl\/portal\/wp-json\/wp\/v2\/media?parent=52046"}],"wp:term":[{"taxonomy":"category","embeddable":true,"href":"https:\/\/eltrabajo.cl\/portal\/wp-json\/wp\/v2\/categories?post=52046"},{"taxonomy":"post_tag","embeddable":true,"href":"https:\/\/eltrabajo.cl\/portal\/wp-json\/wp\/v2\/tags?post=52046"}],"curies":[{"name":"wp","href":"https:\/\/api.w.org\/{rel}","templated":true}]}}