{"id":52050,"date":"2014-10-08T09:27:56","date_gmt":"2014-10-08T12:27:56","guid":{"rendered":"http:\/\/www.eltrabajo.cl\/portal\/?p=52050"},"modified":"2014-10-08T09:27:56","modified_gmt":"2014-10-08T12:27:56","slug":"cuarta-cicletada-pedaleando-por-una-vida-libre-de-drogas-y-alcohol","status":"publish","type":"post","link":"https:\/\/eltrabajo.cl\/portal\/cuarta-cicletada-pedaleando-por-una-vida-libre-de-drogas-y-alcohol\/","title":{"rendered":"Cuarta cicletada \u2018Pedaleando por una vida libre de drogas y alcohol\u2019"},"content":{"rendered":"<figure id=\"attachment_52051\" aria-describedby=\"caption-attachment-52051\" style=\"width: 528px\" class=\"wp-caption alignnone\"><a href=\"https:\/\/i0.wp.com\/www.eltrabajo.cl\/portal\/wp-content\/uploads\/2014\/10\/Senda1.jpg\"><img data-recalc-dims=\"1\" loading=\"lazy\" decoding=\"async\" class=\"size-full wp-image-52051\" alt=\"Con gran \u00e9xito se desarroll\u00f3 en Santa Mar\u00eda, la \u20184\u00aa Cicletada preventiva\u2019, organizada por el Programa Senda Previene, la Municipalidad de Santa Mar\u00eda y el Centro de Salud Familiar.\" src=\"https:\/\/i0.wp.com\/www.eltrabajo.cl\/portal\/wp-content\/uploads\/2014\/10\/Senda1.jpg?resize=528%2C358\" width=\"528\" height=\"358\" srcset=\"https:\/\/i0.wp.com\/eltrabajo.cl\/portal\/wp-content\/uploads\/2014\/10\/Senda1.jpg?w=528&amp;ssl=1 528w, https:\/\/i0.wp.com\/eltrabajo.cl\/portal\/wp-content\/uploads\/2014\/10\/Senda1.jpg?resize=200%2C135&amp;ssl=1 200w, https:\/\/i0.wp.com\/eltrabajo.cl\/portal\/wp-content\/uploads\/2014\/10\/Senda1.jpg?resize=300%2C203&amp;ssl=1 300w, https:\/\/i0.wp.com\/eltrabajo.cl\/portal\/wp-content\/uploads\/2014\/10\/Senda1.jpg?resize=150%2C101&amp;ssl=1 150w, https:\/\/i0.wp.com\/eltrabajo.cl\/portal\/wp-content\/uploads\/2014\/10\/Senda1.jpg?resize=400%2C271&amp;ssl=1 400w\" sizes=\"auto, (max-width: 528px) 100vw, 528px\" \/><\/a><figcaption id=\"caption-attachment-52051\" class=\"wp-caption-text\">Con gran \u00e9xito se desarroll\u00f3 en Santa Mar\u00eda, la \u20184\u00aa Cicletada preventiva\u2019, organizada por el Programa Senda Previene, la Municipalidad de Santa Mar\u00eda y el Centro de Salud Familiar.<\/figcaption><\/figure>\n<p><strong>SANTA MAR\u00cdA<\/strong>.- Con gran \u00e9xito se desarroll\u00f3 en Santa Mar\u00eda, la \u20184\u00aa Cicletada preventiva\u2019, organizada por el Programa Senda Previene, la Municipalidad de Santa Mar\u00eda y el Centro de Salud Familiar. La actividad tuvo como slogan \u2018Todos juntos por una vida m\u00e1s sana sin drogas y sin alcohol\u2019, promoviendo una vida saludable, para combatir el sedentarismo en ni\u00f1os, j\u00f3venes y adolescentes, sin consumo de drogas y alcohol.<\/p>\n<p>En el encuentro participaron las escuelas, Julio Tejedor Z\u00fa\u00f1iga de Jahuelito; La Higuera; Aurora Velasco de Las Cabras; David del Curto de Santa Filomena; Mar\u00eda Esp\u00ednola de San Fernando; Guillermo Ba\u00f1ados de Las Cadenas y el Liceo Dar\u00edo Salas.<\/p>\n<p>La cicletada se inici\u00f3 en Cruce de Tabolango, sector El Zaino, donde los alumnos, padres y apoderados acompa\u00f1ados de directores, profesores y asistentes de la educaci\u00f3n, avanzaron sobre los pedales hasta llegar a la Plaza de Armas, donde los esperaban las autoridades comunales, encabezadas por el Alcalde Claudio Zurita, los concejales Marisol Ponce y David Olgu\u00edn, as\u00ed como directores de unidades municipales, quienes entregaron los premios y reconocimientos, adem\u00e1s de colaciones saludables para los participantes.<\/p>\n<p>El recorrido fue acompa\u00f1ado por un furg\u00f3n de Carabineros, adem\u00e1s de profesionales del Cesfam Santa Mar\u00eda, Servicio Pa\u00eds y Seguridad Ciudadana, quienes velaron por la seguridad de los ciclistas.<\/p>\n<p>La Coordinadora Comunal de Senda Previene, Claudia Herrera, indic\u00f3 que \u00abesta actividad se planific\u00f3 en el contexto de que los ni\u00f1os de hoy son propensos a llevar una vida relativamente sedentaria y expuestos a adquirir malos h\u00e1bitos, como el mal uso del tiempo libre, los que se pueden combatir educ\u00e1ndolos en la importancia que tiene el ejercicio f\u00edsico y la recreaci\u00f3n a trav\u00e9s de una vida saludable\u00bb.<\/p>\n<p>Por su parte Claudio Zurita, dijo que \u00abla actividad me pareci\u00f3 muy positiva, con una muy buena convocatoria y destaco la disposici\u00f3n de los colegios para participar en nuestras actividades. Quiero agradecer el importante apoyo de Carabineros, del concejo municipal y aquel que siempre nos brindan las unidades y funcionarios municipales. Una de las principales preocupaciones del alcalde, es el cuidado y prevenci\u00f3n especialmente en los m\u00e1s j\u00f3venes y seguiremos apoyando todas las instancias que sean necesarias en esta \u00e1rea tan importante\u00bb, agreg\u00f3 el alcalde de la comuna.<\/p>\n<div class=\"tiled-gallery type-rectangular tiled-gallery-unresized\" data-original-width=\"640\" data-carousel-extra='null' itemscope itemtype=\"http:\/\/schema.org\/ImageGallery\" > <div class=\"gallery-row\" style=\"width: 640px; height: 206px;\" data-original-width=\"640\" data-original-height=\"206\" > <div class=\"gallery-group images-1\" style=\"width: 302px; height: 206px;\" data-original-width=\"302\" data-original-height=\"206\" > <div class=\"tiled-gallery-item tiled-gallery-item-large\" itemprop=\"associatedMedia\" itemscope itemtype=\"http:\/\/schema.org\/ImageObject\"> <a href=\"https:\/\/eltrabajo.cl\/portal\/cuarta-cicletada-pedaleando-por-una-vida-libre-de-drogas-y-alcohol\/senda2-6\/\" border=\"0\" itemprop=\"url\"> <meta itemprop=\"width\" content=\"298\"> <meta itemprop=\"height\" content=\"202\"> <img decoding=\"async\" class=\"\" data-attachment-id=\"52052\" data-orig-file=\"https:\/\/eltrabajo.cl\/portal\/wp-content\/uploads\/2014\/10\/Senda2.jpg\" data-orig-size=\"528,358\" data-comments-opened=\"1\" data-image-meta=\"{&quot;aperture&quot;:&quot;0&quot;,&quot;credit&quot;:&quot;&quot;,&quot;camera&quot;:&quot;&quot;,&quot;caption&quot;:&quot;&quot;,&quot;created_timestamp&quot;:&quot;0&quot;,&quot;copyright&quot;:&quot;&quot;,&quot;focal_length&quot;:&quot;0&quot;,&quot;iso&quot;:&quot;0&quot;,&quot;shutter_speed&quot;:&quot;0&quot;,&quot;title&quot;:&quot;&quot;}\" data-image-title=\"Senda2\" data-image-description=\"&lt;p&gt;La cicletada se inici\u00f3 en Cruce de Tabolango, sector El Zaino, donde los alumnos, padres y apoderados, avanzaron sobre los pedales hasta llegar a la Plaza de Armas.&lt;\/p&gt; \" data-medium-file=\"https:\/\/i0.wp.com\/eltrabajo.cl\/portal\/wp-content\/uploads\/2014\/10\/Senda2.jpg?fit=300%2C203&#038;ssl=1\" data-large-file=\"https:\/\/i0.wp.com\/eltrabajo.cl\/portal\/wp-content\/uploads\/2014\/10\/Senda2.jpg?fit=528%2C358&#038;ssl=1\" src=\"https:\/\/i0.wp.com\/eltrabajo.cl\/portal\/wp-content\/uploads\/2014\/10\/Senda2.jpg?w=298&#038;h=202&#038;ssl=1\" srcset=\"https:\/\/i0.wp.com\/eltrabajo.cl\/portal\/wp-content\/uploads\/2014\/10\/Senda2.jpg?w=528&amp;ssl=1 528w, https:\/\/i0.wp.com\/eltrabajo.cl\/portal\/wp-content\/uploads\/2014\/10\/Senda2.jpg?resize=200%2C135&amp;ssl=1 200w, https:\/\/i0.wp.com\/eltrabajo.cl\/portal\/wp-content\/uploads\/2014\/10\/Senda2.jpg?resize=300%2C203&amp;ssl=1 300w, https:\/\/i0.wp.com\/eltrabajo.cl\/portal\/wp-content\/uploads\/2014\/10\/Senda2.jpg?resize=150%2C101&amp;ssl=1 150w, https:\/\/i0.wp.com\/eltrabajo.cl\/portal\/wp-content\/uploads\/2014\/10\/Senda2.jpg?resize=400%2C271&amp;ssl=1 400w\" width=\"298\" height=\"202\" loading=\"lazy\" data-original-width=\"298\" data-original-height=\"202\" itemprop=\"http:\/\/schema.org\/image\" title=\"Senda2\" alt=\"La cicletada se inici\u00f3 en Cruce de Tabolango, sector El Zaino, donde los alumnos, padres y apoderados, avanzaron sobre los pedales hasta llegar a la Plaza de Armas.\" style=\"width: 298px; height: 202px;\" \/> <\/a> <div class=\"tiled-gallery-caption\" itemprop=\"caption description\"> La cicletada se inici\u00f3 en Cruce de Tabolango, sector El Zaino, donde los alumnos, padres y apoderados, avanzaron sobre los pedales hasta llegar a la Plaza de Armas. <\/div> <\/div> <\/div> <!-- close group --> <div class=\"gallery-group images-1\" style=\"width: 338px; height: 206px;\" data-original-width=\"338\" data-original-height=\"206\" > <div class=\"tiled-gallery-item tiled-gallery-item-large\" itemprop=\"associatedMedia\" itemscope itemtype=\"http:\/\/schema.org\/ImageObject\"> <a href=\"https:\/\/eltrabajo.cl\/portal\/cuarta-cicletada-pedaleando-por-una-vida-libre-de-drogas-y-alcohol\/senda3-2\/\" border=\"0\" itemprop=\"url\"> <meta itemprop=\"width\" content=\"334\"> <meta itemprop=\"height\" content=\"202\"> <img decoding=\"async\" class=\"\" data-attachment-id=\"52053\" data-orig-file=\"https:\/\/eltrabajo.cl\/portal\/wp-content\/uploads\/2014\/10\/Senda3.jpg\" data-orig-size=\"529,321\" data-comments-opened=\"1\" data-image-meta=\"{&quot;aperture&quot;:&quot;0&quot;,&quot;credit&quot;:&quot;&quot;,&quot;camera&quot;:&quot;&quot;,&quot;caption&quot;:&quot;&quot;,&quot;created_timestamp&quot;:&quot;0&quot;,&quot;copyright&quot;:&quot;&quot;,&quot;focal_length&quot;:&quot;0&quot;,&quot;iso&quot;:&quot;0&quot;,&quot;shutter_speed&quot;:&quot;0&quot;,&quot;title&quot;:&quot;&quot;}\" data-image-title=\"Senda3\" data-image-description=\"&lt;p&gt;El recorrido fue acompa\u00f1ado por un furg\u00f3n de Carabineros, adem\u00e1s de profesionales del Cesfam Santa Mar\u00eda, Servicio Pa\u00eds y Seguridad Ciudadana, quienes velaron por la seguridad de los ciclistas.&lt;\/p&gt; \" data-medium-file=\"https:\/\/i0.wp.com\/eltrabajo.cl\/portal\/wp-content\/uploads\/2014\/10\/Senda3.jpg?fit=300%2C182&#038;ssl=1\" data-large-file=\"https:\/\/i0.wp.com\/eltrabajo.cl\/portal\/wp-content\/uploads\/2014\/10\/Senda3.jpg?fit=529%2C321&#038;ssl=1\" src=\"https:\/\/i0.wp.com\/eltrabajo.cl\/portal\/wp-content\/uploads\/2014\/10\/Senda3.jpg?w=334&#038;h=202&#038;ssl=1\" srcset=\"https:\/\/i0.wp.com\/eltrabajo.cl\/portal\/wp-content\/uploads\/2014\/10\/Senda3.jpg?w=529&amp;ssl=1 529w, https:\/\/i0.wp.com\/eltrabajo.cl\/portal\/wp-content\/uploads\/2014\/10\/Senda3.jpg?resize=200%2C121&amp;ssl=1 200w, https:\/\/i0.wp.com\/eltrabajo.cl\/portal\/wp-content\/uploads\/2014\/10\/Senda3.jpg?resize=300%2C182&amp;ssl=1 300w, https:\/\/i0.wp.com\/eltrabajo.cl\/portal\/wp-content\/uploads\/2014\/10\/Senda3.jpg?resize=150%2C91&amp;ssl=1 150w, https:\/\/i0.wp.com\/eltrabajo.cl\/portal\/wp-content\/uploads\/2014\/10\/Senda3.jpg?resize=400%2C242&amp;ssl=1 400w\" width=\"334\" height=\"202\" loading=\"lazy\" data-original-width=\"334\" data-original-height=\"202\" itemprop=\"http:\/\/schema.org\/image\" title=\"Senda3\" alt=\"El recorrido fue acompa\u00f1ado por un furg\u00f3n de Carabineros, adem\u00e1s de profesionales del Cesfam Santa Mar\u00eda, Servicio Pa\u00eds y Seguridad Ciudadana, quienes velaron por la seguridad de los ciclistas.\" style=\"width: 334px; height: 202px;\" \/> <\/a> <div class=\"tiled-gallery-caption\" itemprop=\"caption description\"> El recorrido fue acompa\u00f1ado por un furg\u00f3n de Carabineros, adem\u00e1s de profesionales del Cesfam Santa Mar\u00eda, Servicio Pa\u00eds y Seguridad Ciudadana, quienes velaron por la seguridad de los ciclistas. <\/div> <\/div> <\/div> <!-- close group --> <\/div> <!-- close row --> <\/div>\n","protected":false},"excerpt":{"rendered":"<p>SANTA MAR\u00cdA.- Con gran \u00e9xito se desarroll\u00f3 en Santa Mar\u00eda, la \u20184\u00aa Cicletada preventiva\u2019, organizada por el Programa Senda Previene, la Municipalidad de Santa Mar\u00eda y el Centro de Salud Familiar. La&#8230;<\/p>\n","protected":false},"author":482,"featured_media":52051,"comment_status":"open","ping_status":"closed","sticky":false,"template":"","format":"standard","meta":{"advanced_seo_description":"","jetpack_seo_html_title":"","jetpack_seo_noindex":false,"_jetpack_memberships_contains_paid_content":false,"footnotes":""},"categories":[15],"tags":[],"class_list":["post-52050","post","type-post","status-publish","format-standard","has-post-thumbnail","hentry","category-comunidad"],"jetpack_featured_media_url":"https:\/\/i0.wp.com\/eltrabajo.cl\/portal\/wp-content\/uploads\/2014\/10\/Senda1.jpg?fit=528%2C358&ssl=1","jetpack_sharing_enabled":true,"jetpack_likes_enabled":true,"jetpack-related-posts":[],"_links":{"self":[{"href":"https:\/\/eltrabajo.cl\/portal\/wp-json\/wp\/v2\/posts\/52050","targetHints":{"allow":["GET"]}}],"collection":[{"href":"https:\/\/eltrabajo.cl\/portal\/wp-json\/wp\/v2\/posts"}],"about":[{"href":"https:\/\/eltrabajo.cl\/portal\/wp-json\/wp\/v2\/types\/post"}],"author":[{"embeddable":true,"href":"https:\/\/eltrabajo.cl\/portal\/wp-json\/wp\/v2\/users\/482"}],"replies":[{"embeddable":true,"href":"https:\/\/eltrabajo.cl\/portal\/wp-json\/wp\/v2\/comments?post=52050"}],"version-history":[{"count":0,"href":"https:\/\/eltrabajo.cl\/portal\/wp-json\/wp\/v2\/posts\/52050\/revisions"}],"wp:featuredmedia":[{"embeddable":true,"href":"https:\/\/eltrabajo.cl\/portal\/wp-json\/wp\/v2\/media\/52051"}],"wp:attachment":[{"href":"https:\/\/eltrabajo.cl\/portal\/wp-json\/wp\/v2\/media?parent=52050"}],"wp:term":[{"taxonomy":"category","embeddable":true,"href":"https:\/\/eltrabajo.cl\/portal\/wp-json\/wp\/v2\/categories?post=52050"},{"taxonomy":"post_tag","embeddable":true,"href":"https:\/\/eltrabajo.cl\/portal\/wp-json\/wp\/v2\/tags?post=52050"}],"curies":[{"name":"wp","href":"https:\/\/api.w.org\/{rel}","templated":true}]}}