{"id":52068,"date":"2014-10-08T09:34:29","date_gmt":"2014-10-08T12:34:29","guid":{"rendered":"http:\/\/www.eltrabajo.cl\/portal\/?p=52068"},"modified":"2014-10-08T09:34:29","modified_gmt":"2014-10-08T12:34:29","slug":"piden-tomar-drasticas-medidas-tras-nuevo-robo-en-escuela-de-catemu","status":"publish","type":"post","link":"https:\/\/eltrabajo.cl\/portal\/piden-tomar-drasticas-medidas-tras-nuevo-robo-en-escuela-de-catemu\/","title":{"rendered":"Piden tomar dr\u00e1sticas medidas tras nuevo robo en escuela de Catemu"},"content":{"rendered":"<figure id=\"attachment_52069\" aria-describedby=\"caption-attachment-52069\" style=\"width: 528px\" class=\"wp-caption alignnone\"><a href=\"https:\/\/i0.wp.com\/www.eltrabajo.cl\/portal\/wp-content\/uploads\/2014\/10\/Robo-1.jpg\"><img data-recalc-dims=\"1\" loading=\"lazy\" decoding=\"async\" class=\"size-full wp-image-52069\" alt=\"La Direcci\u00f3n de Administraci\u00f3n de Educaci\u00f3n Municipal de Catemu tambi\u00e9n ha sido v\u00edctima de los robos.\" src=\"https:\/\/i0.wp.com\/www.eltrabajo.cl\/portal\/wp-content\/uploads\/2014\/10\/Robo-1.jpg?resize=528%2C304\" width=\"528\" height=\"304\" srcset=\"https:\/\/i0.wp.com\/eltrabajo.cl\/portal\/wp-content\/uploads\/2014\/10\/Robo-1.jpg?w=528&amp;ssl=1 528w, https:\/\/i0.wp.com\/eltrabajo.cl\/portal\/wp-content\/uploads\/2014\/10\/Robo-1.jpg?resize=200%2C115&amp;ssl=1 200w, https:\/\/i0.wp.com\/eltrabajo.cl\/portal\/wp-content\/uploads\/2014\/10\/Robo-1.jpg?resize=300%2C172&amp;ssl=1 300w, https:\/\/i0.wp.com\/eltrabajo.cl\/portal\/wp-content\/uploads\/2014\/10\/Robo-1.jpg?resize=150%2C86&amp;ssl=1 150w, https:\/\/i0.wp.com\/eltrabajo.cl\/portal\/wp-content\/uploads\/2014\/10\/Robo-1.jpg?resize=400%2C230&amp;ssl=1 400w\" sizes=\"auto, (max-width: 528px) 100vw, 528px\" \/><\/a><figcaption id=\"caption-attachment-52069\" class=\"wp-caption-text\">La Direcci\u00f3n de Administraci\u00f3n de Educaci\u00f3n Municipal de Catemu tambi\u00e9n ha sido v\u00edctima de los robos.<\/figcaption><\/figure>\n<p>Un nuevo episodio de robo se cometi\u00f3 al interior de la Escuela Mar\u00eda Teresa Del Canto en la comuna Catemu, robo cuyos desconocidos se apoderaron de una m\u00e1quina soldadora y diversas herramientas desde una sala utilizada como taller cuyos alumnos utilizan para la confecci\u00f3n de manualidades en fierro y maderas.<\/p>\n<p>El establecimiento ya ha sido atentado en m\u00e1s siete oportunidades en las \u00faltimas semanas, siendo este \u00faltimo ocurrido en horas de la madrugada del pasado domingo, cuando qued\u00f3 al descubierto la p\u00e9rdida de las herramientas desde la el taller del Centro de Capacitaci\u00f3n Laboral que funciona para los escolares.<\/p>\n<figure id=\"attachment_52070\" aria-describedby=\"caption-attachment-52070\" style=\"width: 317px\" class=\"wp-caption alignright\"><a href=\"https:\/\/i0.wp.com\/www.eltrabajo.cl\/portal\/wp-content\/uploads\/2014\/10\/robo-2.jpg\"><img data-recalc-dims=\"1\" loading=\"lazy\" decoding=\"async\" class=\" wp-image-52070 \" alt=\" En los \u00faltimos d\u00edas grupos de desconocidos han ingresado ya m\u00e1s de siete veces hasta la Escuela Mar\u00eda Teresa Del Canto de Catemu.  (Foto @Catemuinforma). \" src=\"https:\/\/i0.wp.com\/www.eltrabajo.cl\/portal\/wp-content\/uploads\/2014\/10\/robo-2.jpg?resize=317%2C421\" width=\"317\" height=\"421\" srcset=\"https:\/\/i0.wp.com\/eltrabajo.cl\/portal\/wp-content\/uploads\/2014\/10\/robo-2.jpg?w=529&amp;ssl=1 529w, https:\/\/i0.wp.com\/eltrabajo.cl\/portal\/wp-content\/uploads\/2014\/10\/robo-2.jpg?resize=113%2C150&amp;ssl=1 113w, https:\/\/i0.wp.com\/eltrabajo.cl\/portal\/wp-content\/uploads\/2014\/10\/robo-2.jpg?resize=226%2C300&amp;ssl=1 226w, https:\/\/i0.wp.com\/eltrabajo.cl\/portal\/wp-content\/uploads\/2014\/10\/robo-2.jpg?resize=400%2C530&amp;ssl=1 400w\" sizes=\"auto, (max-width: 317px) 100vw, 317px\" \/><\/a><figcaption id=\"caption-attachment-52070\" class=\"wp-caption-text\">En los \u00faltimos d\u00edas grupos de desconocidos han ingresado ya m\u00e1s de siete veces hasta la Escuela Mar\u00eda Teresa Del Canto de Catemu.<br \/>(Foto @Catemuinforma).<\/figcaption><\/figure>\n<p>Los antisociales escalaron por uno de los muros para violentar una ventana del segundo piso que estaba con protecci\u00f3n y de esta forma accedieron a las dependencias para robar las especies sin lograr hasta el momento su identificaci\u00f3n y posterior detenci\u00f3n por parte de Carabineros.<\/p>\n<p>La Direcci\u00f3n de Administraci\u00f3n de Educaci\u00f3n Municipal gestionar\u00e1 una reuni\u00f3n con todos los directores de los establecimientos de la comuna, Carabineros y el Alcalde Boris Luksic para evaluar la cr\u00edtica situaci\u00f3n delictual que abunda en la comuna para tomar medidas, que en definitiva las escuelas dejen de ser el blanco para los antisociales para cometer robos, cuyos afectados son los propios alumnos que asisten a los colegios.<\/p>\n<p>La semana pasada esta misma escuela fue v\u00edctima de robo en el mismo lugar, cuyos delincuentes sustrajeron una cantidad considerable de electrodom\u00e9sticos de cocina y otras especies, utilizadas para los cursos de reposter\u00eda donde asisten las alumnas para la elaboraci\u00f3n de los alimentos.<\/p>\n<p>\u00abVamos a tener que invertir en c\u00e1maras de vigilancia o personal de seguridad, pero algo tenemos que hacer, la delincuencia a superado los l\u00edmites, el fin de semana pasado tambi\u00e9n intentaron ingresar y alcanzaron escapar cuando lleg\u00f3 Carabineros. Nos reuniremos con las autoridades comunales para evaluar toda esta situaci\u00f3n delictual para tomar medidas al respecto\u00bb, se\u00f1al\u00f3 a Diario El Trabajo el Jefe de la Daem F\u00e9lix Ar\u00e9valo.<\/p>\n<p>Pablo Salinas Sald\u00edas<\/p>\n","protected":false},"excerpt":{"rendered":"<p>Un nuevo episodio de robo se cometi\u00f3 al interior de la Escuela Mar\u00eda Teresa Del Canto en la comuna Catemu, robo cuyos desconocidos se apoderaron de una m\u00e1quina soldadora y diversas herramientas&#8230;<\/p>\n","protected":false},"author":482,"featured_media":52069,"comment_status":"open","ping_status":"closed","sticky":false,"template":"","format":"standard","meta":{"advanced_seo_description":"","jetpack_seo_html_title":"","jetpack_seo_noindex":false,"_jetpack_memberships_contains_paid_content":false,"footnotes":""},"categories":[21],"tags":[],"class_list":["post-52068","post","type-post","status-publish","format-standard","has-post-thumbnail","hentry","category-policial"],"jetpack_featured_media_url":"https:\/\/i0.wp.com\/eltrabajo.cl\/portal\/wp-content\/uploads\/2014\/10\/Robo-1.jpg?fit=528%2C304&ssl=1","jetpack_sharing_enabled":true,"jetpack_likes_enabled":true,"jetpack-related-posts":[],"_links":{"self":[{"href":"https:\/\/eltrabajo.cl\/portal\/wp-json\/wp\/v2\/posts\/52068","targetHints":{"allow":["GET"]}}],"collection":[{"href":"https:\/\/eltrabajo.cl\/portal\/wp-json\/wp\/v2\/posts"}],"about":[{"href":"https:\/\/eltrabajo.cl\/portal\/wp-json\/wp\/v2\/types\/post"}],"author":[{"embeddable":true,"href":"https:\/\/eltrabajo.cl\/portal\/wp-json\/wp\/v2\/users\/482"}],"replies":[{"embeddable":true,"href":"https:\/\/eltrabajo.cl\/portal\/wp-json\/wp\/v2\/comments?post=52068"}],"version-history":[{"count":0,"href":"https:\/\/eltrabajo.cl\/portal\/wp-json\/wp\/v2\/posts\/52068\/revisions"}],"wp:featuredmedia":[{"embeddable":true,"href":"https:\/\/eltrabajo.cl\/portal\/wp-json\/wp\/v2\/media\/52069"}],"wp:attachment":[{"href":"https:\/\/eltrabajo.cl\/portal\/wp-json\/wp\/v2\/media?parent=52068"}],"wp:term":[{"taxonomy":"category","embeddable":true,"href":"https:\/\/eltrabajo.cl\/portal\/wp-json\/wp\/v2\/categories?post=52068"},{"taxonomy":"post_tag","embeddable":true,"href":"https:\/\/eltrabajo.cl\/portal\/wp-json\/wp\/v2\/tags?post=52068"}],"curies":[{"name":"wp","href":"https:\/\/api.w.org\/{rel}","templated":true}]}}