{"id":52084,"date":"2014-10-09T09:20:30","date_gmt":"2014-10-09T12:20:30","guid":{"rendered":"http:\/\/www.eltrabajo.cl\/portal\/?p=52084"},"modified":"2014-10-09T09:21:30","modified_gmt":"2014-10-09T12:21:30","slug":"cientos-de-estudiantes-disfrutaron-expo-carabineros-aconcagua","status":"publish","type":"post","link":"https:\/\/eltrabajo.cl\/portal\/cientos-de-estudiantes-disfrutaron-expo-carabineros-aconcagua\/","title":{"rendered":"Cientos de estudiantes disfrutaron Expo-Carabineros Aconcagua"},"content":{"rendered":"<figure id=\"attachment_52085\" aria-describedby=\"caption-attachment-52085\" style=\"width: 528px\" class=\"wp-caption alignnone\"><a href=\"https:\/\/i0.wp.com\/www.eltrabajo.cl\/portal\/wp-content\/uploads\/2014\/10\/MONTADA-CABALLO.jpg\"><img data-recalc-dims=\"1\" loading=\"lazy\" decoding=\"async\" class=\"size-full wp-image-52085\" alt=\"Una de las especialidades que se rob\u00f3 la atenci\u00f3n de los visitantes fue la Patrulla de Polic\u00eda Montada.\" src=\"https:\/\/i0.wp.com\/www.eltrabajo.cl\/portal\/wp-content\/uploads\/2014\/10\/MONTADA-CABALLO.jpg?resize=528%2C327\" width=\"528\" height=\"327\" srcset=\"https:\/\/i0.wp.com\/eltrabajo.cl\/portal\/wp-content\/uploads\/2014\/10\/MONTADA-CABALLO.jpg?w=528&amp;ssl=1 528w, https:\/\/i0.wp.com\/eltrabajo.cl\/portal\/wp-content\/uploads\/2014\/10\/MONTADA-CABALLO.jpg?resize=200%2C123&amp;ssl=1 200w, https:\/\/i0.wp.com\/eltrabajo.cl\/portal\/wp-content\/uploads\/2014\/10\/MONTADA-CABALLO.jpg?resize=300%2C185&amp;ssl=1 300w, https:\/\/i0.wp.com\/eltrabajo.cl\/portal\/wp-content\/uploads\/2014\/10\/MONTADA-CABALLO.jpg?resize=150%2C92&amp;ssl=1 150w, https:\/\/i0.wp.com\/eltrabajo.cl\/portal\/wp-content\/uploads\/2014\/10\/MONTADA-CABALLO.jpg?resize=400%2C247&amp;ssl=1 400w\" sizes=\"auto, (max-width: 528px) 100vw, 528px\" \/><\/a><figcaption id=\"caption-attachment-52085\" class=\"wp-caption-text\">Una de las especialidades que se rob\u00f3 la atenci\u00f3n de los visitantes fue la Patrulla de Polic\u00eda Montada.<\/figcaption><\/figure>\n<p>Cerca de 500 estudiantes de ense\u00f1anza media de diferentes establecimientos de Los Andes y San Felipe, visitaron la primera Expo-Carabineros Aconcagua, que se desarroll\u00f3 ayer mi\u00e9rcoles en dependencias de la Prefectura Aconcagua y la Segunda Comisar\u00eda. El evento se realiz\u00f3 con el objetivo de acercar la instituci\u00f3n a los j\u00f3venes y cont\u00f3 con stand de diversas especialidades policiales, los cuales fueron visitados por los alumnos de terceros y cuartos a\u00f1os medios.<\/p>\n<figure id=\"attachment_52089\" aria-describedby=\"caption-attachment-52089\" style=\"width: 317px\" class=\"wp-caption alignright\"><a href=\"https:\/\/i0.wp.com\/www.eltrabajo.cl\/portal\/wp-content\/uploads\/2014\/10\/Bus1.jpg\"><img data-recalc-dims=\"1\" loading=\"lazy\" decoding=\"async\" class=\" wp-image-52089 \" alt=\"Cerca de 500 estudiantes de ense\u00f1anza media de diferentes establecimientos de Los Andes y San Felipe, visitaron la primera Expo-Carabineros Aconcagua.\" src=\"https:\/\/i0.wp.com\/www.eltrabajo.cl\/portal\/wp-content\/uploads\/2014\/10\/Bus1.jpg?resize=317%2C223\" width=\"317\" height=\"223\" srcset=\"https:\/\/i0.wp.com\/eltrabajo.cl\/portal\/wp-content\/uploads\/2014\/10\/Bus1.jpg?w=529&amp;ssl=1 529w, https:\/\/i0.wp.com\/eltrabajo.cl\/portal\/wp-content\/uploads\/2014\/10\/Bus1.jpg?resize=200%2C140&amp;ssl=1 200w, https:\/\/i0.wp.com\/eltrabajo.cl\/portal\/wp-content\/uploads\/2014\/10\/Bus1.jpg?resize=300%2C210&amp;ssl=1 300w, https:\/\/i0.wp.com\/eltrabajo.cl\/portal\/wp-content\/uploads\/2014\/10\/Bus1.jpg?resize=150%2C105&amp;ssl=1 150w, https:\/\/i0.wp.com\/eltrabajo.cl\/portal\/wp-content\/uploads\/2014\/10\/Bus1.jpg?resize=400%2C281&amp;ssl=1 400w\" sizes=\"auto, (max-width: 317px) 100vw, 317px\" \/><\/a><figcaption id=\"caption-attachment-52089\" class=\"wp-caption-text\">Cerca de 500 estudiantes de ense\u00f1anza media de diferentes establecimientos de Los Andes y San Felipe, visitaron la primera Expo-Carabineros Aconcagua.<\/figcaption><\/figure>\n<p>Una de las especialidades que se rob\u00f3 la atenci\u00f3n de los visitantes fue la Patrulla de Polic\u00eda Montada, cuyos funcionarios explicaron el uso que da Carabineros a los caballos permitiendo que los estudiantes pudieran vivir la experiencia de montar a los animales. Seg\u00fan inform\u00f3 el \u00c1rea de Reclutamiento y Difusi\u00f3n de la Prefectura de Carabineros Aconcagua, la actividad se realiz\u00f3 con pleno \u00e9xito y se espera poder desarrollarla nuevamente el 2015, con nuevos colegios invitados.<\/p>\n","protected":false},"excerpt":{"rendered":"<p>Cerca de 500 estudiantes de ense\u00f1anza media de diferentes establecimientos de Los Andes y San Felipe, visitaron la primera Expo-Carabineros Aconcagua, que se desarroll\u00f3 ayer mi\u00e9rcoles en dependencias de la Prefectura Aconcagua&#8230;<\/p>\n","protected":false},"author":482,"featured_media":52085,"comment_status":"open","ping_status":"closed","sticky":false,"template":"","format":"standard","meta":{"advanced_seo_description":"","jetpack_seo_html_title":"","jetpack_seo_noindex":false,"_jetpack_memberships_contains_paid_content":false,"footnotes":""},"categories":[15],"tags":[],"class_list":["post-52084","post","type-post","status-publish","format-standard","has-post-thumbnail","hentry","category-comunidad"],"jetpack_featured_media_url":"https:\/\/i0.wp.com\/eltrabajo.cl\/portal\/wp-content\/uploads\/2014\/10\/MONTADA-CABALLO.jpg?fit=528%2C327&ssl=1","jetpack_sharing_enabled":true,"jetpack_likes_enabled":true,"jetpack-related-posts":[],"_links":{"self":[{"href":"https:\/\/eltrabajo.cl\/portal\/wp-json\/wp\/v2\/posts\/52084","targetHints":{"allow":["GET"]}}],"collection":[{"href":"https:\/\/eltrabajo.cl\/portal\/wp-json\/wp\/v2\/posts"}],"about":[{"href":"https:\/\/eltrabajo.cl\/portal\/wp-json\/wp\/v2\/types\/post"}],"author":[{"embeddable":true,"href":"https:\/\/eltrabajo.cl\/portal\/wp-json\/wp\/v2\/users\/482"}],"replies":[{"embeddable":true,"href":"https:\/\/eltrabajo.cl\/portal\/wp-json\/wp\/v2\/comments?post=52084"}],"version-history":[{"count":0,"href":"https:\/\/eltrabajo.cl\/portal\/wp-json\/wp\/v2\/posts\/52084\/revisions"}],"wp:featuredmedia":[{"embeddable":true,"href":"https:\/\/eltrabajo.cl\/portal\/wp-json\/wp\/v2\/media\/52085"}],"wp:attachment":[{"href":"https:\/\/eltrabajo.cl\/portal\/wp-json\/wp\/v2\/media?parent=52084"}],"wp:term":[{"taxonomy":"category","embeddable":true,"href":"https:\/\/eltrabajo.cl\/portal\/wp-json\/wp\/v2\/categories?post=52084"},{"taxonomy":"post_tag","embeddable":true,"href":"https:\/\/eltrabajo.cl\/portal\/wp-json\/wp\/v2\/tags?post=52084"}],"curies":[{"name":"wp","href":"https:\/\/api.w.org\/{rel}","templated":true}]}}