{"id":52111,"date":"2014-10-09T09:28:56","date_gmt":"2014-10-09T12:28:56","guid":{"rendered":"http:\/\/www.eltrabajo.cl\/portal\/?p=52111"},"modified":"2014-10-09T09:28:56","modified_gmt":"2014-10-09T12:28:56","slug":"solo-dos-erizos-terrestres-y-una-camara-fotografica-robo-misterioso-ladron","status":"publish","type":"post","link":"https:\/\/eltrabajo.cl\/portal\/solo-dos-erizos-terrestres-y-una-camara-fotografica-robo-misterioso-ladron\/","title":{"rendered":"Solo dos erizos terrestres y una c\u00e1mara fotogr\u00e1fica rob\u00f3 misterioso ladr\u00f3n"},"content":{"rendered":"<figure id=\"attachment_52112\" aria-describedby=\"caption-attachment-52112\" style=\"width: 370px\" class=\"wp-caption alignleft\"><a href=\"https:\/\/i0.wp.com\/www.eltrabajo.cl\/portal\/wp-content\/uploads\/2014\/10\/erizo-tierra.jpg\"><img data-recalc-dims=\"1\" loading=\"lazy\" decoding=\"async\" class=\"wp-image-52112 \" alt=\"Estos son los dos erizos terrestres que fueron robados. Al fondo, mirando de frente a la c\u00e1mara, Pascual, el regal\u00f3n de la casa. \" src=\"https:\/\/i0.wp.com\/www.eltrabajo.cl\/portal\/wp-content\/uploads\/2014\/10\/erizo-tierra.jpg?resize=370%2C247\" width=\"370\" height=\"247\" srcset=\"https:\/\/i0.wp.com\/eltrabajo.cl\/portal\/wp-content\/uploads\/2014\/10\/erizo-tierra.jpg?w=529&amp;ssl=1 529w, https:\/\/i0.wp.com\/eltrabajo.cl\/portal\/wp-content\/uploads\/2014\/10\/erizo-tierra.jpg?resize=200%2C133&amp;ssl=1 200w, https:\/\/i0.wp.com\/eltrabajo.cl\/portal\/wp-content\/uploads\/2014\/10\/erizo-tierra.jpg?resize=300%2C200&amp;ssl=1 300w, https:\/\/i0.wp.com\/eltrabajo.cl\/portal\/wp-content\/uploads\/2014\/10\/erizo-tierra.jpg?resize=150%2C100&amp;ssl=1 150w, https:\/\/i0.wp.com\/eltrabajo.cl\/portal\/wp-content\/uploads\/2014\/10\/erizo-tierra.jpg?resize=400%2C266&amp;ssl=1 400w\" sizes=\"auto, (max-width: 370px) 100vw, 370px\" \/><\/a><figcaption id=\"caption-attachment-52112\" class=\"wp-caption-text\">Estos son los dos erizos terrestres que fueron robados. Al fondo, mirando de frente a la c\u00e1mara, Pascual, el regal\u00f3n de la casa.<\/figcaption><\/figure>\n<p>Por incre\u00edble que pueda parecer, un sujeto que ingres\u00f3 a robar al interior de una vivienda en la poblaci\u00f3n Duncan Fox, ingres\u00f3 directa y exclusivamente a un dormitorio desde donde se llev\u00f3 dos mascotas erizos terrestres adem\u00e1s de una c\u00e1mara fotogr\u00e1fica semi profesional, no tocando ninguna otra cosa de valor.<\/p>\n<p>El hecho se registr\u00f3 en la vivienda n\u00famero 11 del pasaje La Gruta, en horas de la madrugada de ayer mi\u00e9rcoles, cuando la due\u00f1a de casa, identificada como Rosa Montenegro, m\u00e1s conocida como la \u2018T\u00eda Rosa\u2019 y que vende mote con huesillos en O\u2019Higgins con Salinas, se encontraba durmiendo.<\/p>\n<p>El solitario delincuente, quien ingres\u00f3 por una ventana, se fue directamente hacia el dormitorio de la hija de la \u2018T\u00eda Rosa\u2019, Yarida Montenegro, desde donde sustrajo una pareja de erizos terrestres, un macho y una hembra, que se llev\u00f3 consigo junto a una c\u00e1mara fotogr\u00e1fica, retir\u00e1ndose r\u00e1pidamente sin tocar ni revisar ninguna otra cosa, salv\u00f3 la ropa de Yarida que dej\u00f3 desordenada.<\/p>\n<p>Cabe destacar que el erizo hembra hab\u00eda sido prestado por otra persona para que tuvieran cr\u00edas, por lo cual en este momento son dos las familias que est\u00e1n sufriendo el robo de sus mascotas regalonas.<\/p>\n<p>Respecto al autor del robo, se tienen fundadas sospechas en una persona conocida, la cual fue denunciada tanto a Carabineros como a Investigaciones, por cuanto sab\u00eda d\u00f3nde estaban las mascotas, que Yarida no estar\u00eda a esa hora pues estaba trabajando y que la madre se encontrar\u00eda profundamente dormida producto de medicamentos que debe ingerir.<\/p>\n<p>Cabe destacar que el erizo macho se llama Pascual, el cual es el regal\u00f3n de la casa, pr\u00e1cticamente un hijo, el cual tiene hasta una placa calefactora el\u00e9ctrica. Por lo mismo ambas mujeres est\u00e1n desesperadas y piden, primero, que la Fiscal\u00eda ordene investigar al sospechoso, quien con seguridad tiene a las mascotas en su poder, y en segundo lugar llaman a cualquier persona que tenga alg\u00fan antecedente sobre las mascotas, a comunicarlo al 54 95 76 51 \u00f3 al 91 42 09 65, o bien al kiosco de mote con huesillos de Salinas con O\u2019Higgins.<\/p>\n<p>&nbsp;<\/p>\n","protected":false},"excerpt":{"rendered":"<p>Por incre\u00edble que pueda parecer, un sujeto que ingres\u00f3 a robar al interior de una vivienda en la poblaci\u00f3n Duncan Fox, ingres\u00f3 directa y exclusivamente a un dormitorio desde donde se llev\u00f3&#8230;<\/p>\n","protected":false},"author":482,"featured_media":52112,"comment_status":"open","ping_status":"closed","sticky":false,"template":"","format":"standard","meta":{"advanced_seo_description":"","jetpack_seo_html_title":"","jetpack_seo_noindex":false,"_jetpack_memberships_contains_paid_content":false,"footnotes":""},"categories":[15],"tags":[],"class_list":["post-52111","post","type-post","status-publish","format-standard","has-post-thumbnail","hentry","category-comunidad"],"jetpack_featured_media_url":"https:\/\/i0.wp.com\/eltrabajo.cl\/portal\/wp-content\/uploads\/2014\/10\/erizo-tierra.jpg?fit=529%2C353&ssl=1","jetpack_sharing_enabled":true,"jetpack_likes_enabled":true,"jetpack-related-posts":[],"_links":{"self":[{"href":"https:\/\/eltrabajo.cl\/portal\/wp-json\/wp\/v2\/posts\/52111","targetHints":{"allow":["GET"]}}],"collection":[{"href":"https:\/\/eltrabajo.cl\/portal\/wp-json\/wp\/v2\/posts"}],"about":[{"href":"https:\/\/eltrabajo.cl\/portal\/wp-json\/wp\/v2\/types\/post"}],"author":[{"embeddable":true,"href":"https:\/\/eltrabajo.cl\/portal\/wp-json\/wp\/v2\/users\/482"}],"replies":[{"embeddable":true,"href":"https:\/\/eltrabajo.cl\/portal\/wp-json\/wp\/v2\/comments?post=52111"}],"version-history":[{"count":0,"href":"https:\/\/eltrabajo.cl\/portal\/wp-json\/wp\/v2\/posts\/52111\/revisions"}],"wp:featuredmedia":[{"embeddable":true,"href":"https:\/\/eltrabajo.cl\/portal\/wp-json\/wp\/v2\/media\/52112"}],"wp:attachment":[{"href":"https:\/\/eltrabajo.cl\/portal\/wp-json\/wp\/v2\/media?parent=52111"}],"wp:term":[{"taxonomy":"category","embeddable":true,"href":"https:\/\/eltrabajo.cl\/portal\/wp-json\/wp\/v2\/categories?post=52111"},{"taxonomy":"post_tag","embeddable":true,"href":"https:\/\/eltrabajo.cl\/portal\/wp-json\/wp\/v2\/tags?post=52111"}],"curies":[{"name":"wp","href":"https:\/\/api.w.org\/{rel}","templated":true}]}}