{"id":52116,"date":"2014-10-09T09:30:09","date_gmt":"2014-10-09T12:30:09","guid":{"rendered":"http:\/\/www.eltrabajo.cl\/portal\/?p=52116"},"modified":"2014-10-09T09:30:09","modified_gmt":"2014-10-09T12:30:09","slug":"celebran-en-san-felipe-el-dia-internacional-del-adulto-mayor","status":"publish","type":"post","link":"https:\/\/eltrabajo.cl\/portal\/celebran-en-san-felipe-el-dia-internacional-del-adulto-mayor\/","title":{"rendered":"Celebran en San Felipe el D\u00eda Internacional del Adulto Mayor"},"content":{"rendered":"<figure id=\"attachment_52117\" aria-describedby=\"caption-attachment-52117\" style=\"width: 528px\" class=\"wp-caption alignnone\"><a href=\"https:\/\/i0.wp.com\/www.eltrabajo.cl\/portal\/wp-content\/uploads\/2014\/10\/Mayores1.jpg\"><img data-recalc-dims=\"1\" loading=\"lazy\" decoding=\"async\" class=\"size-full wp-image-52117\" alt=\"Este mi\u00e9rcoles en la comuna de San Felipe se celebr\u00f3 el D\u00eda Internacional del Adulto Mayor y la ceremonia congreg\u00f3 a autoridades de las provincias de San Felipe y Los Andes.\" src=\"https:\/\/i0.wp.com\/www.eltrabajo.cl\/portal\/wp-content\/uploads\/2014\/10\/Mayores1.jpg?resize=528%2C435\" width=\"528\" height=\"435\" srcset=\"https:\/\/i0.wp.com\/eltrabajo.cl\/portal\/wp-content\/uploads\/2014\/10\/Mayores1.jpg?w=528&amp;ssl=1 528w, https:\/\/i0.wp.com\/eltrabajo.cl\/portal\/wp-content\/uploads\/2014\/10\/Mayores1.jpg?resize=182%2C150&amp;ssl=1 182w, https:\/\/i0.wp.com\/eltrabajo.cl\/portal\/wp-content\/uploads\/2014\/10\/Mayores1.jpg?resize=300%2C247&amp;ssl=1 300w, https:\/\/i0.wp.com\/eltrabajo.cl\/portal\/wp-content\/uploads\/2014\/10\/Mayores1.jpg?resize=150%2C123&amp;ssl=1 150w, https:\/\/i0.wp.com\/eltrabajo.cl\/portal\/wp-content\/uploads\/2014\/10\/Mayores1.jpg?resize=400%2C329&amp;ssl=1 400w\" sizes=\"auto, (max-width: 528px) 100vw, 528px\" \/><\/a><figcaption id=\"caption-attachment-52117\" class=\"wp-caption-text\">Este mi\u00e9rcoles en la comuna de San Felipe se celebr\u00f3 el D\u00eda Internacional del Adulto Mayor y la ceremonia congreg\u00f3 a autoridades de las provincias de San Felipe y Los Andes.<\/figcaption><\/figure>\n<p>Este mi\u00e9rcoles en la comuna de San Felipe se celebr\u00f3 el D\u00eda Internacional del Adulto Mayor y la ceremonia congreg\u00f3 a autoridades de las provincias de San Felipe y Los Andes, a nivel comunal y clubes de adultos mayores de todo el valle, quienes participaron activamente en la celebraci\u00f3n, a trav\u00e9s de la presentaci\u00f3n de distintas coreograf\u00edas y bailes.<\/p>\n<p>El Alcalde Patricio Freire dio la bienvenida a los asistentes y en su discurso destac\u00f3 la labor que han desarrollado durante su vida los adultos mayores, y se\u00f1al\u00f3 que el municipio ha realizado grandes esfuerzos por instalar y fortalecer las pol\u00edticas de protecci\u00f3n de la adultez mayor.<\/p>\n<p>\u201cPrueba de ello, es el Centro Integral del Adulto Mayor que ofrece numerosos talleres y servicios, orientados a generar espacios de participaci\u00f3n y de desarrollo para nuestros vecinos y vecinas mayores. Pero adem\u00e1s, los buenos oficios y el apoyo del Gobierno de la Presidenta Michelle Bachelet, nos ha permitido desplegar otros proyectos importantes, como es el Centro de Atenci\u00f3n Diurna que recientemente inauguramos, as\u00ed como el Programa V\u00ednculos, que ofrece un apoyo significativo a los adultos mayores m\u00e1s vulnerables\u201d, manifest\u00f3 el jefe comunal.<\/p>\n<p>Y reiter\u00f3 el compromiso de su gesti\u00f3n alcaldicia con los adultos mayores, el que, seg\u00fan dijo, no se resume en estos programas e iniciativas. \u201cNuestro compromiso con los adultos mayores pasa por nuestro proyecto de ciudad, donde ustedes son actores protag\u00f3nicos, donde ustedes son centro de la atenci\u00f3n de todas y cada una de las iniciativas municipales\u201d, se\u00f1al\u00f3.<\/p>\n<p>La celebraci\u00f3n fue organizada por la Mesa de Promoci\u00f3n de la Salud y contempl\u00f3 adem\u00e1s la presentaci\u00f3n de distintos stands con beneficios para los adultos mayores, y adem\u00e1s dio el puntapi\u00e9 para la conmemoraci\u00f3n del Mes del Adulto Mayor.<\/p>\n<p>&nbsp;<\/p>\n","protected":false},"excerpt":{"rendered":"<p>Este mi\u00e9rcoles en la comuna de San Felipe se celebr\u00f3 el D\u00eda Internacional del Adulto Mayor y la ceremonia congreg\u00f3 a autoridades de las provincias de San Felipe y Los Andes, a&#8230;<\/p>\n","protected":false},"author":482,"featured_media":52117,"comment_status":"open","ping_status":"closed","sticky":false,"template":"","format":"standard","meta":{"advanced_seo_description":"","jetpack_seo_html_title":"","jetpack_seo_noindex":false,"_jetpack_memberships_contains_paid_content":false,"footnotes":""},"categories":[15],"tags":[],"class_list":["post-52116","post","type-post","status-publish","format-standard","has-post-thumbnail","hentry","category-comunidad"],"jetpack_featured_media_url":"https:\/\/i0.wp.com\/eltrabajo.cl\/portal\/wp-content\/uploads\/2014\/10\/Mayores1.jpg?fit=528%2C435&ssl=1","jetpack_sharing_enabled":true,"jetpack_likes_enabled":true,"jetpack-related-posts":[],"_links":{"self":[{"href":"https:\/\/eltrabajo.cl\/portal\/wp-json\/wp\/v2\/posts\/52116","targetHints":{"allow":["GET"]}}],"collection":[{"href":"https:\/\/eltrabajo.cl\/portal\/wp-json\/wp\/v2\/posts"}],"about":[{"href":"https:\/\/eltrabajo.cl\/portal\/wp-json\/wp\/v2\/types\/post"}],"author":[{"embeddable":true,"href":"https:\/\/eltrabajo.cl\/portal\/wp-json\/wp\/v2\/users\/482"}],"replies":[{"embeddable":true,"href":"https:\/\/eltrabajo.cl\/portal\/wp-json\/wp\/v2\/comments?post=52116"}],"version-history":[{"count":0,"href":"https:\/\/eltrabajo.cl\/portal\/wp-json\/wp\/v2\/posts\/52116\/revisions"}],"wp:featuredmedia":[{"embeddable":true,"href":"https:\/\/eltrabajo.cl\/portal\/wp-json\/wp\/v2\/media\/52117"}],"wp:attachment":[{"href":"https:\/\/eltrabajo.cl\/portal\/wp-json\/wp\/v2\/media?parent=52116"}],"wp:term":[{"taxonomy":"category","embeddable":true,"href":"https:\/\/eltrabajo.cl\/portal\/wp-json\/wp\/v2\/categories?post=52116"},{"taxonomy":"post_tag","embeddable":true,"href":"https:\/\/eltrabajo.cl\/portal\/wp-json\/wp\/v2\/tags?post=52116"}],"curies":[{"name":"wp","href":"https:\/\/api.w.org\/{rel}","templated":true}]}}