{"id":52131,"date":"2014-10-09T09:35:52","date_gmt":"2014-10-09T12:35:52","guid":{"rendered":"http:\/\/www.eltrabajo.cl\/portal\/?p=52131"},"modified":"2014-10-09T09:35:52","modified_gmt":"2014-10-09T12:35:52","slug":"roban-mas-de-15-millones-en-tecnologia-desde-escuela-las-palmas","status":"publish","type":"post","link":"https:\/\/eltrabajo.cl\/portal\/roban-mas-de-15-millones-en-tecnologia-desde-escuela-las-palmas\/","title":{"rendered":"Roban m\u00e1s de $15 millones en tecnolog\u00eda desde Escuela Las Palmas"},"content":{"rendered":"<figure id=\"attachment_52132\" aria-describedby=\"caption-attachment-52132\" style=\"width: 370px\" class=\"wp-caption alignleft\"><a href=\"https:\/\/i0.wp.com\/www.eltrabajo.cl\/portal\/wp-content\/uploads\/2014\/10\/candados.jpg\"><img data-recalc-dims=\"1\" loading=\"lazy\" decoding=\"async\" class=\" wp-image-52132 \" alt=\"Los delincuentes cortaron los candados del la reja de cierre perimetral, puertas y protecciones para acceder a la Escuela Las Palmas de Llay Llay. (Foto Referencial).\" src=\"https:\/\/i0.wp.com\/www.eltrabajo.cl\/portal\/wp-content\/uploads\/2014\/10\/candados.jpg?resize=370%2C281\" width=\"370\" height=\"281\" srcset=\"https:\/\/i0.wp.com\/eltrabajo.cl\/portal\/wp-content\/uploads\/2014\/10\/candados.jpg?w=529&amp;ssl=1 529w, https:\/\/i0.wp.com\/eltrabajo.cl\/portal\/wp-content\/uploads\/2014\/10\/candados.jpg?resize=197%2C150&amp;ssl=1 197w, https:\/\/i0.wp.com\/eltrabajo.cl\/portal\/wp-content\/uploads\/2014\/10\/candados.jpg?resize=300%2C227&amp;ssl=1 300w, https:\/\/i0.wp.com\/eltrabajo.cl\/portal\/wp-content\/uploads\/2014\/10\/candados.jpg?resize=150%2C113&amp;ssl=1 150w, https:\/\/i0.wp.com\/eltrabajo.cl\/portal\/wp-content\/uploads\/2014\/10\/candados.jpg?resize=400%2C303&amp;ssl=1 400w\" sizes=\"auto, (max-width: 370px) 100vw, 370px\" \/><\/a><figcaption id=\"caption-attachment-52132\" class=\"wp-caption-text\">Los delincuentes cortaron los candados del la reja de cierre perimetral, puertas y protecciones para acceder a la Escuela Las Palmas de Llay Llay. (Foto Referencial).<\/figcaption><\/figure>\n<p>Un nuevo establecimiento educacional fue v\u00edctima de la delincuencia, cuando un grupo de antisociales ingresaron hasta las dependencias de la escuela rural Las Palmas de la comuna de Llay Llay en horas de la madrugada de ayer mi\u00e9rcoles, sustrayendo cerca de $15 millones en tecnolog\u00eda computacional y otras especies, sin que hasta ahora se logre la individualizaci\u00f3n de los sujetos por parte de Carabineros.<\/p>\n<p><strong>LO ROBADO<\/strong><\/p>\n<p>El hecho qued\u00f3 al descubierto a primeras horas de la ma\u00f1ana de ayer por la directora del establecimiento y el personal docente, advirtiendo la falta de los implementos utilizados por los profesores y alumnos para la realizaci\u00f3n de las clases. Los delincuentes en esta ocasi\u00f3n se apoderaron de catorce netbooks, equipos de amplificaci\u00f3n, parlantes, cuatro computadores, escritorio, proyectores, impresoras y \u00fatiles escolares avaluados en m\u00e1s de $15 millones.<\/p>\n<p>Los desalmados ingresaron mediante el corte de los candados de seguridad de las rejas de cierre perimetral, puertas y protecciones para acceder a las dependencias, cortando el suministro de energ\u00eda el\u00e9ctrica para no ser descubiertos mientras apilaban las especies.<\/p>\n<p>En entrevista con la Jefa de la Direcci\u00f3n de Administraci\u00f3n de Educaci\u00f3n Municipal de Llay Llay, Susana Fuster, lament\u00f3 la ocurrencia de este nuevo robo de los art\u00edculos que fueron adquiridos con dineros de subvenci\u00f3n escolar preferencial durante este a\u00f1o, lo que refleja la vulnerabilidad de las escuelas rurales que ya han sido en otras oportunidades v\u00edctimas de robos.<\/p>\n<p>\u201cEl da\u00f1o y el gasto es grande, esta escuela y el jard\u00edn infantil que est\u00e1n juntos, la semana pasada desconocidos rompieron el techo para entrar a una bodega y robar alimentos para los alumnos. Hacemos lo que podemos con el presupuesto, hay escuelas que tiene rond\u00edn y c\u00e1maras de seguridad, pero en las escuelas rurales no tenemos la capacidad econ\u00f3mica para contratar personal y tener mejores sistemas de seguridad\u201d, indic\u00f3 Fuster a Diario El Trabajo.<\/p>\n<p><strong>EST\u00c1N EN JAQUE<\/strong><\/p>\n<p>La jefa de la Daem agreg\u00f3 que agendar\u00e1 una reuni\u00f3n con Carabineros y los directores de los distintos colegios y escuelas de la comuna, con la finalidad de adoptar otras medidas de seguridad para el resguardo de estos implementos tecnol\u00f3gicos. Fuster argument\u00f3 que respecto al plan de mejoramiento escolar, durante el pr\u00f3ximo a\u00f1o se har\u00e1n las respectivas peticiones a las autoridades de Educaci\u00f3n para que consideren la inversi\u00f3n en seguridad en escuelas rurales.<\/p>\n<p>Pablo Salinas Sald\u00edas<\/p>\n","protected":false},"excerpt":{"rendered":"<p>Un nuevo establecimiento educacional fue v\u00edctima de la delincuencia, cuando un grupo de antisociales ingresaron hasta las dependencias de la escuela rural Las Palmas de la comuna de Llay Llay en horas&#8230;<\/p>\n","protected":false},"author":482,"featured_media":52132,"comment_status":"open","ping_status":"closed","sticky":false,"template":"","format":"standard","meta":{"advanced_seo_description":"","jetpack_seo_html_title":"","jetpack_seo_noindex":false,"_jetpack_memberships_contains_paid_content":false,"footnotes":""},"categories":[21],"tags":[],"class_list":["post-52131","post","type-post","status-publish","format-standard","has-post-thumbnail","hentry","category-policial"],"jetpack_featured_media_url":"https:\/\/i0.wp.com\/eltrabajo.cl\/portal\/wp-content\/uploads\/2014\/10\/candados.jpg?fit=529%2C401&ssl=1","jetpack_sharing_enabled":true,"jetpack_likes_enabled":true,"jetpack-related-posts":[],"_links":{"self":[{"href":"https:\/\/eltrabajo.cl\/portal\/wp-json\/wp\/v2\/posts\/52131","targetHints":{"allow":["GET"]}}],"collection":[{"href":"https:\/\/eltrabajo.cl\/portal\/wp-json\/wp\/v2\/posts"}],"about":[{"href":"https:\/\/eltrabajo.cl\/portal\/wp-json\/wp\/v2\/types\/post"}],"author":[{"embeddable":true,"href":"https:\/\/eltrabajo.cl\/portal\/wp-json\/wp\/v2\/users\/482"}],"replies":[{"embeddable":true,"href":"https:\/\/eltrabajo.cl\/portal\/wp-json\/wp\/v2\/comments?post=52131"}],"version-history":[{"count":0,"href":"https:\/\/eltrabajo.cl\/portal\/wp-json\/wp\/v2\/posts\/52131\/revisions"}],"wp:featuredmedia":[{"embeddable":true,"href":"https:\/\/eltrabajo.cl\/portal\/wp-json\/wp\/v2\/media\/52132"}],"wp:attachment":[{"href":"https:\/\/eltrabajo.cl\/portal\/wp-json\/wp\/v2\/media?parent=52131"}],"wp:term":[{"taxonomy":"category","embeddable":true,"href":"https:\/\/eltrabajo.cl\/portal\/wp-json\/wp\/v2\/categories?post=52131"},{"taxonomy":"post_tag","embeddable":true,"href":"https:\/\/eltrabajo.cl\/portal\/wp-json\/wp\/v2\/tags?post=52131"}],"curies":[{"name":"wp","href":"https:\/\/api.w.org\/{rel}","templated":true}]}}