{"id":52135,"date":"2014-10-09T09:38:18","date_gmt":"2014-10-09T12:38:18","guid":{"rendered":"http:\/\/www.eltrabajo.cl\/portal\/?p=52135"},"modified":"2014-10-09T09:38:18","modified_gmt":"2014-10-09T12:38:18","slug":"en-intensa-persecucion-y-disparos-carabineros-detiene-a-tres-delincuentes","status":"publish","type":"post","link":"https:\/\/eltrabajo.cl\/portal\/en-intensa-persecucion-y-disparos-carabineros-detiene-a-tres-delincuentes\/","title":{"rendered":"En intensa persecuci\u00f3n y disparos Carabineros detiene a tres delincuentes"},"content":{"rendered":"<figure id=\"attachment_52136\" aria-describedby=\"caption-attachment-52136\" style=\"width: 529px\" class=\"wp-caption alignnone\"><a href=\"https:\/\/i0.wp.com\/www.eltrabajo.cl\/portal\/wp-content\/uploads\/2014\/10\/detenido.jpg\"><img data-recalc-dims=\"1\" loading=\"lazy\" decoding=\"async\" class=\"size-full wp-image-52136\" alt=\"Los tres delincuentes fueron reducidos en la esquina de los pasajes Carmen Conde con Emiliano Castro de Poblaci\u00f3n Pedro Aguirre Cerda de San Felipe, tras una intensa persecuci\u00f3n de Carabineros al mediod\u00eda de ayer mi\u00e9rcoles (Foto: Alejandro Cort\u00e9s @Kmalejandro).\" src=\"https:\/\/i0.wp.com\/www.eltrabajo.cl\/portal\/wp-content\/uploads\/2014\/10\/detenido.jpg?resize=529%2C305\" width=\"529\" height=\"305\" srcset=\"https:\/\/i0.wp.com\/eltrabajo.cl\/portal\/wp-content\/uploads\/2014\/10\/detenido.jpg?w=529&amp;ssl=1 529w, https:\/\/i0.wp.com\/eltrabajo.cl\/portal\/wp-content\/uploads\/2014\/10\/detenido.jpg?resize=200%2C115&amp;ssl=1 200w, https:\/\/i0.wp.com\/eltrabajo.cl\/portal\/wp-content\/uploads\/2014\/10\/detenido.jpg?resize=300%2C172&amp;ssl=1 300w, https:\/\/i0.wp.com\/eltrabajo.cl\/portal\/wp-content\/uploads\/2014\/10\/detenido.jpg?resize=150%2C86&amp;ssl=1 150w, https:\/\/i0.wp.com\/eltrabajo.cl\/portal\/wp-content\/uploads\/2014\/10\/detenido.jpg?resize=400%2C230&amp;ssl=1 400w\" sizes=\"auto, (max-width: 529px) 100vw, 529px\" \/><\/a><figcaption id=\"caption-attachment-52136\" class=\"wp-caption-text\">Los tres delincuentes fueron reducidos en la esquina de los pasajes Carmen Conde con Emiliano Castro de Poblaci\u00f3n Pedro Aguirre Cerda de San Felipe, tras una intensa persecuci\u00f3n de Carabineros al mediod\u00eda de ayer mi\u00e9rcoles (Foto: Alejandro Cort\u00e9s @Kmalejandro).<\/figcaption><\/figure>\n<p>Pasado el mediod\u00eda de ayer mi\u00e9rcoles, vecinos de Poblaci\u00f3n Pedro Aguirre Cerda estaban conmocionados por un intenso operativo de Carabineros tras la captura de tres sujetos, quienes fueron sorprendidos robando especies desde veh\u00edculos estacionados en calle Carlos Condell esquina Portus, cuyos residentes aseguran haber escuchado balazos durante la persecuci\u00f3n.<\/p>\n<figure id=\"attachment_52137\" aria-describedby=\"caption-attachment-52137\" style=\"width: 254px\" class=\"wp-caption alignright\"><a href=\"https:\/\/i0.wp.com\/www.eltrabajo.cl\/portal\/wp-content\/uploads\/2014\/10\/comandante-francisco-castro.jpg\"><img data-recalc-dims=\"1\" loading=\"lazy\" decoding=\"async\" class=\" wp-image-52137  \" alt=\"Comandante de Carabineros, Francisco Castro.\" src=\"https:\/\/i0.wp.com\/www.eltrabajo.cl\/portal\/wp-content\/uploads\/2014\/10\/comandante-francisco-castro.jpg?resize=254%2C306\" width=\"254\" height=\"306\" srcset=\"https:\/\/i0.wp.com\/eltrabajo.cl\/portal\/wp-content\/uploads\/2014\/10\/comandante-francisco-castro.jpg?w=529&amp;ssl=1 529w, https:\/\/i0.wp.com\/eltrabajo.cl\/portal\/wp-content\/uploads\/2014\/10\/comandante-francisco-castro.jpg?resize=124%2C150&amp;ssl=1 124w, https:\/\/i0.wp.com\/eltrabajo.cl\/portal\/wp-content\/uploads\/2014\/10\/comandante-francisco-castro.jpg?resize=248%2C300&amp;ssl=1 248w, https:\/\/i0.wp.com\/eltrabajo.cl\/portal\/wp-content\/uploads\/2014\/10\/comandante-francisco-castro.jpg?resize=400%2C482&amp;ssl=1 400w\" sizes=\"auto, (max-width: 254px) 100vw, 254px\" \/><\/a><figcaption id=\"caption-attachment-52137\" class=\"wp-caption-text\">Comandante de Carabineros, Francisco Castro.<\/figcaption><\/figure>\n<p>De acuerdo a lo se\u00f1alado por el Alto Mando de Carabineros a Diario El Trabajo, los hechos se produjeron tras un patrullaje preventivo por la comuna, donde al llegar a dicha intersecci\u00f3n los funcionarios policiales sorprendieron a tres sujetos cometiendo el robo de diversas especies desde autom\u00f3viles aparcados en dicha arteria.<\/p>\n<p>Los delincuentes al advertir la presencia policial, huyeron con su cometido en direcci\u00f3n a Alameda Yungay, para cruzar hacia Poblaci\u00f3n Pedro Aguirre Cerda, por lo que se requiri\u00f3 de inmediato la cooperaci\u00f3n de otras patrullas para activar un plan candado.<\/p>\n<p>Tras un enfrentamiento de Carabineros para reducir a los antisociales en la esquina de los pasajes Carmen Conde y Emiliano Castro, los residentes, impactados por la situaci\u00f3n, aseguran haber escuchado balazos durante las diligencias, e incluso las primeras versiones de los vecinos indicaban que los antisociales habr\u00edan intentado asaltar una botiller\u00eda a mano armada.<\/p>\n<p>Estos testimonios fueron desmentidos por el Comandante Francisco Castro, indicando que los delincuentes al momento de ser detenidos no portaban armas de fuego y que los funcionarios no hicieron uso de su armamento, explicando en detalle el procedimiento que se trataba s\u00f3lo de robo de accesorios de veh\u00edculos por parte de antisociales que cuentan con un nutrido prontuario delictivo.<\/p>\n<p>\u201cInmediatamente los carabineros pidieron cooperaci\u00f3n, y eso deriv\u00f3 que los tipos se dieran a la fuga con las especies y en el sector de Pedro Aguirre Cerda fueran detenidos por funcionarios, recuperando las especies sustra\u00eddas. Las tres personas registran antecedentes policiales; descarto que se produjeran disparos por parte de Carabineros, los detenidos tampoco portaban armamento\u201d, indic\u00f3 el Comandante de la Prefectura Aconcagua, Francisco Castro.<\/p>\n<p><strong>TESTIGOS<\/strong><\/p>\n<p>Diario El Trabajo entrevist\u00f3 a algunos vecinos de Poblaci\u00f3n Pedro Aguirre Cerda que observaron desde la v\u00eda p\u00fablica el operativo de Carabineros, quienes conmocionados relataron lo acontecido, asegurando haber escuchado disparos y sonidos de sirenas, haciendo un llamado a la Polic\u00eda uniformada a realizar m\u00e1s patrullajes preventivos por el sector tras la ocurrencia de delitos que se han visto afectados \u00faltimamente.<\/p>\n<p>\u201cEstaba comprando en el negocio a pasos de mi casa, cuando vi la persecuci\u00f3n de Carabineros. Hubo un sujeto que quer\u00eda entrar a mi casa y los carabineros lo atraparon. Corr\u00ed a mi casa cuando los detuvieron, yo estaba asustada porque esta poblaci\u00f3n antes era muy tranquila. Siempre ocurren cosas ac\u00e1, incluso a mi hija le intentaron robar su furg\u00f3n, como a las 03:00 se lo estaban llevando, siempre aqu\u00ed hay tipos que andan rondando. Quiero pedirle a Carabineros que hagan m\u00e1s ronda en esta poblaci\u00f3n, porque en la noche se juntan grupos y se ponen a tomar, pelean y hacen esc\u00e1ndalos. Si hay balazos en el d\u00eda, qu\u00e9 m\u00e1s queda para la noche\u201d, argument\u00f3 una vecina que por temor a represalias pidi\u00f3 resguardar su identidad.<\/p>\n<p>En tanto los tres detenidos ser\u00e1n puestos a disposici\u00f3n del Juzgado de Garant\u00eda de San Felipe para ser formalizados el d\u00eda de hoy por el Ministerio P\u00fablico por el delito de robo de accesorios de veh\u00edculos.<\/p>\n<p>Pablo Salinas Sald\u00edas<\/p>\n<p>&nbsp;<\/p>\n","protected":false},"excerpt":{"rendered":"<p>Pasado el mediod\u00eda de ayer mi\u00e9rcoles, vecinos de Poblaci\u00f3n Pedro Aguirre Cerda estaban conmocionados por un intenso operativo de Carabineros tras la captura de tres sujetos, quienes fueron sorprendidos robando especies desde&#8230;<\/p>\n","protected":false},"author":482,"featured_media":52136,"comment_status":"open","ping_status":"closed","sticky":false,"template":"","format":"standard","meta":{"advanced_seo_description":"","jetpack_seo_html_title":"","jetpack_seo_noindex":false,"_jetpack_memberships_contains_paid_content":false,"footnotes":""},"categories":[21],"tags":[],"class_list":["post-52135","post","type-post","status-publish","format-standard","has-post-thumbnail","hentry","category-policial"],"jetpack_featured_media_url":"https:\/\/i0.wp.com\/eltrabajo.cl\/portal\/wp-content\/uploads\/2014\/10\/detenido.jpg?fit=529%2C305&ssl=1","jetpack_sharing_enabled":true,"jetpack_likes_enabled":true,"jetpack-related-posts":[],"_links":{"self":[{"href":"https:\/\/eltrabajo.cl\/portal\/wp-json\/wp\/v2\/posts\/52135","targetHints":{"allow":["GET"]}}],"collection":[{"href":"https:\/\/eltrabajo.cl\/portal\/wp-json\/wp\/v2\/posts"}],"about":[{"href":"https:\/\/eltrabajo.cl\/portal\/wp-json\/wp\/v2\/types\/post"}],"author":[{"embeddable":true,"href":"https:\/\/eltrabajo.cl\/portal\/wp-json\/wp\/v2\/users\/482"}],"replies":[{"embeddable":true,"href":"https:\/\/eltrabajo.cl\/portal\/wp-json\/wp\/v2\/comments?post=52135"}],"version-history":[{"count":0,"href":"https:\/\/eltrabajo.cl\/portal\/wp-json\/wp\/v2\/posts\/52135\/revisions"}],"wp:featuredmedia":[{"embeddable":true,"href":"https:\/\/eltrabajo.cl\/portal\/wp-json\/wp\/v2\/media\/52136"}],"wp:attachment":[{"href":"https:\/\/eltrabajo.cl\/portal\/wp-json\/wp\/v2\/media?parent=52135"}],"wp:term":[{"taxonomy":"category","embeddable":true,"href":"https:\/\/eltrabajo.cl\/portal\/wp-json\/wp\/v2\/categories?post=52135"},{"taxonomy":"post_tag","embeddable":true,"href":"https:\/\/eltrabajo.cl\/portal\/wp-json\/wp\/v2\/tags?post=52135"}],"curies":[{"name":"wp","href":"https:\/\/api.w.org\/{rel}","templated":true}]}}