{"id":52146,"date":"2014-10-10T09:15:43","date_gmt":"2014-10-10T12:15:43","guid":{"rendered":"http:\/\/www.eltrabajo.cl\/portal\/?p=52146"},"modified":"2014-10-10T09:15:43","modified_gmt":"2014-10-10T12:15:43","slug":"vecinos-celebran-dia-del-adulto-mayor-en-escuela-catan","status":"publish","type":"post","link":"https:\/\/eltrabajo.cl\/portal\/vecinos-celebran-dia-del-adulto-mayor-en-escuela-catan\/","title":{"rendered":"Vecinos celebran D\u00eda del Adulto Mayor en Escuela Cat\u00e1n"},"content":{"rendered":"<figure id=\"attachment_52147\" aria-describedby=\"caption-attachment-52147\" style=\"width: 528px\" class=\"wp-caption alignnone\"><a href=\"https:\/\/i0.wp.com\/www.eltrabajo.cl\/portal\/wp-content\/uploads\/2014\/10\/Abuelos11.jpg\"><img data-recalc-dims=\"1\" loading=\"lazy\" decoding=\"async\" class=\"size-full wp-image-52147\" alt=\"El d\u00eda lunes 6 de octubre en la Escuela Alegr\u00eda Cat\u00e1n, se celebr\u00f3 el \u201cD\u00eda del Adulto Mayor\u201d, representando a todos los abuelitos de la comunidad el Club Amor y esperanza del sector de Piguch\u00e9n.\" src=\"https:\/\/i0.wp.com\/www.eltrabajo.cl\/portal\/wp-content\/uploads\/2014\/10\/Abuelos11.jpg?resize=528%2C400\" width=\"528\" height=\"400\" srcset=\"https:\/\/i0.wp.com\/eltrabajo.cl\/portal\/wp-content\/uploads\/2014\/10\/Abuelos11.jpg?w=528&amp;ssl=1 528w, https:\/\/i0.wp.com\/eltrabajo.cl\/portal\/wp-content\/uploads\/2014\/10\/Abuelos11.jpg?resize=198%2C150&amp;ssl=1 198w, https:\/\/i0.wp.com\/eltrabajo.cl\/portal\/wp-content\/uploads\/2014\/10\/Abuelos11.jpg?resize=300%2C227&amp;ssl=1 300w, https:\/\/i0.wp.com\/eltrabajo.cl\/portal\/wp-content\/uploads\/2014\/10\/Abuelos11.jpg?resize=150%2C113&amp;ssl=1 150w, https:\/\/i0.wp.com\/eltrabajo.cl\/portal\/wp-content\/uploads\/2014\/10\/Abuelos11.jpg?resize=400%2C303&amp;ssl=1 400w\" sizes=\"auto, (max-width: 528px) 100vw, 528px\" \/><\/a><figcaption id=\"caption-attachment-52147\" class=\"wp-caption-text\">El d\u00eda lunes 6 de octubre en la Escuela Alegr\u00eda Cat\u00e1n, se celebr\u00f3 el \u201cD\u00eda del Adulto Mayor\u201d, representando a todos los abuelitos de la comunidad el Club Amor y esperanza del sector de Piguch\u00e9n.<\/figcaption><\/figure>\n<p><strong>PUTAENDO<\/strong>.- Dos importantes actividades se realizaron el d\u00eda lunes 6 de octubre en la Escuela Alegr\u00eda Cat\u00e1n, por un lado se celebr\u00f3 el \u201cD\u00eda del Adulto Mayor\u201d, representando a todos los abuelitos de la comunidad el Club Amor y esperanza del sector de Piguch\u00e9n, y por otra parte se desarroll\u00f3 una reuni\u00f3n general de padres y apoderados.<\/p>\n<figure id=\"attachment_52148\" aria-describedby=\"caption-attachment-52148\" style=\"width: 370px\" class=\"wp-caption alignright\"><a href=\"https:\/\/i0.wp.com\/www.eltrabajo.cl\/portal\/wp-content\/uploads\/2014\/10\/Bailarines1.jpg\"><img data-recalc-dims=\"1\" loading=\"lazy\" decoding=\"async\" class=\" wp-image-52148 \" alt=\"Los peque\u00f1itos de la escuela bailaron alegremente para compartir con estos abuelos su d\u00eda.\" src=\"https:\/\/i0.wp.com\/www.eltrabajo.cl\/portal\/wp-content\/uploads\/2014\/10\/Bailarines1.jpg?resize=370%2C280\" width=\"370\" height=\"280\" srcset=\"https:\/\/i0.wp.com\/eltrabajo.cl\/portal\/wp-content\/uploads\/2014\/10\/Bailarines1.jpg?w=528&amp;ssl=1 528w, https:\/\/i0.wp.com\/eltrabajo.cl\/portal\/wp-content\/uploads\/2014\/10\/Bailarines1.jpg?resize=198%2C150&amp;ssl=1 198w, https:\/\/i0.wp.com\/eltrabajo.cl\/portal\/wp-content\/uploads\/2014\/10\/Bailarines1.jpg?resize=300%2C227&amp;ssl=1 300w, https:\/\/i0.wp.com\/eltrabajo.cl\/portal\/wp-content\/uploads\/2014\/10\/Bailarines1.jpg?resize=150%2C113&amp;ssl=1 150w, https:\/\/i0.wp.com\/eltrabajo.cl\/portal\/wp-content\/uploads\/2014\/10\/Bailarines1.jpg?resize=400%2C303&amp;ssl=1 400w\" sizes=\"auto, (max-width: 370px) 100vw, 370px\" \/><\/a><figcaption id=\"caption-attachment-52148\" class=\"wp-caption-text\">Los peque\u00f1itos de la escuela bailaron alegremente para compartir con estos abuelos su d\u00eda.<\/figcaption><\/figure>\n<p>La primera actividad estuvo organizada por la profesora Ruth Calder\u00f3n y la profesora de Religi\u00f3n, Mar\u00eda Briones, quienes prepararon una rica once mientras los alumnos iniciaron con la oraci\u00f3n y les brindaron un n\u00famero art\u00edstico.<\/p>\n<p>Tambi\u00e9n en esta jornada se desarroll\u00f3 una reuni\u00f3n general de padres y apoderados, cuyo temario consider\u00f3 el Diagn\u00f3stico Participativo, realizado conjuntamente entre el Hospital San Antonio y el Cesfam. La din\u00e1mica de trabajo comenz\u00f3 con lluvia de ideas sobre temas relacionados con las enfermedades, dificultades m\u00e9dicas y preocupaciones que tiene la comunidad en salud.<\/p>\n<p>La directora Sra. Cecilia Piuzzi se mostr\u00f3 muy agradecida por la presencia de esta importante red, que permite conocer las necesidades de la comunidad y a la vez de alguna manera evaluar los servicios que prestan.<\/p>\n<p>Luego la directora continu\u00f3 con el temario y habl\u00f3 sobre el proyecto educativo de la escuela, de la importancia que tienen los padres en la educaci\u00f3n de sus hijos dando \u00e9nfasis en el respeto y el compromiso para el logro de los objetivos, que finalmente se traducen en la formaci\u00f3n de buenos alumnos, pero por sobre todo en la formaci\u00f3n de buenas personas. Dio a conocer las fechas de matr\u00edcula para el a\u00f1o 2015, que son el lunes 26 de octubre para alumnos antiguos y 29 de octubre para alumnos nuevos. Finalmente la Presidente del Centro de Padres, Marisol Moreno P\u00e9rez, termina de organizar con los apoderados la tradicional pe\u00f1a folcl\u00f3rica que se realizar\u00e1 el s\u00e1bado 18 de octubre a partir de las 20:00 horas.<\/p>\n<p>Patricio Gallardo M.<\/p>\n","protected":false},"excerpt":{"rendered":"<p>PUTAENDO.- Dos importantes actividades se realizaron el d\u00eda lunes 6 de octubre en la Escuela Alegr\u00eda Cat\u00e1n, por un lado se celebr\u00f3 el \u201cD\u00eda del Adulto Mayor\u201d, representando a todos los abuelitos&#8230;<\/p>\n","protected":false},"author":482,"featured_media":52147,"comment_status":"open","ping_status":"closed","sticky":false,"template":"","format":"standard","meta":{"advanced_seo_description":"","jetpack_seo_html_title":"","jetpack_seo_noindex":false,"_jetpack_memberships_contains_paid_content":false,"footnotes":""},"categories":[15],"tags":[],"class_list":["post-52146","post","type-post","status-publish","format-standard","has-post-thumbnail","hentry","category-comunidad"],"jetpack_featured_media_url":"https:\/\/i0.wp.com\/eltrabajo.cl\/portal\/wp-content\/uploads\/2014\/10\/Abuelos11.jpg?fit=528%2C400&ssl=1","jetpack_sharing_enabled":true,"jetpack_likes_enabled":true,"jetpack-related-posts":[],"_links":{"self":[{"href":"https:\/\/eltrabajo.cl\/portal\/wp-json\/wp\/v2\/posts\/52146","targetHints":{"allow":["GET"]}}],"collection":[{"href":"https:\/\/eltrabajo.cl\/portal\/wp-json\/wp\/v2\/posts"}],"about":[{"href":"https:\/\/eltrabajo.cl\/portal\/wp-json\/wp\/v2\/types\/post"}],"author":[{"embeddable":true,"href":"https:\/\/eltrabajo.cl\/portal\/wp-json\/wp\/v2\/users\/482"}],"replies":[{"embeddable":true,"href":"https:\/\/eltrabajo.cl\/portal\/wp-json\/wp\/v2\/comments?post=52146"}],"version-history":[{"count":0,"href":"https:\/\/eltrabajo.cl\/portal\/wp-json\/wp\/v2\/posts\/52146\/revisions"}],"wp:featuredmedia":[{"embeddable":true,"href":"https:\/\/eltrabajo.cl\/portal\/wp-json\/wp\/v2\/media\/52147"}],"wp:attachment":[{"href":"https:\/\/eltrabajo.cl\/portal\/wp-json\/wp\/v2\/media?parent=52146"}],"wp:term":[{"taxonomy":"category","embeddable":true,"href":"https:\/\/eltrabajo.cl\/portal\/wp-json\/wp\/v2\/categories?post=52146"},{"taxonomy":"post_tag","embeddable":true,"href":"https:\/\/eltrabajo.cl\/portal\/wp-json\/wp\/v2\/tags?post=52146"}],"curies":[{"name":"wp","href":"https:\/\/api.w.org\/{rel}","templated":true}]}}