{"id":52152,"date":"2014-10-10T09:18:14","date_gmt":"2014-10-10T12:18:14","guid":{"rendered":"http:\/\/www.eltrabajo.cl\/portal\/?p=52152"},"modified":"2014-10-10T09:18:14","modified_gmt":"2014-10-10T12:18:14","slug":"el-18-y-19-de-octubre-se-realizara-la-fiesta-criolla-2014","status":"publish","type":"post","link":"https:\/\/eltrabajo.cl\/portal\/el-18-y-19-de-octubre-se-realizara-la-fiesta-criolla-2014\/","title":{"rendered":"El 18 y 19 de octubre se realizar\u00e1 la Fiesta Criolla 2014"},"content":{"rendered":"<figure id=\"attachment_52153\" aria-describedby=\"caption-attachment-52153\" style=\"width: 529px\" class=\"wp-caption alignnone\"><a href=\"https:\/\/i0.wp.com\/www.eltrabajo.cl\/portal\/wp-content\/uploads\/2014\/10\/Cordero1.jpg\"><img data-recalc-dims=\"1\" loading=\"lazy\" decoding=\"async\" class=\"size-full wp-image-52153\" alt=\"El Cordero asado y otras delicias criollas de nuestro pa\u00eds no faltar\u00e1n en esta oportunidad. (Archivo)\" src=\"https:\/\/i0.wp.com\/www.eltrabajo.cl\/portal\/wp-content\/uploads\/2014\/10\/Cordero1.jpg?resize=529%2C399\" width=\"529\" height=\"399\" srcset=\"https:\/\/i0.wp.com\/eltrabajo.cl\/portal\/wp-content\/uploads\/2014\/10\/Cordero1.jpg?w=529&amp;ssl=1 529w, https:\/\/i0.wp.com\/eltrabajo.cl\/portal\/wp-content\/uploads\/2014\/10\/Cordero1.jpg?resize=200%2C150&amp;ssl=1 200w, https:\/\/i0.wp.com\/eltrabajo.cl\/portal\/wp-content\/uploads\/2014\/10\/Cordero1.jpg?resize=300%2C226&amp;ssl=1 300w, https:\/\/i0.wp.com\/eltrabajo.cl\/portal\/wp-content\/uploads\/2014\/10\/Cordero1.jpg?resize=150%2C113&amp;ssl=1 150w, https:\/\/i0.wp.com\/eltrabajo.cl\/portal\/wp-content\/uploads\/2014\/10\/Cordero1.jpg?resize=400%2C301&amp;ssl=1 400w\" sizes=\"auto, (max-width: 529px) 100vw, 529px\" \/><\/a><figcaption id=\"caption-attachment-52153\" class=\"wp-caption-text\">El Cordero asado y otras delicias criollas de nuestro pa\u00eds no faltar\u00e1n en esta oportunidad. (Archivo)<\/figcaption><\/figure>\n<p><strong>LLAY LLAY.<\/strong>&#8211; Un \u2018dieciocho chico\u2019 se celebrar\u00e1 en la comuna del Viento Viento, una fiesta que se realizara debido al \u00e9xito de la Exporural de septiembre, y en compensaci\u00f3n por el d\u00eda perdido en esa ocasi\u00f3n, producto de la lluvia. La Jefa de Finanzas, organizadora del evento, Margarita C\u00e1rcamo, inform\u00f3 que \u201cestamos a los vecinos de las comunidades aleda\u00f1as, y por supuesto de Llay Llay, a disfrutar de esta fiesta. Hay m\u00e1s de 20 stands con platos t\u00edpicos, 120 puestos de artesanos, una granja educativa, exposici\u00f3n de maquinaria agr\u00edcola, shows con ballets folcl\u00f3ricos, orquestas, y muchas otras atracciones. Esperamos que vaya mucha gente, las puertas estar\u00e1n abiertas, el s\u00e1bado 18 a partir de las 12:00 horas, y el domingo 19 todo el d\u00eda\u201d.<\/p>\n<figure id=\"attachment_52154\" aria-describedby=\"caption-attachment-52154\" style=\"width: 317px\" class=\"wp-caption alignright\"><a href=\"https:\/\/i0.wp.com\/www.eltrabajo.cl\/portal\/wp-content\/uploads\/2014\/10\/MARGARITA-CARCAMO.jpg\"><img data-recalc-dims=\"1\" loading=\"lazy\" decoding=\"async\" class=\" wp-image-52154 \" alt=\"Jefa de Finanzas de la Municipalidad de Llay Llay y organizadora del evento, Margarita C\u00e1rcamo.\" src=\"https:\/\/i0.wp.com\/www.eltrabajo.cl\/portal\/wp-content\/uploads\/2014\/10\/MARGARITA-CARCAMO.jpg?resize=317%2C316\" width=\"317\" height=\"316\" srcset=\"https:\/\/i0.wp.com\/eltrabajo.cl\/portal\/wp-content\/uploads\/2014\/10\/MARGARITA-CARCAMO.jpg?w=529&amp;ssl=1 529w, https:\/\/i0.wp.com\/eltrabajo.cl\/portal\/wp-content\/uploads\/2014\/10\/MARGARITA-CARCAMO.jpg?resize=150%2C150&amp;ssl=1 150w, https:\/\/i0.wp.com\/eltrabajo.cl\/portal\/wp-content\/uploads\/2014\/10\/MARGARITA-CARCAMO.jpg?resize=300%2C298&amp;ssl=1 300w, https:\/\/i0.wp.com\/eltrabajo.cl\/portal\/wp-content\/uploads\/2014\/10\/MARGARITA-CARCAMO.jpg?resize=400%2C398&amp;ssl=1 400w\" sizes=\"auto, (max-width: 317px) 100vw, 317px\" \/><\/a><figcaption id=\"caption-attachment-52154\" class=\"wp-caption-text\">Jefa de Finanzas de la Municipalidad de Llay Llay y organizadora del evento, Margarita C\u00e1rcamo.<\/figcaption><\/figure>\n<p>Una fiesta al aire libre, en el estadio municipal; donde el visitante podr\u00e1 disfrutar de diversos platos t\u00edpicos de distintas regiones de Chile, Cordero magall\u00e1nico; curanto de Chilo\u00e9; empanadas, choripanes, asados, sopaipillas y anticuchos; adem\u00e1s encontrar\u00e1n mote con huesillo; jugos naturales y un gran stock de bebidas.<\/p>\n<p>El s\u00e1bado 18 el show parte a las 15:00 horas, la parrilla de artistas proyectada para ese d\u00eda es la siguiente: En la obertura Grupo Ventisca, posteriormente el Taller de danzas San Ignacio de Loyola; Taller de danzas de Las Religiosas Filipenses; el cantante Mario M\u00e9ndez; Alianza Tropical y 3X7=21 Cuecas choras.<\/p>\n<p>El domingo 19 se presentar\u00edan el Ballet Pascuense Takina Ite Ah\u00ed, el Ballet folcl\u00f3rico Arco Iris de Maip\u00fa, Ballet folcl\u00f3rico Antilaf de Llay Llay; el Ballet folcl\u00f3rico Kuska Risun de Llay Llay; el Ballet folcl\u00f3rico municipal; Agrupaci\u00f3n franco-chilena. Asimismo est\u00e1 contemplada la presentaci\u00f3n de Lily Fuentes, cantante de temas de la Nueva Ola; Los Huelleros de la cueca con el Club Violeta Parra y Los Batucanos.<\/p>\n","protected":false},"excerpt":{"rendered":"<p>LLAY LLAY.&#8211; Un \u2018dieciocho chico\u2019 se celebrar\u00e1 en la comuna del Viento Viento, una fiesta que se realizara debido al \u00e9xito de la Exporural de septiembre, y en compensaci\u00f3n por el d\u00eda&#8230;<\/p>\n","protected":false},"author":482,"featured_media":52153,"comment_status":"open","ping_status":"closed","sticky":false,"template":"","format":"standard","meta":{"advanced_seo_description":"","jetpack_seo_html_title":"","jetpack_seo_noindex":false,"_jetpack_memberships_contains_paid_content":false,"footnotes":""},"categories":[15],"tags":[],"class_list":["post-52152","post","type-post","status-publish","format-standard","has-post-thumbnail","hentry","category-comunidad"],"jetpack_featured_media_url":"https:\/\/i0.wp.com\/eltrabajo.cl\/portal\/wp-content\/uploads\/2014\/10\/Cordero1.jpg?fit=529%2C399&ssl=1","jetpack_sharing_enabled":true,"jetpack_likes_enabled":true,"jetpack-related-posts":[],"_links":{"self":[{"href":"https:\/\/eltrabajo.cl\/portal\/wp-json\/wp\/v2\/posts\/52152","targetHints":{"allow":["GET"]}}],"collection":[{"href":"https:\/\/eltrabajo.cl\/portal\/wp-json\/wp\/v2\/posts"}],"about":[{"href":"https:\/\/eltrabajo.cl\/portal\/wp-json\/wp\/v2\/types\/post"}],"author":[{"embeddable":true,"href":"https:\/\/eltrabajo.cl\/portal\/wp-json\/wp\/v2\/users\/482"}],"replies":[{"embeddable":true,"href":"https:\/\/eltrabajo.cl\/portal\/wp-json\/wp\/v2\/comments?post=52152"}],"version-history":[{"count":0,"href":"https:\/\/eltrabajo.cl\/portal\/wp-json\/wp\/v2\/posts\/52152\/revisions"}],"wp:featuredmedia":[{"embeddable":true,"href":"https:\/\/eltrabajo.cl\/portal\/wp-json\/wp\/v2\/media\/52153"}],"wp:attachment":[{"href":"https:\/\/eltrabajo.cl\/portal\/wp-json\/wp\/v2\/media?parent=52152"}],"wp:term":[{"taxonomy":"category","embeddable":true,"href":"https:\/\/eltrabajo.cl\/portal\/wp-json\/wp\/v2\/categories?post=52152"},{"taxonomy":"post_tag","embeddable":true,"href":"https:\/\/eltrabajo.cl\/portal\/wp-json\/wp\/v2\/tags?post=52152"}],"curies":[{"name":"wp","href":"https:\/\/api.w.org\/{rel}","templated":true}]}}