{"id":52158,"date":"2014-10-10T09:20:39","date_gmt":"2014-10-10T12:20:39","guid":{"rendered":"http:\/\/www.eltrabajo.cl\/portal\/?p=52158"},"modified":"2014-10-10T09:20:39","modified_gmt":"2014-10-10T12:20:39","slug":"insectos-de-todo-el-mundo-visitaron-escuelita-de-el-asiento","status":"publish","type":"post","link":"https:\/\/eltrabajo.cl\/portal\/insectos-de-todo-el-mundo-visitaron-escuelita-de-el-asiento\/","title":{"rendered":"Insectos de todo el mundo visitaron escuelita de El Asiento"},"content":{"rendered":"<figure id=\"attachment_52159\" aria-describedby=\"caption-attachment-52159\" style=\"width: 528px\" class=\"wp-caption alignnone\"><a href=\"https:\/\/i0.wp.com\/www.eltrabajo.cl\/portal\/wp-content\/uploads\/2014\/10\/Peques1.jpg\"><img data-recalc-dims=\"1\" loading=\"lazy\" decoding=\"async\" class=\"size-full wp-image-52159\" alt=\"El mi\u00e9rcoles 01 de octubre en la Escuela Jos\u00e9 Bernardo Suarez del Sector de El Asiento, se recibi\u00f3 la visita del \u2018Museo itinerante multimedial Insectoman\u00eda, un universo de formas y colores\u2019.\" src=\"https:\/\/i0.wp.com\/www.eltrabajo.cl\/portal\/wp-content\/uploads\/2014\/10\/Peques1.jpg?resize=528%2C304\" width=\"528\" height=\"304\" srcset=\"https:\/\/i0.wp.com\/eltrabajo.cl\/portal\/wp-content\/uploads\/2014\/10\/Peques1.jpg?w=528&amp;ssl=1 528w, https:\/\/i0.wp.com\/eltrabajo.cl\/portal\/wp-content\/uploads\/2014\/10\/Peques1.jpg?resize=200%2C115&amp;ssl=1 200w, https:\/\/i0.wp.com\/eltrabajo.cl\/portal\/wp-content\/uploads\/2014\/10\/Peques1.jpg?resize=300%2C172&amp;ssl=1 300w, https:\/\/i0.wp.com\/eltrabajo.cl\/portal\/wp-content\/uploads\/2014\/10\/Peques1.jpg?resize=150%2C86&amp;ssl=1 150w, https:\/\/i0.wp.com\/eltrabajo.cl\/portal\/wp-content\/uploads\/2014\/10\/Peques1.jpg?resize=400%2C230&amp;ssl=1 400w\" sizes=\"auto, (max-width: 528px) 100vw, 528px\" \/><\/a><figcaption id=\"caption-attachment-52159\" class=\"wp-caption-text\">El mi\u00e9rcoles 01 de octubre en la Escuela Jos\u00e9 Bernardo Suarez del Sector de El Asiento, se recibi\u00f3 la visita del \u2018Museo itinerante multimedial Insectoman\u00eda, un universo de formas y colores\u2019.<\/figcaption><\/figure>\n<p>El mi\u00e9rcoles 01 de octubre en la Escuela Jos\u00e9 Bernardo Suarez del Sector de El Asiento, se recibi\u00f3 la visita del \u2018Museo itinerante multimedial Insectoman\u00eda, un universo de formas y colores\u2019. Esta actividad educativa se realiz\u00f3 gracias a la gesti\u00f3n de la directora del establecimiento Sandra Lucero Mur\u00faa, qui\u00e9n logr\u00f3 contar con la presencia y el despliega de la \u00fanica exposici\u00f3n itinerante de insectos existente en nuestro pa\u00eds y que cuenta con las m\u00e1s fant\u00e1sticas especies ex\u00f3ticas de todo el mundo, atractivo recurso educativo que se compone de Insectarios museol\u00f3gicos, impresionantes especies de las selvas tropicales; del Asia; del \u00c1frica; del Amazonas y de toda Am\u00e9rica, Macro-fotograf\u00edas de los insectos destacando texturas, colores y dise\u00f1os, proyecciones en video HD que destacan el h\u00e1bitat y comportamiento y la belleza de las alas de mariposas en micro-fotograf\u00edas tomadas con los m\u00e1s modernos microscopios, m\u00fasica y charlas educativas e interactivas.<\/p>\n<figure id=\"attachment_52160\" aria-describedby=\"caption-attachment-52160\" style=\"width: 370px\" class=\"wp-caption alignright\"><a href=\"https:\/\/i0.wp.com\/www.eltrabajo.cl\/portal\/wp-content\/uploads\/2014\/10\/Peques2.jpg\"><img data-recalc-dims=\"1\" loading=\"lazy\" decoding=\"async\" class=\" wp-image-52160 \" alt=\"Esta actividad educativa se realiz\u00f3 gracias a la gesti\u00f3n de la directora del establecimiento Sandra Lucero Mur\u00faa, qui\u00e9n logr\u00f3 contar con la presencia y el despliega de la \u00fanica exposici\u00f3n itinerante de insectos existente en nuestro pa\u00eds.\" src=\"https:\/\/i0.wp.com\/www.eltrabajo.cl\/portal\/wp-content\/uploads\/2014\/10\/Peques2.jpg?resize=370%2C213\" width=\"370\" height=\"213\" srcset=\"https:\/\/i0.wp.com\/eltrabajo.cl\/portal\/wp-content\/uploads\/2014\/10\/Peques2.jpg?w=528&amp;ssl=1 528w, https:\/\/i0.wp.com\/eltrabajo.cl\/portal\/wp-content\/uploads\/2014\/10\/Peques2.jpg?resize=200%2C115&amp;ssl=1 200w, https:\/\/i0.wp.com\/eltrabajo.cl\/portal\/wp-content\/uploads\/2014\/10\/Peques2.jpg?resize=300%2C172&amp;ssl=1 300w, https:\/\/i0.wp.com\/eltrabajo.cl\/portal\/wp-content\/uploads\/2014\/10\/Peques2.jpg?resize=150%2C86&amp;ssl=1 150w, https:\/\/i0.wp.com\/eltrabajo.cl\/portal\/wp-content\/uploads\/2014\/10\/Peques2.jpg?resize=400%2C230&amp;ssl=1 400w\" sizes=\"auto, (max-width: 370px) 100vw, 370px\" \/><\/a><figcaption id=\"caption-attachment-52160\" class=\"wp-caption-text\">Esta actividad educativa se realiz\u00f3 gracias a la gesti\u00f3n de la directora del establecimiento Sandra Lucero Mur\u00faa, qui\u00e9n logr\u00f3 contar con la presencia y el despliega de la \u00fanica exposici\u00f3n itinerante de insectos existente en nuestro pa\u00eds.<\/figcaption><\/figure>\n<p>Esta metodolog\u00eda, \u2018como aprendizaje en el aula\u2019, incorpora los contenidos de los planes y programas del Mineduc, con \u00e9nfasis en los temas esenciales seg\u00fan el nivel.<\/p>\n<p>La actividad tuvo como objetivo el concientizar sobre la importancia de cuidar la biodiversidad de los insectos e identificar el rol que cumplen como agentes polinizadores, recicladores de la materia, depredadores en el control de plagas, parasitismo y uso tecnol\u00f3gico, adem\u00e1s de diferenciar los artr\u00f3podos, definir gr\u00e1ficamente el mimetismo, dimorfismo sexual, ecolog\u00eda y medioambiente, etc.<\/p>\n<p>La exposici\u00f3n dedic\u00f3 un d\u00eda entero a la escuela y estuvo organizada de tal manera que los estudiantes pudieron disfrutarla sin perder horas de clases, ya que se organiz\u00f3 por curso cada 35 minutos, partiendo desde la ma\u00f1ana y extendi\u00e9ndose hasta la tarde, con el prop\u00f3sito que toda la comunidad asistiera a dicho museo. La presencia de padres y apoderados, quienes se sorprendieron con los colores y belleza de los insectos, fue masiva y muy entusiasta.<\/p>\n<p>&nbsp;<\/p>\n","protected":false},"excerpt":{"rendered":"<p>El mi\u00e9rcoles 01 de octubre en la Escuela Jos\u00e9 Bernardo Suarez del Sector de El Asiento, se recibi\u00f3 la visita del \u2018Museo itinerante multimedial Insectoman\u00eda, un universo de formas y colores\u2019. Esta&#8230;<\/p>\n","protected":false},"author":482,"featured_media":52159,"comment_status":"open","ping_status":"closed","sticky":false,"template":"","format":"standard","meta":{"advanced_seo_description":"","jetpack_seo_html_title":"","jetpack_seo_noindex":false,"_jetpack_memberships_contains_paid_content":false,"footnotes":""},"categories":[15],"tags":[],"class_list":["post-52158","post","type-post","status-publish","format-standard","has-post-thumbnail","hentry","category-comunidad"],"jetpack_featured_media_url":"https:\/\/i0.wp.com\/eltrabajo.cl\/portal\/wp-content\/uploads\/2014\/10\/Peques1.jpg?fit=528%2C304&ssl=1","jetpack_sharing_enabled":true,"jetpack_likes_enabled":true,"jetpack-related-posts":[],"_links":{"self":[{"href":"https:\/\/eltrabajo.cl\/portal\/wp-json\/wp\/v2\/posts\/52158","targetHints":{"allow":["GET"]}}],"collection":[{"href":"https:\/\/eltrabajo.cl\/portal\/wp-json\/wp\/v2\/posts"}],"about":[{"href":"https:\/\/eltrabajo.cl\/portal\/wp-json\/wp\/v2\/types\/post"}],"author":[{"embeddable":true,"href":"https:\/\/eltrabajo.cl\/portal\/wp-json\/wp\/v2\/users\/482"}],"replies":[{"embeddable":true,"href":"https:\/\/eltrabajo.cl\/portal\/wp-json\/wp\/v2\/comments?post=52158"}],"version-history":[{"count":0,"href":"https:\/\/eltrabajo.cl\/portal\/wp-json\/wp\/v2\/posts\/52158\/revisions"}],"wp:featuredmedia":[{"embeddable":true,"href":"https:\/\/eltrabajo.cl\/portal\/wp-json\/wp\/v2\/media\/52159"}],"wp:attachment":[{"href":"https:\/\/eltrabajo.cl\/portal\/wp-json\/wp\/v2\/media?parent=52158"}],"wp:term":[{"taxonomy":"category","embeddable":true,"href":"https:\/\/eltrabajo.cl\/portal\/wp-json\/wp\/v2\/categories?post=52158"},{"taxonomy":"post_tag","embeddable":true,"href":"https:\/\/eltrabajo.cl\/portal\/wp-json\/wp\/v2\/tags?post=52158"}],"curies":[{"name":"wp","href":"https:\/\/api.w.org\/{rel}","templated":true}]}}