{"id":52163,"date":"2014-10-10T09:21:24","date_gmt":"2014-10-10T12:21:24","guid":{"rendered":"http:\/\/www.eltrabajo.cl\/portal\/?p=52163"},"modified":"2014-10-10T09:21:24","modified_gmt":"2014-10-10T12:21:24","slug":"jardin-infantil-burbujitas-de-colores-celebra-sus-cuatro-ano-de-existencia","status":"publish","type":"post","link":"https:\/\/eltrabajo.cl\/portal\/jardin-infantil-burbujitas-de-colores-celebra-sus-cuatro-ano-de-existencia\/","title":{"rendered":"Jard\u00edn infantil Burbujitas de Colores celebra sus cuatro a\u00f1o de existencia"},"content":{"rendered":"<figure id=\"attachment_52164\" aria-describedby=\"caption-attachment-52164\" style=\"width: 528px\" class=\"wp-caption alignnone\"><a href=\"https:\/\/i0.wp.com\/www.eltrabajo.cl\/portal\/wp-content\/uploads\/2014\/10\/Burbujitas1.jpg\"><img data-recalc-dims=\"1\" loading=\"lazy\" decoding=\"async\" class=\"size-full wp-image-52164\" alt=\"Con diferentes y entretenidas actividades, la totalidad de la comunidad educativa de Jard\u00edn infantil Burbujitas de colores, est\u00e1 celebrando su cuarto a\u00f1o de existencia.\" src=\"https:\/\/i0.wp.com\/www.eltrabajo.cl\/portal\/wp-content\/uploads\/2014\/10\/Burbujitas1.jpg?resize=528%2C401\" width=\"528\" height=\"401\" srcset=\"https:\/\/i0.wp.com\/eltrabajo.cl\/portal\/wp-content\/uploads\/2014\/10\/Burbujitas1.jpg?w=528&amp;ssl=1 528w, https:\/\/i0.wp.com\/eltrabajo.cl\/portal\/wp-content\/uploads\/2014\/10\/Burbujitas1.jpg?resize=197%2C150&amp;ssl=1 197w, https:\/\/i0.wp.com\/eltrabajo.cl\/portal\/wp-content\/uploads\/2014\/10\/Burbujitas1.jpg?resize=300%2C227&amp;ssl=1 300w, https:\/\/i0.wp.com\/eltrabajo.cl\/portal\/wp-content\/uploads\/2014\/10\/Burbujitas1.jpg?resize=150%2C113&amp;ssl=1 150w, https:\/\/i0.wp.com\/eltrabajo.cl\/portal\/wp-content\/uploads\/2014\/10\/Burbujitas1.jpg?resize=400%2C303&amp;ssl=1 400w\" sizes=\"auto, (max-width: 528px) 100vw, 528px\" \/><\/a><figcaption id=\"caption-attachment-52164\" class=\"wp-caption-text\">Con diferentes y entretenidas actividades, la totalidad de la comunidad educativa de Jard\u00edn infantil Burbujitas de colores, est\u00e1 celebrando su cuarto a\u00f1o de existencia.<\/figcaption><\/figure>\n<p>Con diferentes y entretenidas actividades, la totalidad de la comunidad educativa de Jard\u00edn infantil Burbujitas de colores, est\u00e1 celebrando su cuarto a\u00f1o de existencia. El establecimiento, ubicado en Villa La Estancia, atiende las necesidades educativas de alumnos de los diferentes puntos de nuestra comuna, y cuenta con un innovador plan de trabajo, con diferentes metodolog\u00edas, que le han permitido obtener excelentes resultados, con los 108 alumnos que actualmente asisten al establecimiento.<\/p>\n<p>Las actividades comenzaron el pasado d\u00eda lunes, cuando los ni\u00f1os realizaron un entretenido paseo con los integrantes de la l\u00ednea de taxis colectivos N\u00b08, ubicado en Villa El Se\u00f1orial, por las diferentes calles y avenidas de nuestra comuna. En la jornada del d\u00eda martes, se desarroll\u00f3 una feria entretenida al interior del establecimiento, donde los menores disfrutaros de entretenidos juegos, especialmente preparados por las profesionales, como la pesca milagrosa y juegos t\u00edpicos. El mi\u00e9rcoles, se celebr\u00f3 oficialmente el cumplea\u00f1os del establecimiento, con torta y pi\u00f1ata incluida, acompa\u00f1ado de m\u00e1s juegos. Finalmente la ma\u00f1ana de ayer jueves en el teatro municipal, se realiz\u00f3 una entretenida ceremonia, en donde se mostraron los valores que son diariamente abordados al interior de las aulas, como los buenos tratos, actividad f\u00edsica, la vida saludable, la inclusividad, actividad de la que compartieron los padres y apoderados del jard\u00edn. Para Patricia Pe\u00f1a Ortiz, directora del Jard\u00edn infantil Burbujitas de colores, la evaluaci\u00f3n de estos cuatro a\u00f1os es muy positiva, calificando el proceso como muy exitoso.<\/p>\n<p>\u00abEl \u00e9xito se debe a que se est\u00e1 promoviendo mucho la forma de trabajo que se desarrolla al interior de las aulas, lo que ha significado la capacitaci\u00f3n permanente de nuestro personal, a lo que se suma el alto compromiso de nuestros padres y apoderados en las tareas educativas, ellos son un factor potente para el \u00e9xito en los objetivos planteados\u00bb dijo Ortiz. Actualmente el establecimiento se encuentra en su m\u00e1xima capacidad, pero se est\u00e1 en proceso de inscripci\u00f3n para sala cuna para el a\u00f1o 2015.<\/p>\n<p>&nbsp;<\/p>\n","protected":false},"excerpt":{"rendered":"<p>Con diferentes y entretenidas actividades, la totalidad de la comunidad educativa de Jard\u00edn infantil Burbujitas de colores, est\u00e1 celebrando su cuarto a\u00f1o de existencia. El establecimiento, ubicado en Villa La Estancia, atiende&#8230;<\/p>\n","protected":false},"author":482,"featured_media":52164,"comment_status":"open","ping_status":"closed","sticky":false,"template":"","format":"standard","meta":{"advanced_seo_description":"","jetpack_seo_html_title":"","jetpack_seo_noindex":false,"_jetpack_memberships_contains_paid_content":false,"footnotes":""},"categories":[15],"tags":[],"class_list":["post-52163","post","type-post","status-publish","format-standard","has-post-thumbnail","hentry","category-comunidad"],"jetpack_featured_media_url":"https:\/\/i0.wp.com\/eltrabajo.cl\/portal\/wp-content\/uploads\/2014\/10\/Burbujitas1.jpg?fit=528%2C401&ssl=1","jetpack_sharing_enabled":true,"jetpack_likes_enabled":true,"jetpack-related-posts":[],"_links":{"self":[{"href":"https:\/\/eltrabajo.cl\/portal\/wp-json\/wp\/v2\/posts\/52163","targetHints":{"allow":["GET"]}}],"collection":[{"href":"https:\/\/eltrabajo.cl\/portal\/wp-json\/wp\/v2\/posts"}],"about":[{"href":"https:\/\/eltrabajo.cl\/portal\/wp-json\/wp\/v2\/types\/post"}],"author":[{"embeddable":true,"href":"https:\/\/eltrabajo.cl\/portal\/wp-json\/wp\/v2\/users\/482"}],"replies":[{"embeddable":true,"href":"https:\/\/eltrabajo.cl\/portal\/wp-json\/wp\/v2\/comments?post=52163"}],"version-history":[{"count":0,"href":"https:\/\/eltrabajo.cl\/portal\/wp-json\/wp\/v2\/posts\/52163\/revisions"}],"wp:featuredmedia":[{"embeddable":true,"href":"https:\/\/eltrabajo.cl\/portal\/wp-json\/wp\/v2\/media\/52164"}],"wp:attachment":[{"href":"https:\/\/eltrabajo.cl\/portal\/wp-json\/wp\/v2\/media?parent=52163"}],"wp:term":[{"taxonomy":"category","embeddable":true,"href":"https:\/\/eltrabajo.cl\/portal\/wp-json\/wp\/v2\/categories?post=52163"},{"taxonomy":"post_tag","embeddable":true,"href":"https:\/\/eltrabajo.cl\/portal\/wp-json\/wp\/v2\/tags?post=52163"}],"curies":[{"name":"wp","href":"https:\/\/api.w.org\/{rel}","templated":true}]}}