{"id":52183,"date":"2014-10-10T09:28:02","date_gmt":"2014-10-10T12:28:02","guid":{"rendered":"http:\/\/www.eltrabajo.cl\/portal\/?p=52183"},"modified":"2014-10-10T09:28:02","modified_gmt":"2014-10-10T12:28:02","slug":"se-encontro-cara-a-cara-con-un-ladron-dentro-de-su-casa","status":"publish","type":"post","link":"https:\/\/eltrabajo.cl\/portal\/se-encontro-cara-a-cara-con-un-ladron-dentro-de-su-casa\/","title":{"rendered":"Se encontr\u00f3 cara a cara con un ladr\u00f3n dentro de su casa"},"content":{"rendered":"<figure id=\"attachment_52184\" aria-describedby=\"caption-attachment-52184\" style=\"width: 317px\" class=\"wp-caption alignleft\"><a href=\"https:\/\/i0.wp.com\/www.eltrabajo.cl\/portal\/wp-content\/uploads\/2014\/10\/Mayor-Del-Valle-2.jpg\"><img data-recalc-dims=\"1\" loading=\"lazy\" decoding=\"async\" class=\" wp-image-52184 \" alt=\"El Comisario de Carabineros, Mayor V\u00edctor Del Valle inform\u00f3 la detenci\u00f3n de \u2018El Coty\u2019, quien fue sorprendido por la v\u00edctima cometiendo el robo de especies en la Poblaci\u00f3n Las Palmas de Llay Llay.\" src=\"https:\/\/i0.wp.com\/www.eltrabajo.cl\/portal\/wp-content\/uploads\/2014\/10\/Mayor-Del-Valle-2.jpg?resize=317%2C308\" width=\"317\" height=\"308\" srcset=\"https:\/\/i0.wp.com\/eltrabajo.cl\/portal\/wp-content\/uploads\/2014\/10\/Mayor-Del-Valle-2.jpg?w=529&amp;ssl=1 529w, https:\/\/i0.wp.com\/eltrabajo.cl\/portal\/wp-content\/uploads\/2014\/10\/Mayor-Del-Valle-2.jpg?resize=154%2C150&amp;ssl=1 154w, https:\/\/i0.wp.com\/eltrabajo.cl\/portal\/wp-content\/uploads\/2014\/10\/Mayor-Del-Valle-2.jpg?resize=300%2C291&amp;ssl=1 300w, https:\/\/i0.wp.com\/eltrabajo.cl\/portal\/wp-content\/uploads\/2014\/10\/Mayor-Del-Valle-2.jpg?resize=150%2C145&amp;ssl=1 150w, https:\/\/i0.wp.com\/eltrabajo.cl\/portal\/wp-content\/uploads\/2014\/10\/Mayor-Del-Valle-2.jpg?resize=400%2C388&amp;ssl=1 400w\" sizes=\"auto, (max-width: 317px) 100vw, 317px\" \/><\/a><figcaption id=\"caption-attachment-52184\" class=\"wp-caption-text\">El Comisario de Carabineros, Mayor V\u00edctor Del Valle inform\u00f3 la detenci\u00f3n de \u2018El Coty\u2019, quien fue sorprendido por la v\u00edctima cometiendo el robo de especies en la Poblaci\u00f3n Las Palmas de Llay Llay.<\/figcaption><\/figure>\n<p>Fue a eso de las 23:30 horas del pasado mi\u00e9rcoles, cuando una due\u00f1a de casa se despert\u00f3 con los ruidos provenientes del living de su propiedad. Su primera impresi\u00f3n fue la llegada de su esposo, pero para su sorpresa se encontr\u00f3 cara a cara con un delincuente que estaba sustrayendo un equipo musical y un termo desde el interior de la vivienda ubicada en Poblaci\u00f3n Las Palmas de la comuna de Llay Llay.<\/p>\n<p>La afectada, consternada por la presencia del sujeto en su domicilio, comenz\u00f3 a gritar pidiendo auxilio, lo que motiv\u00f3 al delincuente, conocido como \u2018El Coty\u2019, a escapar escalando la reja del cierre perimetral, donde se le cay\u00f3 un cuchillo, dejando las especies en el antejard\u00edn de la vivienda. Mientras tanto la mujer tom\u00f3 su celular y requiri\u00f3 la presencia policial, llegando personal uniformado que en minutos comenz\u00f3 a realizar patrullajes por el sector en busca del delincuente.<\/p>\n<p>Tras las diligencias Carabineros captur\u00f3 a un sospechoso, el cual fue reconocido por la v\u00edctima como el sujeto que invadi\u00f3 su propiedad: \u201cCon esta informaci\u00f3n y de acuerdo a las caracter\u00edsticas que proporcion\u00f3 la propia afectada, se inicia un patrullaje en el sector logrando detener al sujeto en las inmediaciones, comprobando que lanz\u00f3 un equipo de m\u00fasica y otras especies en el antejard\u00edn para escapar. Fue reconocido claramente por la v\u00edctima y se procedi\u00f3 a su detenci\u00f3n en forma inmediata, es una persona que cuenta con un amplio prontuario delictivo\u201d, inform\u00f3 el Comisario de Carabineros, V\u00edctor Del Valle. Posteriormente \u2018El Coty\u2019, quien registra antecedentes por Receptaci\u00f3n, Porte de arma blanca y Robo, recuper\u00f3 su libertad a la espera de citaci\u00f3n por parte del Ministerio P\u00fablico.<\/p>\n<p>Pablo Salinas Sald\u00edas<\/p>\n","protected":false},"excerpt":{"rendered":"<p>Fue a eso de las 23:30 horas del pasado mi\u00e9rcoles, cuando una due\u00f1a de casa se despert\u00f3 con los ruidos provenientes del living de su propiedad. Su primera impresi\u00f3n fue la llegada&#8230;<\/p>\n","protected":false},"author":482,"featured_media":52184,"comment_status":"open","ping_status":"closed","sticky":false,"template":"","format":"standard","meta":{"advanced_seo_description":"","jetpack_seo_html_title":"","jetpack_seo_noindex":false,"_jetpack_memberships_contains_paid_content":false,"footnotes":""},"categories":[21],"tags":[],"class_list":["post-52183","post","type-post","status-publish","format-standard","has-post-thumbnail","hentry","category-policial"],"jetpack_featured_media_url":"https:\/\/i0.wp.com\/eltrabajo.cl\/portal\/wp-content\/uploads\/2014\/10\/Mayor-Del-Valle-2.jpg?fit=529%2C514&ssl=1","jetpack_sharing_enabled":true,"jetpack_likes_enabled":true,"jetpack-related-posts":[],"_links":{"self":[{"href":"https:\/\/eltrabajo.cl\/portal\/wp-json\/wp\/v2\/posts\/52183","targetHints":{"allow":["GET"]}}],"collection":[{"href":"https:\/\/eltrabajo.cl\/portal\/wp-json\/wp\/v2\/posts"}],"about":[{"href":"https:\/\/eltrabajo.cl\/portal\/wp-json\/wp\/v2\/types\/post"}],"author":[{"embeddable":true,"href":"https:\/\/eltrabajo.cl\/portal\/wp-json\/wp\/v2\/users\/482"}],"replies":[{"embeddable":true,"href":"https:\/\/eltrabajo.cl\/portal\/wp-json\/wp\/v2\/comments?post=52183"}],"version-history":[{"count":0,"href":"https:\/\/eltrabajo.cl\/portal\/wp-json\/wp\/v2\/posts\/52183\/revisions"}],"wp:featuredmedia":[{"embeddable":true,"href":"https:\/\/eltrabajo.cl\/portal\/wp-json\/wp\/v2\/media\/52184"}],"wp:attachment":[{"href":"https:\/\/eltrabajo.cl\/portal\/wp-json\/wp\/v2\/media?parent=52183"}],"wp:term":[{"taxonomy":"category","embeddable":true,"href":"https:\/\/eltrabajo.cl\/portal\/wp-json\/wp\/v2\/categories?post=52183"},{"taxonomy":"post_tag","embeddable":true,"href":"https:\/\/eltrabajo.cl\/portal\/wp-json\/wp\/v2\/tags?post=52183"}],"curies":[{"name":"wp","href":"https:\/\/api.w.org\/{rel}","templated":true}]}}