{"id":52207,"date":"2014-10-13T09:09:16","date_gmt":"2014-10-13T12:09:16","guid":{"rendered":"http:\/\/www.eltrabajo.cl\/portal\/?p=52207"},"modified":"2014-10-13T09:09:16","modified_gmt":"2014-10-13T12:09:16","slug":"adultos-mayores-alegres-en-fiesta-costumbrista-de-santa-rosa","status":"publish","type":"post","link":"https:\/\/eltrabajo.cl\/portal\/adultos-mayores-alegres-en-fiesta-costumbrista-de-santa-rosa\/","title":{"rendered":"Adultos mayores alegres en fiesta costumbrista de Santa Rosa"},"content":{"rendered":"<figure id=\"attachment_52208\" aria-describedby=\"caption-attachment-52208\" style=\"width: 529px\" class=\"wp-caption alignnone\"><a href=\"https:\/\/i0.wp.com\/www.eltrabajo.cl\/portal\/wp-content\/uploads\/2014\/10\/Abuelos12.jpg\"><img data-recalc-dims=\"1\" loading=\"lazy\" decoding=\"async\" class=\"size-full wp-image-52208\" src=\"https:\/\/i0.wp.com\/www.eltrabajo.cl\/portal\/wp-content\/uploads\/2014\/10\/Abuelos12.jpg?resize=529%2C401\" alt=\"Con mucha energ\u00eda, y muy activos; trabajaron los abuelitos integrantes de Club Mis a\u00f1os dorados de Llay Llay.\" width=\"529\" height=\"401\" srcset=\"https:\/\/i0.wp.com\/eltrabajo.cl\/portal\/wp-content\/uploads\/2014\/10\/Abuelos12.jpg?w=529&amp;ssl=1 529w, https:\/\/i0.wp.com\/eltrabajo.cl\/portal\/wp-content\/uploads\/2014\/10\/Abuelos12.jpg?resize=197%2C150&amp;ssl=1 197w, https:\/\/i0.wp.com\/eltrabajo.cl\/portal\/wp-content\/uploads\/2014\/10\/Abuelos12.jpg?resize=300%2C227&amp;ssl=1 300w, https:\/\/i0.wp.com\/eltrabajo.cl\/portal\/wp-content\/uploads\/2014\/10\/Abuelos12.jpg?resize=150%2C113&amp;ssl=1 150w, https:\/\/i0.wp.com\/eltrabajo.cl\/portal\/wp-content\/uploads\/2014\/10\/Abuelos12.jpg?resize=400%2C303&amp;ssl=1 400w\" sizes=\"auto, (max-width: 529px) 100vw, 529px\" \/><\/a><figcaption id=\"caption-attachment-52208\" class=\"wp-caption-text\">Con mucha energ\u00eda, y muy activos; trabajaron los abuelitos integrantes de Club Mis a\u00f1os dorados de Llay Llay.<\/figcaption><\/figure>\n<p><strong>LLAY LLAY<\/strong>.- Con mucha energ\u00eda, y muy activos; trabajaron los abuelitos integrantes de Club Mis a\u00f1os dorados de Llay Llay; en la fiesta folcl\u00f3rica que hace cinco a\u00f1os se realiza en Santa Rosa, en el mes de octubre. El tema central de su stand, fue La Araucan\u00eda, representaban a la cultura Mapuche, cada uno de ellos se personifico con trajes t\u00edpicos, y en la ruca que daba la bienvenida al visitante; se apreciaban utensilios de la cer\u00e1mica mapuche.<br \/>\nSus platos t\u00edpicos a la venta, fueron los primeros en agotarse, pero a ellos les quedo \u2018pila\u2019 para seguir disfrutando por el resto de la jornada.<br \/>\nLos adultos mayores en Llay Llay, participan comprometidamente de las organizaciones sociales de la comuna, y son parte fundamental de las fuerzas vivas de la ciudad.<br \/>\nLa Concejal Margarita Puebla, es una socia colaboradora de Club Mis a\u00f1os dorados, quien destaca el trabajo, el entusiasmo y compromiso de los adultos mayores, explicando que \u201csiendo Chile un pa\u00eds donde los estudios de proyecci\u00f3n del Instituto Nacional de Estad\u00edsticas (INE), indican que para el 2025, el porcentaje de adultos mayores ser\u00e1 superior a los menores de 15 a\u00f1os, por ello, ver su activa participaci\u00f3n en la sociedad, es bastante alentador para el futuro del pa\u00eds\u201d.<\/p>\n","protected":false},"excerpt":{"rendered":"<p>LLAY LLAY.- Con mucha energ\u00eda, y muy activos; trabajaron los abuelitos integrantes de Club Mis a\u00f1os dorados de Llay Llay; en la fiesta folcl\u00f3rica que hace cinco a\u00f1os se realiza en Santa&#8230;<\/p>\n","protected":false},"author":482,"featured_media":52208,"comment_status":"open","ping_status":"closed","sticky":false,"template":"","format":"standard","meta":{"advanced_seo_description":"","jetpack_seo_html_title":"","jetpack_seo_noindex":false,"_jetpack_memberships_contains_paid_content":false,"footnotes":""},"categories":[15],"tags":[],"class_list":["post-52207","post","type-post","status-publish","format-standard","has-post-thumbnail","hentry","category-comunidad"],"jetpack_featured_media_url":"https:\/\/i0.wp.com\/eltrabajo.cl\/portal\/wp-content\/uploads\/2014\/10\/Abuelos12.jpg?fit=529%2C401&ssl=1","jetpack_sharing_enabled":true,"jetpack_likes_enabled":true,"jetpack-related-posts":[],"_links":{"self":[{"href":"https:\/\/eltrabajo.cl\/portal\/wp-json\/wp\/v2\/posts\/52207","targetHints":{"allow":["GET"]}}],"collection":[{"href":"https:\/\/eltrabajo.cl\/portal\/wp-json\/wp\/v2\/posts"}],"about":[{"href":"https:\/\/eltrabajo.cl\/portal\/wp-json\/wp\/v2\/types\/post"}],"author":[{"embeddable":true,"href":"https:\/\/eltrabajo.cl\/portal\/wp-json\/wp\/v2\/users\/482"}],"replies":[{"embeddable":true,"href":"https:\/\/eltrabajo.cl\/portal\/wp-json\/wp\/v2\/comments?post=52207"}],"version-history":[{"count":0,"href":"https:\/\/eltrabajo.cl\/portal\/wp-json\/wp\/v2\/posts\/52207\/revisions"}],"wp:featuredmedia":[{"embeddable":true,"href":"https:\/\/eltrabajo.cl\/portal\/wp-json\/wp\/v2\/media\/52208"}],"wp:attachment":[{"href":"https:\/\/eltrabajo.cl\/portal\/wp-json\/wp\/v2\/media?parent=52207"}],"wp:term":[{"taxonomy":"category","embeddable":true,"href":"https:\/\/eltrabajo.cl\/portal\/wp-json\/wp\/v2\/categories?post=52207"},{"taxonomy":"post_tag","embeddable":true,"href":"https:\/\/eltrabajo.cl\/portal\/wp-json\/wp\/v2\/tags?post=52207"}],"curies":[{"name":"wp","href":"https:\/\/api.w.org\/{rel}","templated":true}]}}