{"id":52232,"date":"2014-10-13T09:29:08","date_gmt":"2014-10-13T12:29:08","guid":{"rendered":"http:\/\/www.eltrabajo.cl\/portal\/?p=52232"},"modified":"2014-10-13T09:29:08","modified_gmt":"2014-10-13T12:29:08","slug":"gigantesco-incendio-forestal-avanza-sin-control-en-el-arenal","status":"publish","type":"post","link":"https:\/\/eltrabajo.cl\/portal\/gigantesco-incendio-forestal-avanza-sin-control-en-el-arenal\/","title":{"rendered":"Gigantesco incendio forestal avanza sin control en El Arenal"},"content":{"rendered":"<figure id=\"attachment_52233\" aria-describedby=\"caption-attachment-52233\" style=\"width: 528px\" class=\"wp-caption alignnone\"><a href=\"https:\/\/i0.wp.com\/www.eltrabajo.cl\/portal\/wp-content\/uploads\/2014\/10\/incendio2.jpg\"><img data-recalc-dims=\"1\" loading=\"lazy\" decoding=\"async\" class=\"size-full wp-image-52233\" src=\"https:\/\/i0.wp.com\/www.eltrabajo.cl\/portal\/wp-content\/uploads\/2014\/10\/incendio2.jpg?resize=528%2C358\" alt=\"A eso de las 12:20 horas aproximadamente, Bomberos de Putaendo activ\u00f3 sus alarmas y el personal bomberil debi\u00f3 subir en camionetas 4x4 y logr\u00f3 acercarse a varios kil\u00f3metros del fuego.\" width=\"528\" height=\"358\" srcset=\"https:\/\/i0.wp.com\/eltrabajo.cl\/portal\/wp-content\/uploads\/2014\/10\/incendio2.jpg?w=528&amp;ssl=1 528w, https:\/\/i0.wp.com\/eltrabajo.cl\/portal\/wp-content\/uploads\/2014\/10\/incendio2.jpg?resize=200%2C135&amp;ssl=1 200w, https:\/\/i0.wp.com\/eltrabajo.cl\/portal\/wp-content\/uploads\/2014\/10\/incendio2.jpg?resize=300%2C203&amp;ssl=1 300w, https:\/\/i0.wp.com\/eltrabajo.cl\/portal\/wp-content\/uploads\/2014\/10\/incendio2.jpg?resize=150%2C101&amp;ssl=1 150w, https:\/\/i0.wp.com\/eltrabajo.cl\/portal\/wp-content\/uploads\/2014\/10\/incendio2.jpg?resize=400%2C271&amp;ssl=1 400w\" sizes=\"auto, (max-width: 528px) 100vw, 528px\" \/><\/a><figcaption id=\"caption-attachment-52233\" class=\"wp-caption-text\">A eso de las 12:20 horas aproximadamente, Bomberos de Putaendo activ\u00f3 sus alarmas y el personal bomberil debi\u00f3 subir en camionetas 4&#215;4 y logr\u00f3 acercarse a varios kil\u00f3metros del fuego.<\/figcaption><\/figure>\n<p><strong>PUTAENDO<\/strong>.- Un incendio forestal totalmente fuera de control, se est\u00e1 registrando desde muy temprano en las inmediaciones del sector El Arenal de Quebrada Herrera.<br \/>\nEl fuego comenz\u00f3 a eso de las 11:00 horas de este domingo en los cerros del sector poniente de la comuna, en las cercan\u00edas de El Arenal y poco a poco el humo fue dejando en evidencia la magnitud del siniestro.<br \/>\nA eso de las 12:20 horas aproximadamente, Bomberos de Putaendo activ\u00f3 sus alarmas y el personal bomberil debi\u00f3 subir en camionetas 4&#215;4 y logr\u00f3 acercarse a varios kil\u00f3metros del fuego, comprobando que en una quebrada ard\u00edan violentamente distintas especies arb\u00f3reas como quillayes, espinos y cipreses.<br \/>\nSiendo las 14:10 horas, en el puesto de mando del sector El Arenal, el 2\u00ba Comandante del Cuerpo de Bomberos de Putaendo indicaba que era imposible llegar al lugar de la emergencia, debido a las condiciones del sitio y por la fuerza con que el incendio avanzaba cerro abajo, raz\u00f3n por la cual se solicit\u00f3 la presencia de brigadistas de Conaf.<\/p>\n<p>\u00bfCAY\u00d3 AVIONETA?<br \/>\nInformaci\u00f3n entregada por vecinos de Guzmanes a Bomberos, indicaba que habr\u00edan visto una avioneta y repentinamente sintieron un fuerte estruendo seguido de humo azul, por lo que ante esa informaci\u00f3n, la Gobernaci\u00f3n Provincial de San Felipe cheque\u00f3 los antecedentes con la Direcci\u00f3n de Aeron\u00e1utica Civil.<br \/>\nFue el Gobernador Eduardo Le\u00f3n quien en contacto con nuestro medio confirm\u00f3 que manejaban esa informaci\u00f3n, pero asegur\u00f3 que la Direcci\u00f3n de Aeron\u00e1utica Civil descart\u00f3 por completo la presencia de una avioneta en el lugar, sin embargo, la Fach indic\u00f3 que puede existir una posibilidad de la ca\u00edda de una avioneta en el sector, por lo que enviaron una aeronave a sobrevolar la zona, mientras que personal de Bomberos de Putaendo envi\u00f3 a su equipo RAM para iniciar labores de b\u00fasqueda. Pasadas las 16:00 horas, Bomberos de Putaendo decret\u00f3 alerta roja y acuartelamiento general ante el riesgo que el incendio avance hacia zonas pobladas.<br \/>\nPatricio Gallardo M.<\/p>\n","protected":false},"excerpt":{"rendered":"<p>PUTAENDO.- Un incendio forestal totalmente fuera de control, se est\u00e1 registrando desde muy temprano en las inmediaciones del sector El Arenal de Quebrada Herrera. El fuego comenz\u00f3 a eso de las 11:00&#8230;<\/p>\n","protected":false},"author":482,"featured_media":52233,"comment_status":"open","ping_status":"closed","sticky":false,"template":"","format":"standard","meta":{"advanced_seo_description":"","jetpack_seo_html_title":"","jetpack_seo_noindex":false,"_jetpack_memberships_contains_paid_content":false,"footnotes":""},"categories":[21],"tags":[],"class_list":["post-52232","post","type-post","status-publish","format-standard","has-post-thumbnail","hentry","category-policial"],"jetpack_featured_media_url":"https:\/\/i0.wp.com\/eltrabajo.cl\/portal\/wp-content\/uploads\/2014\/10\/incendio2.jpg?fit=528%2C358&ssl=1","jetpack_sharing_enabled":true,"jetpack_likes_enabled":true,"jetpack-related-posts":[],"_links":{"self":[{"href":"https:\/\/eltrabajo.cl\/portal\/wp-json\/wp\/v2\/posts\/52232","targetHints":{"allow":["GET"]}}],"collection":[{"href":"https:\/\/eltrabajo.cl\/portal\/wp-json\/wp\/v2\/posts"}],"about":[{"href":"https:\/\/eltrabajo.cl\/portal\/wp-json\/wp\/v2\/types\/post"}],"author":[{"embeddable":true,"href":"https:\/\/eltrabajo.cl\/portal\/wp-json\/wp\/v2\/users\/482"}],"replies":[{"embeddable":true,"href":"https:\/\/eltrabajo.cl\/portal\/wp-json\/wp\/v2\/comments?post=52232"}],"version-history":[{"count":0,"href":"https:\/\/eltrabajo.cl\/portal\/wp-json\/wp\/v2\/posts\/52232\/revisions"}],"wp:featuredmedia":[{"embeddable":true,"href":"https:\/\/eltrabajo.cl\/portal\/wp-json\/wp\/v2\/media\/52233"}],"wp:attachment":[{"href":"https:\/\/eltrabajo.cl\/portal\/wp-json\/wp\/v2\/media?parent=52232"}],"wp:term":[{"taxonomy":"category","embeddable":true,"href":"https:\/\/eltrabajo.cl\/portal\/wp-json\/wp\/v2\/categories?post=52232"},{"taxonomy":"post_tag","embeddable":true,"href":"https:\/\/eltrabajo.cl\/portal\/wp-json\/wp\/v2\/tags?post=52232"}],"curies":[{"name":"wp","href":"https:\/\/api.w.org\/{rel}","templated":true}]}}