{"id":52268,"date":"2014-10-14T09:28:36","date_gmt":"2014-10-14T12:28:36","guid":{"rendered":"http:\/\/www.eltrabajo.cl\/portal\/?p=52268"},"modified":"2014-10-14T09:28:36","modified_gmt":"2014-10-14T12:28:36","slug":"estudiantes-alegres-con-ciencia-en-mi-escuela","status":"publish","type":"post","link":"https:\/\/eltrabajo.cl\/portal\/estudiantes-alegres-con-ciencia-en-mi-escuela\/","title":{"rendered":"Estudiantes alegres con \u2018Ciencia en mi escuela"},"content":{"rendered":"<figure id=\"attachment_52269\" aria-describedby=\"caption-attachment-52269\" style=\"width: 529px\" class=\"wp-caption alignnone\"><a href=\"https:\/\/i0.wp.com\/www.eltrabajo.cl\/portal\/wp-content\/uploads\/2014\/10\/Escuelita1.jpg\"><img data-recalc-dims=\"1\" loading=\"lazy\" decoding=\"async\" class=\"size-full wp-image-52269\" src=\"https:\/\/i0.wp.com\/www.eltrabajo.cl\/portal\/wp-content\/uploads\/2014\/10\/Escuelita1.jpg?resize=529%2C401\" alt=\"El viernes 10 de octubre reci\u00e9n pasado se realiz\u00f3 el 5\u00ba Encuentro del d\u00eda de la Ciencia en mi escuela 2014, con la participaci\u00f3n de todos los niveles de estudio desde pre k\u00ednder a 8\u00ba a\u00f1o b\u00e1sico del establecimiento.\" width=\"529\" height=\"401\" srcset=\"https:\/\/i0.wp.com\/eltrabajo.cl\/portal\/wp-content\/uploads\/2014\/10\/Escuelita1.jpg?w=529&amp;ssl=1 529w, https:\/\/i0.wp.com\/eltrabajo.cl\/portal\/wp-content\/uploads\/2014\/10\/Escuelita1.jpg?resize=197%2C150&amp;ssl=1 197w, https:\/\/i0.wp.com\/eltrabajo.cl\/portal\/wp-content\/uploads\/2014\/10\/Escuelita1.jpg?resize=300%2C227&amp;ssl=1 300w, https:\/\/i0.wp.com\/eltrabajo.cl\/portal\/wp-content\/uploads\/2014\/10\/Escuelita1.jpg?resize=150%2C113&amp;ssl=1 150w, https:\/\/i0.wp.com\/eltrabajo.cl\/portal\/wp-content\/uploads\/2014\/10\/Escuelita1.jpg?resize=400%2C303&amp;ssl=1 400w\" sizes=\"auto, (max-width: 529px) 100vw, 529px\" \/><\/a><figcaption id=\"caption-attachment-52269\" class=\"wp-caption-text\">El viernes 10 de octubre reci\u00e9n pasado se realiz\u00f3 el 5\u00ba Encuentro del d\u00eda de la Ciencia en mi escuela 2014, con la participaci\u00f3n de todos los niveles de estudio desde pre k\u00ednder a 8\u00ba a\u00f1o b\u00e1sico del establecimiento.<\/figcaption><\/figure>\n<p>El viernes 10 de octubre reci\u00e9n pasado se realiz\u00f3 el 5\u00ba Encuentro del d\u00eda de la Ciencia en mi escuela 2014, con la participaci\u00f3n de todos los niveles de estudio desde pre k\u00ednder a 8\u00ba a\u00f1o b\u00e1sico del establecimiento, en el cual cada curso elabor\u00f3 y present\u00f3 sus trabajos relacionados a la ciencia, en este caso la Escuela Industrial present\u00f3 paneles solares y Liceo de Hombres ofreci\u00f3 circuitos el\u00e9ctricos, entre otros.<\/p>\n<figure id=\"attachment_52270\" aria-describedby=\"caption-attachment-52270\" style=\"width: 400px\" class=\"wp-caption alignright\"><a href=\"https:\/\/i0.wp.com\/www.eltrabajo.cl\/portal\/wp-content\/uploads\/2014\/10\/Escuelita2.jpg\"><img data-recalc-dims=\"1\" loading=\"lazy\" decoding=\"async\" class=\"wp-image-52270\" src=\"https:\/\/i0.wp.com\/www.eltrabajo.cl\/portal\/wp-content\/uploads\/2014\/10\/Escuelita2.jpg?resize=400%2C188\" alt=\"A dicha ceremonia tambi\u00e9n se cont\u00f3 con la presencia de Iv\u00e1n Silva Padilla Jefe Daem San Felipe; Patricia Pimentel Coordinadora extraescolar; Marcia Herrera representante del Colegio Marie Poussepin.\" width=\"400\" height=\"188\" srcset=\"https:\/\/i0.wp.com\/eltrabajo.cl\/portal\/wp-content\/uploads\/2014\/10\/Escuelita2.jpg?w=529&amp;ssl=1 529w, https:\/\/i0.wp.com\/eltrabajo.cl\/portal\/wp-content\/uploads\/2014\/10\/Escuelita2.jpg?resize=200%2C94&amp;ssl=1 200w, https:\/\/i0.wp.com\/eltrabajo.cl\/portal\/wp-content\/uploads\/2014\/10\/Escuelita2.jpg?resize=300%2C141&amp;ssl=1 300w, https:\/\/i0.wp.com\/eltrabajo.cl\/portal\/wp-content\/uploads\/2014\/10\/Escuelita2.jpg?resize=150%2C70&amp;ssl=1 150w, https:\/\/i0.wp.com\/eltrabajo.cl\/portal\/wp-content\/uploads\/2014\/10\/Escuelita2.jpg?resize=400%2C188&amp;ssl=1 400w\" sizes=\"auto, (max-width: 400px) 100vw, 400px\" \/><\/a><figcaption id=\"caption-attachment-52270\" class=\"wp-caption-text\">A dicha ceremonia tambi\u00e9n se cont\u00f3 con la presencia de Iv\u00e1n Silva Padilla Jefe Daem San Felipe; Patricia Pimentel Coordinadora extraescolar; Marcia Herrera representante del Colegio Marie Poussepin.<\/figcaption><\/figure>\n<p>Adem\u00e1s, se cont\u00f3 con la participaci\u00f3n de los establecimientos de San Felipe como la Escuela Agr\u00edcola; Liceo Industria y el Liceo Roberto Humeres, pertenecientes a San Felipe y El Colegio Marie Poussepin de Putaendo.<br \/>\nA dicha ceremonia tambi\u00e9n se cont\u00f3 con la presencia de Iv\u00e1n Silva Padilla Jefe Daem San Felipe; Patricia Pimentel Coordinadora extraescolar; Marcia Herrera representante del Colegio Marie Poussepin; Escuela Agr\u00edcola Mario R\u00edos Miranda, Liceo Industrial Mois\u00e9s Villanueva.<br \/>\nManuel Araya, director del establecimiento, manifest\u00f3 que fue todo un \u00e9xito el 5\u00ba Encuentro del d\u00eda de la Ciencia en mi escuela y agradeci\u00f3 a los colegios participantes, sus alumnos, profesores, asistentes, apoderados y alumnos en general por tan magn\u00edfica exposiciones.<\/p>\n","protected":false},"excerpt":{"rendered":"<p>El viernes 10 de octubre reci\u00e9n pasado se realiz\u00f3 el 5\u00ba Encuentro del d\u00eda de la Ciencia en mi escuela 2014, con la participaci\u00f3n de todos los niveles de estudio desde pre&#8230;<\/p>\n","protected":false},"author":482,"featured_media":52269,"comment_status":"open","ping_status":"closed","sticky":false,"template":"","format":"standard","meta":{"advanced_seo_description":"","jetpack_seo_html_title":"","jetpack_seo_noindex":false,"_jetpack_memberships_contains_paid_content":false,"footnotes":""},"categories":[15],"tags":[],"class_list":["post-52268","post","type-post","status-publish","format-standard","has-post-thumbnail","hentry","category-comunidad"],"jetpack_featured_media_url":"https:\/\/i0.wp.com\/eltrabajo.cl\/portal\/wp-content\/uploads\/2014\/10\/Escuelita1.jpg?fit=529%2C401&ssl=1","jetpack_sharing_enabled":true,"jetpack_likes_enabled":true,"jetpack-related-posts":[],"_links":{"self":[{"href":"https:\/\/eltrabajo.cl\/portal\/wp-json\/wp\/v2\/posts\/52268","targetHints":{"allow":["GET"]}}],"collection":[{"href":"https:\/\/eltrabajo.cl\/portal\/wp-json\/wp\/v2\/posts"}],"about":[{"href":"https:\/\/eltrabajo.cl\/portal\/wp-json\/wp\/v2\/types\/post"}],"author":[{"embeddable":true,"href":"https:\/\/eltrabajo.cl\/portal\/wp-json\/wp\/v2\/users\/482"}],"replies":[{"embeddable":true,"href":"https:\/\/eltrabajo.cl\/portal\/wp-json\/wp\/v2\/comments?post=52268"}],"version-history":[{"count":0,"href":"https:\/\/eltrabajo.cl\/portal\/wp-json\/wp\/v2\/posts\/52268\/revisions"}],"wp:featuredmedia":[{"embeddable":true,"href":"https:\/\/eltrabajo.cl\/portal\/wp-json\/wp\/v2\/media\/52269"}],"wp:attachment":[{"href":"https:\/\/eltrabajo.cl\/portal\/wp-json\/wp\/v2\/media?parent=52268"}],"wp:term":[{"taxonomy":"category","embeddable":true,"href":"https:\/\/eltrabajo.cl\/portal\/wp-json\/wp\/v2\/categories?post=52268"},{"taxonomy":"post_tag","embeddable":true,"href":"https:\/\/eltrabajo.cl\/portal\/wp-json\/wp\/v2\/tags?post=52268"}],"curies":[{"name":"wp","href":"https:\/\/api.w.org\/{rel}","templated":true}]}}