{"id":52272,"date":"2014-10-14T09:30:25","date_gmt":"2014-10-14T12:30:25","guid":{"rendered":"http:\/\/www.eltrabajo.cl\/portal\/?p=52272"},"modified":"2014-10-14T09:30:25","modified_gmt":"2014-10-14T12:30:25","slug":"liceo-roberto-humeres-realizara-el-festival-de-la-voz-popular-2014","status":"publish","type":"post","link":"https:\/\/eltrabajo.cl\/portal\/liceo-roberto-humeres-realizara-el-festival-de-la-voz-popular-2014\/","title":{"rendered":"Liceo Roberto Humeres realizar\u00e1 el Festival de la voz popular 2014"},"content":{"rendered":"<figure id=\"attachment_52273\" aria-describedby=\"caption-attachment-52273\" style=\"width: 300px\" class=\"wp-caption alignleft\"><a href=\"https:\/\/i0.wp.com\/www.eltrabajo.cl\/portal\/wp-content\/uploads\/2014\/10\/Romina-Fumey.jpg\"><img data-recalc-dims=\"1\" loading=\"lazy\" decoding=\"async\" class=\"wp-image-52273\" src=\"https:\/\/i0.wp.com\/www.eltrabajo.cl\/portal\/wp-content\/uploads\/2014\/10\/Romina-Fumey.jpg?resize=300%2C305\" alt=\"Romina Fumey, Directora del Liceo Roberto Humeres.\" width=\"300\" height=\"305\" srcset=\"https:\/\/i0.wp.com\/eltrabajo.cl\/portal\/wp-content\/uploads\/2014\/10\/Romina-Fumey.jpg?w=529&amp;ssl=1 529w, https:\/\/i0.wp.com\/eltrabajo.cl\/portal\/wp-content\/uploads\/2014\/10\/Romina-Fumey.jpg?resize=147%2C150&amp;ssl=1 147w, https:\/\/i0.wp.com\/eltrabajo.cl\/portal\/wp-content\/uploads\/2014\/10\/Romina-Fumey.jpg?resize=295%2C300&amp;ssl=1 295w, https:\/\/i0.wp.com\/eltrabajo.cl\/portal\/wp-content\/uploads\/2014\/10\/Romina-Fumey.jpg?resize=400%2C406&amp;ssl=1 400w\" sizes=\"auto, (max-width: 300px) 100vw, 300px\" \/><\/a><figcaption id=\"caption-attachment-52273\" class=\"wp-caption-text\">Romina Fumey, Directora del Liceo Roberto Humeres.<\/figcaption><\/figure>\n<p>La primera versi\u00f3n del Festival de la voz popular 2014 se realizar\u00e1 en el teatro del Liceo Roberto Humeres, el pr\u00f3ximo 29 de octubre. La iniciativa, que es organizada por la Direcci\u00f3n de Administraci\u00f3n Educacional Municipal de San Felipe (Daem) est\u00e1 dentro del plan de mejora de las actividades extra escolares y tiene como objetivo principal, promover la cultura musical y la participaci\u00f3n e integraci\u00f3n de toda la comunidad educativa de San Felipe, enfocado en los alumnos de todos los establecimientos educacionales, para lo cual, la organizaci\u00f3n ha dividido en dos las categor\u00edas; la primera de tercero a sexto b\u00e1sico y la segunda desde s\u00e9ptimo a cuarto medio.<br \/>\nRomina Fumey, directora del establecimiento, se refiri\u00f3 a este importante evento, se\u00f1alando que \u201cse ha decidido que el repertorio musical sea amplio, para fomentar la mayor participaci\u00f3n posible, por lo que abordara estilos variados, como ingl\u00e9s-espa\u00f1ol, folclore, baladas, rock, pop y hip hop mel\u00f3dico, por lo que los alumnos deber\u00e1n inscribirse en oficinas del liceo, o a trav\u00e9s del correo electr\u00f3nico liceorobertohu<br \/>\nmeresoyaneder@daem.cl, hasta el 24 de octubre como plazo final, y para lo cual, los interesados deber\u00e1n presentar en un pendrive, el tema original m\u00e1s una pista, para posteriormente, dentro de los d\u00edas siguientes, realizar un ensayo general con todos los participantes\u201d.<br \/>\nEl jurado estar\u00e1 compuesto por un destacado m\u00fasico y ex-alumno del Liceo Roberto Humeres, un representante del concejo municipal, un representante del Departamento de Cultura de la Municipalidad de San Felipe y un representante de la Daem.<\/p>\n","protected":false},"excerpt":{"rendered":"<p>La primera versi\u00f3n del Festival de la voz popular 2014 se realizar\u00e1 en el teatro del Liceo Roberto Humeres, el pr\u00f3ximo 29 de octubre. La iniciativa, que es organizada por la Direcci\u00f3n&#8230;<\/p>\n","protected":false},"author":482,"featured_media":52273,"comment_status":"open","ping_status":"closed","sticky":false,"template":"","format":"standard","meta":{"advanced_seo_description":"","jetpack_seo_html_title":"","jetpack_seo_noindex":false,"_jetpack_memberships_contains_paid_content":false,"footnotes":""},"categories":[15],"tags":[],"class_list":["post-52272","post","type-post","status-publish","format-standard","has-post-thumbnail","hentry","category-comunidad"],"jetpack_featured_media_url":"https:\/\/i0.wp.com\/eltrabajo.cl\/portal\/wp-content\/uploads\/2014\/10\/Romina-Fumey.jpg?fit=529%2C537&ssl=1","jetpack_sharing_enabled":true,"jetpack_likes_enabled":true,"jetpack-related-posts":[],"_links":{"self":[{"href":"https:\/\/eltrabajo.cl\/portal\/wp-json\/wp\/v2\/posts\/52272","targetHints":{"allow":["GET"]}}],"collection":[{"href":"https:\/\/eltrabajo.cl\/portal\/wp-json\/wp\/v2\/posts"}],"about":[{"href":"https:\/\/eltrabajo.cl\/portal\/wp-json\/wp\/v2\/types\/post"}],"author":[{"embeddable":true,"href":"https:\/\/eltrabajo.cl\/portal\/wp-json\/wp\/v2\/users\/482"}],"replies":[{"embeddable":true,"href":"https:\/\/eltrabajo.cl\/portal\/wp-json\/wp\/v2\/comments?post=52272"}],"version-history":[{"count":0,"href":"https:\/\/eltrabajo.cl\/portal\/wp-json\/wp\/v2\/posts\/52272\/revisions"}],"wp:featuredmedia":[{"embeddable":true,"href":"https:\/\/eltrabajo.cl\/portal\/wp-json\/wp\/v2\/media\/52273"}],"wp:attachment":[{"href":"https:\/\/eltrabajo.cl\/portal\/wp-json\/wp\/v2\/media?parent=52272"}],"wp:term":[{"taxonomy":"category","embeddable":true,"href":"https:\/\/eltrabajo.cl\/portal\/wp-json\/wp\/v2\/categories?post=52272"},{"taxonomy":"post_tag","embeddable":true,"href":"https:\/\/eltrabajo.cl\/portal\/wp-json\/wp\/v2\/tags?post=52272"}],"curies":[{"name":"wp","href":"https:\/\/api.w.org\/{rel}","templated":true}]}}