{"id":52275,"date":"2014-10-14T09:33:03","date_gmt":"2014-10-14T12:33:03","guid":{"rendered":"http:\/\/www.eltrabajo.cl\/portal\/?p=52275"},"modified":"2014-10-14T09:33:03","modified_gmt":"2014-10-14T12:33:03","slug":"el-pollo-fuentes-puso-a-bailar-a-los-abuelitos-de-nuestro-valle","status":"publish","type":"post","link":"https:\/\/eltrabajo.cl\/portal\/el-pollo-fuentes-puso-a-bailar-a-los-abuelitos-de-nuestro-valle\/","title":{"rendered":"\u2018El Pollo\u2019 Fuentes puso a bailar a los abuelitos de nuestro valle"},"content":{"rendered":"<figure id=\"attachment_52276\" aria-describedby=\"caption-attachment-52276\" style=\"width: 529px\" class=\"wp-caption alignnone\"><a href=\"https:\/\/i0.wp.com\/www.eltrabajo.cl\/portal\/wp-content\/uploads\/2014\/10\/Abuelos13.jpg\"><img data-recalc-dims=\"1\" loading=\"lazy\" decoding=\"async\" class=\"size-full wp-image-52276\" src=\"https:\/\/i0.wp.com\/www.eltrabajo.cl\/portal\/wp-content\/uploads\/2014\/10\/Abuelos13.jpg?resize=529%2C358\" alt=\"Los adultos mayores de todas las comunas de las provincias de San Felipe y Los Andes, tuvieron su gran homenaje que incluy\u00f3 un espectacular show con el reconocido artista Jos\u00e9 Alfredo Fuentes, \u2018El Pollo\u2019 Fuentes.\" width=\"529\" height=\"358\" srcset=\"https:\/\/i0.wp.com\/eltrabajo.cl\/portal\/wp-content\/uploads\/2014\/10\/Abuelos13.jpg?w=529&amp;ssl=1 529w, https:\/\/i0.wp.com\/eltrabajo.cl\/portal\/wp-content\/uploads\/2014\/10\/Abuelos13.jpg?resize=200%2C135&amp;ssl=1 200w, https:\/\/i0.wp.com\/eltrabajo.cl\/portal\/wp-content\/uploads\/2014\/10\/Abuelos13.jpg?resize=300%2C203&amp;ssl=1 300w, https:\/\/i0.wp.com\/eltrabajo.cl\/portal\/wp-content\/uploads\/2014\/10\/Abuelos13.jpg?resize=150%2C101&amp;ssl=1 150w, https:\/\/i0.wp.com\/eltrabajo.cl\/portal\/wp-content\/uploads\/2014\/10\/Abuelos13.jpg?resize=400%2C270&amp;ssl=1 400w\" sizes=\"auto, (max-width: 529px) 100vw, 529px\" \/><\/a><figcaption id=\"caption-attachment-52276\" class=\"wp-caption-text\">Los adultos mayores de todas las comunas de las provincias de San Felipe y Los Andes, tuvieron su gran homenaje que incluy\u00f3 un espectacular show con el reconocido artista Jos\u00e9 Alfredo Fuentes, \u2018El Pollo\u2019 Fuentes.<\/figcaption><\/figure>\n<p><strong>SANTA MAR\u00cdA.<\/strong>&#8211; Los adultos mayores de todas las comunas de las provincias de San Felipe y Los Andes, tuvieron su gran homenaje que incluy\u00f3 un espectacular show con el reconocido artista Jos\u00e9 Alfredo Fuentes, \u2018El Pollo\u2019 Fuentes, en un evento que cont\u00f3 con la presencia de importantes autoridades entre las que destacan el Senador Ignacio Walker; el Diputado Marco Antonio N\u00fa\u00f1ez; el Gobernador Provincial Eduardo Le\u00f3n; los alcaldes Claudio Zurita, Patricio Freire, Ren\u00e9 Mardones y Guillermo Reyes y la Coordinadora Regional del Servicio Nacional del Adulto Mayor (Senama), Viviana Valle.<\/p>\n<figure id=\"attachment_52277\" aria-describedby=\"caption-attachment-52277\" style=\"width: 400px\" class=\"wp-caption alignright\"><a href=\"https:\/\/i0.wp.com\/www.eltrabajo.cl\/portal\/wp-content\/uploads\/2014\/10\/Abuelos2.jpg\"><img data-recalc-dims=\"1\" loading=\"lazy\" decoding=\"async\" class=\"wp-image-52277\" src=\"https:\/\/i0.wp.com\/www.eltrabajo.cl\/portal\/wp-content\/uploads\/2014\/10\/Abuelos2.jpg?resize=400%2C283\" alt=\"La actividad fue organizada por Senama y la Municipalidad de Santa Mar\u00eda, se realiz\u00f3 en el gimnasio municipal de esta comuna.\" width=\"400\" height=\"283\" srcset=\"https:\/\/i0.wp.com\/eltrabajo.cl\/portal\/wp-content\/uploads\/2014\/10\/Abuelos2.jpg?w=528&amp;ssl=1 528w, https:\/\/i0.wp.com\/eltrabajo.cl\/portal\/wp-content\/uploads\/2014\/10\/Abuelos2.jpg?resize=200%2C141&amp;ssl=1 200w, https:\/\/i0.wp.com\/eltrabajo.cl\/portal\/wp-content\/uploads\/2014\/10\/Abuelos2.jpg?resize=300%2C211&amp;ssl=1 300w, https:\/\/i0.wp.com\/eltrabajo.cl\/portal\/wp-content\/uploads\/2014\/10\/Abuelos2.jpg?resize=150%2C105&amp;ssl=1 150w, https:\/\/i0.wp.com\/eltrabajo.cl\/portal\/wp-content\/uploads\/2014\/10\/Abuelos2.jpg?resize=400%2C282&amp;ssl=1 400w\" sizes=\"auto, (max-width: 400px) 100vw, 400px\" \/><\/a><figcaption id=\"caption-attachment-52277\" class=\"wp-caption-text\">La actividad fue organizada por Senama y la Municipalidad de Santa Mar\u00eda, se realiz\u00f3 en el gimnasio municipal de esta comuna.<\/figcaption><\/figure>\n<p>La actividad fue organizada por Senama y la Municipalidad de Santa Mar\u00eda, se realiz\u00f3 en el gimnasio municipal de esta comuna con una impresionante convocatoria que super\u00f3 las 1.200 personas, con delegaciones de los distintos clubes de las provincias que llegaron a disfrutar de esta especial velada.<br \/>\nTanto la coordinadora regional de Senama como el alcalde de Santa Mar\u00eda, valoraron en sus intervenciones la gran asistencia alcanzada, destacando la importancia de este grupo etario en la gesti\u00f3n y directrices de sus respectivos organismos y destacando algunas actividades, programas y proyectos en ejecuci\u00f3n que van en directo beneficio de ellos.<br \/>\nPosteriormente se dio paso al show tan esperado, en donde \u2018El Pollo\u2019 Fuentes en una perfecta presentaci\u00f3n, entreg\u00f3 un nutrido repertorio que incluy\u00f3 grandes \u00e9xitos como \u2018Te perd\u00ed\u2019; \u2018El amor no tiene olvido\u2019; \u2018Con mi bombo y mi chinch\u00edn\u2019 y \u2018Dirla dirladada\u2019, entre otros, temas que hicieron vibrar y cantar a todos los presentes.<br \/>\nFinalmente, representantes de estas organizaciones presentaron algunos n\u00fameros art\u00edsticos, que destacaron por su calidad y que fueron altamente aplaudidos por sus pares. El alcalde Claudio Zurita, refiri\u00e9ndose a esta gran fiesta, se\u00f1al\u00f3 que \u201cme emociona ver la gran asistencia de adultos mayores a esta actividad, principalmente porque se puede palpar esa fuerza interior que poseen, esas ganas de vivir y de participar, lo que se ve reflejado en actividades como esta. Agradezco al Senama y a su Coordinadora Regional, Viviana Valle, por haber elegido a Santa Mar\u00eda como la comuna anfitri\u00f3n de este importante evento. En Santa Mar\u00eda hace mucho que estamos haciendo las cosas muy bien, no s\u00f3lo con los adultos mayores, sino que en diversos \u00e1mbitos y decisiones como esta, de ser la cuna del encuentro bi-provincial no hace m\u00e1s que ratificarlo\u201d. Finalmente Zurita agreg\u00f3 que \u201cun reconocimiento a todos los funcionarios que trabajaron para hacer esto posible, como siempre digo, nuestros adultos mayores se merecen esto y mucho m\u00e1s, porque quiz\u00e1s han dejado de trabajar, pero no han dejado de vivir. Un saludo cari\u00f1oso a cada uno de ellos\u201d.<\/p>\n","protected":false},"excerpt":{"rendered":"<p>SANTA MAR\u00cdA.&#8211; Los adultos mayores de todas las comunas de las provincias de San Felipe y Los Andes, tuvieron su gran homenaje que incluy\u00f3 un espectacular show con el reconocido artista Jos\u00e9&#8230;<\/p>\n","protected":false},"author":482,"featured_media":52276,"comment_status":"open","ping_status":"closed","sticky":false,"template":"","format":"standard","meta":{"advanced_seo_description":"","jetpack_seo_html_title":"","jetpack_seo_noindex":false,"_jetpack_memberships_contains_paid_content":false,"footnotes":""},"categories":[15],"tags":[],"class_list":["post-52275","post","type-post","status-publish","format-standard","has-post-thumbnail","hentry","category-comunidad"],"jetpack_featured_media_url":"https:\/\/i0.wp.com\/eltrabajo.cl\/portal\/wp-content\/uploads\/2014\/10\/Abuelos13.jpg?fit=529%2C358&ssl=1","jetpack_sharing_enabled":true,"jetpack_likes_enabled":true,"jetpack-related-posts":[],"_links":{"self":[{"href":"https:\/\/eltrabajo.cl\/portal\/wp-json\/wp\/v2\/posts\/52275","targetHints":{"allow":["GET"]}}],"collection":[{"href":"https:\/\/eltrabajo.cl\/portal\/wp-json\/wp\/v2\/posts"}],"about":[{"href":"https:\/\/eltrabajo.cl\/portal\/wp-json\/wp\/v2\/types\/post"}],"author":[{"embeddable":true,"href":"https:\/\/eltrabajo.cl\/portal\/wp-json\/wp\/v2\/users\/482"}],"replies":[{"embeddable":true,"href":"https:\/\/eltrabajo.cl\/portal\/wp-json\/wp\/v2\/comments?post=52275"}],"version-history":[{"count":0,"href":"https:\/\/eltrabajo.cl\/portal\/wp-json\/wp\/v2\/posts\/52275\/revisions"}],"wp:featuredmedia":[{"embeddable":true,"href":"https:\/\/eltrabajo.cl\/portal\/wp-json\/wp\/v2\/media\/52276"}],"wp:attachment":[{"href":"https:\/\/eltrabajo.cl\/portal\/wp-json\/wp\/v2\/media?parent=52275"}],"wp:term":[{"taxonomy":"category","embeddable":true,"href":"https:\/\/eltrabajo.cl\/portal\/wp-json\/wp\/v2\/categories?post=52275"},{"taxonomy":"post_tag","embeddable":true,"href":"https:\/\/eltrabajo.cl\/portal\/wp-json\/wp\/v2\/tags?post=52275"}],"curies":[{"name":"wp","href":"https:\/\/api.w.org\/{rel}","templated":true}]}}