{"id":52298,"date":"2014-10-14T09:53:31","date_gmt":"2014-10-14T12:53:31","guid":{"rendered":"http:\/\/www.eltrabajo.cl\/portal\/?p=52298"},"modified":"2014-10-14T09:53:31","modified_gmt":"2014-10-14T12:53:31","slug":"vecinos-de-la-pirca-nuevamente-protestan-por-tramo-ruta-60-ch","status":"publish","type":"post","link":"https:\/\/eltrabajo.cl\/portal\/vecinos-de-la-pirca-nuevamente-protestan-por-tramo-ruta-60-ch\/","title":{"rendered":"Vecinos de La Pirca nuevamente protestan por tramo Ruta 60 CH"},"content":{"rendered":"<figure id=\"attachment_52299\" aria-describedby=\"caption-attachment-52299\" style=\"width: 529px\" class=\"wp-caption alignnone\"><a href=\"https:\/\/i0.wp.com\/www.eltrabajo.cl\/portal\/wp-content\/uploads\/2014\/10\/Barricadas-1.jpg\"><img data-recalc-dims=\"1\" loading=\"lazy\" decoding=\"async\" class=\"size-full wp-image-52299\" src=\"https:\/\/i0.wp.com\/www.eltrabajo.cl\/portal\/wp-content\/uploads\/2014\/10\/Barricadas-1.jpg?resize=529%2C305\" alt=\"Nuevamente vecinos del sector La Pirca encendieron barricadas en horas de la madrugada de ayer lunes impidiendo el tr\u00e1nsito en la Ruta 60 CH a modo de protesta por el tard\u00edo reinicio de obras prometidas para ese sector de la nueva carretera.\" width=\"529\" height=\"305\" srcset=\"https:\/\/i0.wp.com\/eltrabajo.cl\/portal\/wp-content\/uploads\/2014\/10\/Barricadas-1.jpg?w=529&amp;ssl=1 529w, https:\/\/i0.wp.com\/eltrabajo.cl\/portal\/wp-content\/uploads\/2014\/10\/Barricadas-1.jpg?resize=200%2C115&amp;ssl=1 200w, https:\/\/i0.wp.com\/eltrabajo.cl\/portal\/wp-content\/uploads\/2014\/10\/Barricadas-1.jpg?resize=300%2C172&amp;ssl=1 300w, https:\/\/i0.wp.com\/eltrabajo.cl\/portal\/wp-content\/uploads\/2014\/10\/Barricadas-1.jpg?resize=150%2C86&amp;ssl=1 150w, https:\/\/i0.wp.com\/eltrabajo.cl\/portal\/wp-content\/uploads\/2014\/10\/Barricadas-1.jpg?resize=400%2C230&amp;ssl=1 400w\" sizes=\"auto, (max-width: 529px) 100vw, 529px\" \/><\/a><figcaption id=\"caption-attachment-52299\" class=\"wp-caption-text\">Nuevamente vecinos del sector La Pirca encendieron barricadas en horas de la madrugada de ayer lunes impidiendo el tr\u00e1nsito en la Ruta 60 CH a modo de protesta por el tard\u00edo reinicio de obras prometidas para ese sector de la nueva carretera.<\/figcaption><\/figure>\n<p>Pasadas las 05:00 horas de ayer lunes, nuevamente se registraron des\u00f3rdenes y barricadas en el sector La Pirca en la comuna de Panquehue, esto tras conocerse en reiteradas oportunidades su descontento por el tard\u00edo reinicio prometido de las obras en la Ruta 60 CH por parte de las autoridades del gobierno.<\/p>\n<figure id=\"attachment_52300\" aria-describedby=\"caption-attachment-52300\" style=\"width: 350px\" class=\"wp-caption alignright\"><a href=\"https:\/\/i0.wp.com\/www.eltrabajo.cl\/portal\/wp-content\/uploads\/2014\/10\/Barricadas.jpg\"><img data-recalc-dims=\"1\" loading=\"lazy\" decoding=\"async\" class=\"wp-image-52300\" src=\"https:\/\/i0.wp.com\/www.eltrabajo.cl\/portal\/wp-content\/uploads\/2014\/10\/Barricadas.jpg?resize=350%2C451\" alt=\"El conductor de este cami\u00f3n sufri\u00f3 el desinflado de uno de los neum\u00e1ticos quedando en medio de la Ruta 60 CH debiendo ser asistido por Carabineros que lleg\u00f3 hasta el sector La Pirca.\" width=\"350\" height=\"451\" srcset=\"https:\/\/i0.wp.com\/eltrabajo.cl\/portal\/wp-content\/uploads\/2014\/10\/Barricadas.jpg?w=529&amp;ssl=1 529w, https:\/\/i0.wp.com\/eltrabajo.cl\/portal\/wp-content\/uploads\/2014\/10\/Barricadas.jpg?resize=116%2C150&amp;ssl=1 116w, https:\/\/i0.wp.com\/eltrabajo.cl\/portal\/wp-content\/uploads\/2014\/10\/Barricadas.jpg?resize=233%2C300&amp;ssl=1 233w, https:\/\/i0.wp.com\/eltrabajo.cl\/portal\/wp-content\/uploads\/2014\/10\/Barricadas.jpg?resize=400%2C514&amp;ssl=1 400w\" sizes=\"auto, (max-width: 350px) 100vw, 350px\" \/><\/a><figcaption id=\"caption-attachment-52300\" class=\"wp-caption-text\">El conductor de este cami\u00f3n sufri\u00f3 el desinflado de uno de los neum\u00e1ticos quedando en medio de la Ruta 60 CH debiendo ser asistido por Carabineros que lleg\u00f3 hasta el sector La Pirca.<\/figcaption><\/figure>\n<p>Las manifestaciones impidieron por varias horas el libre tr\u00e1nsito vehicular provocando un enorme taco que imped\u00eda el flujo de los automovilistas, que debieron hacerse de paciencia para esperar el restablecimiento de la carretera tras la llegada de personal de Carabineros que debi\u00f3 intervenir para dispersar a los protestantes. Adem\u00e1s, la Polic\u00eda uniformada debi\u00f3 asistir a un cami\u00f3n que por accidente supuestamente, qued\u00f3 inmovilizado en medio de la Ruta 60 CH, tras sufrir el desinflado de uno de sus neum\u00e1ticos, cuyo conductor perdi\u00f3 el control del m\u00f3vil impidiendo el tr\u00e1nsito.<br \/>\n\u201cEl personal de Carabineros debi\u00f3 concurrir hasta el sector de La Pirca Panquehue, donde se realizaban des\u00f3rdenes p\u00fablicos, posteriormente a eso se logr\u00f3 controlar la situaci\u00f3n para restablecer el tr\u00e1nsito en forma normal. Un cami\u00f3n habr\u00eda quedado en el medio de la calzada mientras \u00e9ste pasaba por la ruta ya que tra\u00eda uno de sus neum\u00e1ticos desinflados. No se registraron detenidos\u201d, inform\u00f3 el Capit\u00e1n de Carabineros, Alfredo Castillo.<br \/>\nPablo Salinas Sald\u00edas<\/p>\n","protected":false},"excerpt":{"rendered":"<p>Pasadas las 05:00 horas de ayer lunes, nuevamente se registraron des\u00f3rdenes y barricadas en el sector La Pirca en la comuna de Panquehue, esto tras conocerse en reiteradas oportunidades su descontento por&#8230;<\/p>\n","protected":false},"author":482,"featured_media":52299,"comment_status":"open","ping_status":"closed","sticky":false,"template":"","format":"standard","meta":{"advanced_seo_description":"","jetpack_seo_html_title":"","jetpack_seo_noindex":false,"_jetpack_memberships_contains_paid_content":false,"footnotes":""},"categories":[21],"tags":[],"class_list":["post-52298","post","type-post","status-publish","format-standard","has-post-thumbnail","hentry","category-policial"],"jetpack_featured_media_url":"https:\/\/i0.wp.com\/eltrabajo.cl\/portal\/wp-content\/uploads\/2014\/10\/Barricadas-1.jpg?fit=529%2C305&ssl=1","jetpack_sharing_enabled":true,"jetpack_likes_enabled":true,"jetpack-related-posts":[],"_links":{"self":[{"href":"https:\/\/eltrabajo.cl\/portal\/wp-json\/wp\/v2\/posts\/52298","targetHints":{"allow":["GET"]}}],"collection":[{"href":"https:\/\/eltrabajo.cl\/portal\/wp-json\/wp\/v2\/posts"}],"about":[{"href":"https:\/\/eltrabajo.cl\/portal\/wp-json\/wp\/v2\/types\/post"}],"author":[{"embeddable":true,"href":"https:\/\/eltrabajo.cl\/portal\/wp-json\/wp\/v2\/users\/482"}],"replies":[{"embeddable":true,"href":"https:\/\/eltrabajo.cl\/portal\/wp-json\/wp\/v2\/comments?post=52298"}],"version-history":[{"count":0,"href":"https:\/\/eltrabajo.cl\/portal\/wp-json\/wp\/v2\/posts\/52298\/revisions"}],"wp:featuredmedia":[{"embeddable":true,"href":"https:\/\/eltrabajo.cl\/portal\/wp-json\/wp\/v2\/media\/52299"}],"wp:attachment":[{"href":"https:\/\/eltrabajo.cl\/portal\/wp-json\/wp\/v2\/media?parent=52298"}],"wp:term":[{"taxonomy":"category","embeddable":true,"href":"https:\/\/eltrabajo.cl\/portal\/wp-json\/wp\/v2\/categories?post=52298"},{"taxonomy":"post_tag","embeddable":true,"href":"https:\/\/eltrabajo.cl\/portal\/wp-json\/wp\/v2\/tags?post=52298"}],"curies":[{"name":"wp","href":"https:\/\/api.w.org\/{rel}","templated":true}]}}