{"id":52306,"date":"2014-10-14T09:56:51","date_gmt":"2014-10-14T12:56:51","guid":{"rendered":"http:\/\/www.eltrabajo.cl\/portal\/?p=52306"},"modified":"2014-10-14T09:56:51","modified_gmt":"2014-10-14T12:56:51","slug":"anuncian-acciones-legales-contra-hospital-san-camilo-tras-muerte-de-paciente","status":"publish","type":"post","link":"https:\/\/eltrabajo.cl\/portal\/anuncian-acciones-legales-contra-hospital-san-camilo-tras-muerte-de-paciente\/","title":{"rendered":"Anuncian acciones legales contra Hospital San Camilo tras muerte de paciente"},"content":{"rendered":"<figure id=\"attachment_52307\" aria-describedby=\"caption-attachment-52307\" style=\"width: 300px\" class=\"wp-caption alignleft\"><a href=\"https:\/\/i0.wp.com\/www.eltrabajo.cl\/portal\/wp-content\/uploads\/2014\/10\/Irene-Reyes-Hija.jpg\"><img data-recalc-dims=\"1\" loading=\"lazy\" decoding=\"async\" class=\"wp-image-52307\" src=\"https:\/\/i0.wp.com\/www.eltrabajo.cl\/portal\/wp-content\/uploads\/2014\/10\/Irene-Reyes-Hija.jpg?resize=300%2C398\" alt=\"Irene Reyes, hija de Adriana, asegur\u00f3 que iniciar\u00e1n acciones legales en contra del Hospital San Camilo para individualizar a los responsables en el tard\u00edo tratamiento m\u00e9dico que recibi\u00f3 su madre tras ser diagnosticada de una pancreatitis aguda.\" width=\"300\" height=\"398\" srcset=\"https:\/\/i0.wp.com\/eltrabajo.cl\/portal\/wp-content\/uploads\/2014\/10\/Irene-Reyes-Hija.jpg?w=529&amp;ssl=1 529w, https:\/\/i0.wp.com\/eltrabajo.cl\/portal\/wp-content\/uploads\/2014\/10\/Irene-Reyes-Hija.jpg?resize=113%2C150&amp;ssl=1 113w, https:\/\/i0.wp.com\/eltrabajo.cl\/portal\/wp-content\/uploads\/2014\/10\/Irene-Reyes-Hija.jpg?resize=226%2C300&amp;ssl=1 226w, https:\/\/i0.wp.com\/eltrabajo.cl\/portal\/wp-content\/uploads\/2014\/10\/Irene-Reyes-Hija.jpg?resize=400%2C530&amp;ssl=1 400w\" sizes=\"auto, (max-width: 300px) 100vw, 300px\" \/><\/a><figcaption id=\"caption-attachment-52307\" class=\"wp-caption-text\">Irene Reyes, hija de Adriana, asegur\u00f3 que iniciar\u00e1n acciones legales en contra del Hospital San Camilo para individualizar a los responsables en el tard\u00edo tratamiento m\u00e9dico que recibi\u00f3 su madre tras ser diagnosticada de una pancreatitis aguda.<\/figcaption><\/figure>\n<p>Decididos a interponer acciones legales en contra del Hospital San Camilo est\u00e1 la familia de Adriana Mart\u00ednez Collao, quien falleci\u00f3 el pasado 9 de julio v\u00edctima de una pancreatitis aguda, mal que al parecer no fue tratado a tiempo por los m\u00e9dicos, pese a que los ex\u00e1menes advert\u00edan este diagn\u00f3stico, por lo que sus familiares acusan una negligencia m\u00e9dica hospitalaria.<br \/>\nA ra\u00edz de la publicaci\u00f3n del caso de Yenifer Quintral Molina en la edici\u00f3n del 2 de octubre de Diario El Trabajo, cuya denuncia manifiesta que la joven de 24 a\u00f1os perdi\u00f3 la vida en similares circunstancias que Adriana Mart\u00ednez, diagnosticada de c\u00e1lculos en la ves\u00edcula en el Hospital San Juan de Dios de Los Andes, cuyos familiares expresaron su descontento contra el centro hospitalario, acusando de la misma forma una negligencia tras fallecer a los pocos d\u00edas de una pancreatitis no tratada a tiempo.<\/p>\n<figure id=\"attachment_52308\" aria-describedby=\"caption-attachment-52308\" style=\"width: 300px\" class=\"wp-caption alignright\"><a href=\"https:\/\/i0.wp.com\/www.eltrabajo.cl\/portal\/wp-content\/uploads\/2014\/10\/Adriana-Martinez-fallecida.jpg\"><img data-recalc-dims=\"1\" loading=\"lazy\" decoding=\"async\" class=\"wp-image-52308\" src=\"https:\/\/i0.wp.com\/www.eltrabajo.cl\/portal\/wp-content\/uploads\/2014\/10\/Adriana-Martinez-fallecida.jpg?resize=300%2C398\" alt=\"Adriana Mart\u00ednez Collao, de 62 a\u00f1os de edad, falleci\u00f3 v\u00edctima de una pancreatitis aguda al interior del Hospital San Camilo el pasado 9 de julio de este a\u00f1o.\" width=\"300\" height=\"398\" srcset=\"https:\/\/i0.wp.com\/eltrabajo.cl\/portal\/wp-content\/uploads\/2014\/10\/Adriana-Martinez-fallecida.jpg?w=529&amp;ssl=1 529w, https:\/\/i0.wp.com\/eltrabajo.cl\/portal\/wp-content\/uploads\/2014\/10\/Adriana-Martinez-fallecida.jpg?resize=113%2C150&amp;ssl=1 113w, https:\/\/i0.wp.com\/eltrabajo.cl\/portal\/wp-content\/uploads\/2014\/10\/Adriana-Martinez-fallecida.jpg?resize=226%2C300&amp;ssl=1 226w, https:\/\/i0.wp.com\/eltrabajo.cl\/portal\/wp-content\/uploads\/2014\/10\/Adriana-Martinez-fallecida.jpg?resize=400%2C530&amp;ssl=1 400w\" sizes=\"auto, (max-width: 300px) 100vw, 300px\" \/><\/a><figcaption id=\"caption-attachment-52308\" class=\"wp-caption-text\">Adriana Mart\u00ednez Collao, de 62 a\u00f1os de edad, falleci\u00f3 v\u00edctima de una pancreatitis aguda al interior del Hospital San Camilo el pasado 9 de julio de este a\u00f1o.<\/figcaption><\/figure>\n<p><strong>TEN\u00cdA C\u00c1LCULOS<\/strong><br \/>\nTras esta denuncia Irene Reyes, hija de Adriana Mart\u00ednez, quiso dar a conocer a la opini\u00f3n p\u00fablica la tr\u00e1gica muerte de su madre, quien resid\u00eda con su esposo en el sector de Cerrillos en la comuna de Catemu, donde era muy querida por sus vecinos y los miembros de su Iglesia. Seg\u00fan nos explica Irene, su madre Adriana, de 62 a\u00f1os, estaba siendo tratada de manera particular en el IST con el Doctor Cristian Rossat, tras ser diagnosticada de c\u00e1lculos a la ves\u00edcula.<br \/>\nIrene argumenta que por sugerencia del profesional, para prevenir futuras complicaciones de la salud de Adriana, el d\u00eda 07 de julio pasado a las 11:00 horas, la paciente fue internada en el Hospital San Camilo. Transcurrieron dos d\u00edas cuando los profesionales le practicaron una Colangiopancreotograf\u00eda retr\u00f3grada endosc\u00f3pica (CPRE), intervenci\u00f3n encabezada por el Doctor Ren\u00e9 Mart\u00ednez.<br \/>\nTras este an\u00e1lisis, Adriana qued\u00f3 muy delicada, sufriendo de v\u00f3mitos y el estado general de su salud empez\u00f3 a deteriorarse, adem\u00e1s que la paciente reportaba muchos dolores corporales, lo que inquiet\u00f3 a sus familiares, quienes exig\u00edan una pronta atenci\u00f3n m\u00e9dica.<\/p>\n<p><strong>ESTADO CR\u00cdTICO<\/strong><br \/>\n\u201cHabl\u00e9 con el Doctor Mart\u00ednez, quien realiz\u00f3 este examen y me dice que ella est\u00e1 en recuperaci\u00f3n. En ning\u00fan momento me dijo que estaba delicada, entonces yo supe por un camillero del hospital, que ella no estaba evolucionando bien, estaba con n\u00e1useas, con v\u00f3mito. Despu\u00e9s la subieron a las 18:00 horas a Cirug\u00eda, ella estuvo siempre con dolor y muy sudorosa, nunca vimos una mejor\u00eda de todo esto, pas\u00f3 todo el d\u00eda jueves as\u00ed\u201d, relata Irene Reyes.<br \/>\nTras ser sometida al CPRE, los resultados de Laboratorio habr\u00edan diagnosticado que la paciente sufr\u00eda pancreatitis y que su estado de salud era cr\u00edtico: \u201cEn todo el d\u00eda no hubo ning\u00fan doctor que viera estos ex\u00e1menes, que ya se estaba detectando una pancreatitis. El laboratorio por su parte tampoco avis\u00f3 que los resultados estaban cr\u00edticos, por lo tanto yo llegu\u00e9 el d\u00eda jueves en la noche a verla y mi madre ya estaba en muy malas condiciones\u201d, rememora Irene con mucha tristeza.<br \/>\nDespu\u00e9s de muchas horas de espera de los familiares, entre la angustia e impotencia, los m\u00e9dicos revelan el diagn\u00f3stico de pancreatitis aguda, decidiendo ingresarla hasta la Unidad de Tratamiento Intensivo, UTI, donde Adriana estuvo aquejada durante toda la noche y hasta el d\u00eda siguiente a las 11:00 horas, para luego ser trasladada hasta la Unidad de Cuidados Intensivos del San Camilo, lugar en el cual se hicieron todas las maniobras necesarias para restablecer su salud, falleciendo a los pocos minutos.<br \/>\n\u00abPasaron dos d\u00edas desde el resultado de los ex\u00e1menes y falleci\u00f3. Desde el momento que le realizan el examen a mi madre, su recuperaci\u00f3n fue mala, el doctor no dio a conocer que a ella se le pod\u00eda generar la pancreatitis; se le hicieron ex\u00e1menes, los cuales no fueron tampoco evaluados a tiempo; hubo muchas horas desde que estaban los resultados de los ex\u00e1menes para ser evaluados y darse cuenta de la pancreatitis. Seg\u00fan el director del hospital, no hab\u00eda un doctor que viera los ex\u00e1menes. Para nosotros no es posible que durante todo un d\u00eda no haya un doctor para que viera esos ex\u00e1menes\u201d, sostiene Irene Reyes.<br \/>\nA juicio de sus familiares, Adriana debi\u00f3 ser intervenida quir\u00fargicamente o bien haber sido trasladada hasta otro centro hospitalario, cuya vital informaci\u00f3n no fue proporcionada a tiempo para que la familia hubiese tomado otra determinaci\u00f3n, como podr\u00eda haber sido el traslado de la paciente hasta una cl\u00ednica privada.<br \/>\n\u201cMi mam\u00e1 debi\u00f3 haber sido intervenida inmediatamente y haber sido operada, pasaron muchas horas entonces ya no hab\u00eda soluci\u00f3n, a la hora que vinieron a hacer algo ya era demasiado tarde. El Doctor Rossat, quien pidi\u00f3 los ex\u00e1menes, que ten\u00eda que haberla evaluado, tampoco lo hizo, o sea hay abandono del paciente; las enfermeras no hacen su trabajo como corresponde; entonces nosotros como familia, venir al hospital para hacer algo para prevenir y salir con mi madre en un caj\u00f3n es tr\u00e1gico total\u201d, lament\u00f3 Irene.<br \/>\nTras el fatal deceso de Adriana Mart\u00ednez, ella deja a un esposo y cuatro hermanos en la m\u00e1s profunda tristeza, quienes claman por explicaciones por parte del Hospital San Camilo, pese a que sostuvieron una reuni\u00f3n con el Director N\u00e9stor Iribarra, quien les asegur\u00f3 la realizaci\u00f3n de una auditor\u00eda para la investigaci\u00f3n del caso, para as\u00ed individualizar a los responsables.<\/p>\n<p><strong>ACCI\u00d3N LEGAL<\/strong><br \/>\nEn tanto, la familia afectada inici\u00f3 acciones legales en contra de quienes resulten responsables de la muerte de Adriana Mart\u00ednez, apuntando directamente a las malas maniobras realizadas al interior del Hospital San Camilo y su cuerpo m\u00e9dico: \u201cVamos a llegar hasta el final para que esto se aclare, porque as\u00ed como nos pas\u00f3 a nosotros, hoy en d\u00eda hay otros caso m\u00e1s, entonces no es justo, no debe ser, necesitamos llegar al final de todo esto, aclarar y para que ellos entiendan que somos seres humanos, necesitamos una atenci\u00f3n digna\u201d, concluy\u00f3 Irene Reyes, hija de la fallecida.<br \/>\nDiario El Trabajo busc\u00f3 una respuesta del Hospital San Camilo, de donde se envi\u00f3 la siguiente declaraci\u00f3n oficial:<br \/>\n\u201cLuego de conocer los hechos, se gestion\u00f3 la entrega inmediata de los antecedentes solicitados por la familia, como la ficha cl\u00ednica de la paciente, y, una vez realizada, la entrega de la auditor\u00eda m\u00e9dica. Adem\u00e1s se realiz\u00f3 una reuni\u00f3n explicativa en donde junto con manifestarles las condolencias, la familia tuvo la oportunidad de plantear todas sus dudas y consultas, mismas que fueron respondidas por el director y el jefe de servicio, explic\u00e1ndose nuevamente que el cuadro de pancreatitis grave necro-hemorr\u00e1gica que present\u00f3 la paciente, es una complicaci\u00f3n de alt\u00edsima mortalidad y que los tratamientos realizados estuvieron de acuerdo a lo requerido, por la complejidad del cuadro, el cual pese a ser analizado por una junta m\u00e9dica, avanz\u00f3 r\u00e1pidamente pese a todos los esfuerzos de los equipos m\u00e9dicos de los servicios de UTI y UCI, sin lograr que el cuadro agudo revirtiera\u201d.<br \/>\nPablo Salinas Sald\u00edas<\/p>\n","protected":false},"excerpt":{"rendered":"<p>Decididos a interponer acciones legales en contra del Hospital San Camilo est\u00e1 la familia de Adriana Mart\u00ednez Collao, quien falleci\u00f3 el pasado 9 de julio v\u00edctima de una pancreatitis aguda, mal que&#8230;<\/p>\n","protected":false},"author":482,"featured_media":52307,"comment_status":"open","ping_status":"closed","sticky":false,"template":"","format":"standard","meta":{"advanced_seo_description":"","jetpack_seo_html_title":"","jetpack_seo_noindex":false,"_jetpack_memberships_contains_paid_content":false,"footnotes":""},"categories":[15],"tags":[],"class_list":["post-52306","post","type-post","status-publish","format-standard","has-post-thumbnail","hentry","category-comunidad"],"jetpack_featured_media_url":"https:\/\/i0.wp.com\/eltrabajo.cl\/portal\/wp-content\/uploads\/2014\/10\/Irene-Reyes-Hija.jpg?fit=529%2C701&ssl=1","jetpack_sharing_enabled":true,"jetpack_likes_enabled":true,"jetpack-related-posts":[],"_links":{"self":[{"href":"https:\/\/eltrabajo.cl\/portal\/wp-json\/wp\/v2\/posts\/52306","targetHints":{"allow":["GET"]}}],"collection":[{"href":"https:\/\/eltrabajo.cl\/portal\/wp-json\/wp\/v2\/posts"}],"about":[{"href":"https:\/\/eltrabajo.cl\/portal\/wp-json\/wp\/v2\/types\/post"}],"author":[{"embeddable":true,"href":"https:\/\/eltrabajo.cl\/portal\/wp-json\/wp\/v2\/users\/482"}],"replies":[{"embeddable":true,"href":"https:\/\/eltrabajo.cl\/portal\/wp-json\/wp\/v2\/comments?post=52306"}],"version-history":[{"count":0,"href":"https:\/\/eltrabajo.cl\/portal\/wp-json\/wp\/v2\/posts\/52306\/revisions"}],"wp:featuredmedia":[{"embeddable":true,"href":"https:\/\/eltrabajo.cl\/portal\/wp-json\/wp\/v2\/media\/52307"}],"wp:attachment":[{"href":"https:\/\/eltrabajo.cl\/portal\/wp-json\/wp\/v2\/media?parent=52306"}],"wp:term":[{"taxonomy":"category","embeddable":true,"href":"https:\/\/eltrabajo.cl\/portal\/wp-json\/wp\/v2\/categories?post=52306"},{"taxonomy":"post_tag","embeddable":true,"href":"https:\/\/eltrabajo.cl\/portal\/wp-json\/wp\/v2\/tags?post=52306"}],"curies":[{"name":"wp","href":"https:\/\/api.w.org\/{rel}","templated":true}]}}