{"id":52317,"date":"2014-10-15T09:18:58","date_gmt":"2014-10-15T12:18:58","guid":{"rendered":"http:\/\/www.eltrabajo.cl\/portal\/?p=52317"},"modified":"2014-10-15T09:18:58","modified_gmt":"2014-10-15T12:18:58","slug":"escuela-buen-pastor-celebro-el-dia-de-la-familia","status":"publish","type":"post","link":"https:\/\/eltrabajo.cl\/portal\/escuela-buen-pastor-celebro-el-dia-de-la-familia\/","title":{"rendered":"Escuela Buen Pastor celebr\u00f3 el D\u00eda de la Familia"},"content":{"rendered":"<figure id=\"attachment_52318\" aria-describedby=\"caption-attachment-52318\" style=\"width: 529px\" class=\"wp-caption alignnone\"><a href=\"https:\/\/i0.wp.com\/www.eltrabajo.cl\/portal\/wp-content\/uploads\/2014\/10\/Fieston1.jpg\"><img data-recalc-dims=\"1\" loading=\"lazy\" decoding=\"async\" class=\"size-full wp-image-52318\" src=\"https:\/\/i0.wp.com\/www.eltrabajo.cl\/portal\/wp-content\/uploads\/2014\/10\/Fieston1.jpg?resize=529%2C340\" alt=\"Los alumnos, profesores, los padres y apoderados de la Escuela Buen Pastor, celebraron el viernes reci\u00e9n pasado el D\u00eda de la Familia.\" width=\"529\" height=\"340\" srcset=\"https:\/\/i0.wp.com\/eltrabajo.cl\/portal\/wp-content\/uploads\/2014\/10\/Fieston1.jpg?w=529&amp;ssl=1 529w, https:\/\/i0.wp.com\/eltrabajo.cl\/portal\/wp-content\/uploads\/2014\/10\/Fieston1.jpg?resize=200%2C128&amp;ssl=1 200w, https:\/\/i0.wp.com\/eltrabajo.cl\/portal\/wp-content\/uploads\/2014\/10\/Fieston1.jpg?resize=300%2C192&amp;ssl=1 300w, https:\/\/i0.wp.com\/eltrabajo.cl\/portal\/wp-content\/uploads\/2014\/10\/Fieston1.jpg?resize=150%2C96&amp;ssl=1 150w, https:\/\/i0.wp.com\/eltrabajo.cl\/portal\/wp-content\/uploads\/2014\/10\/Fieston1.jpg?resize=400%2C257&amp;ssl=1 400w\" sizes=\"auto, (max-width: 529px) 100vw, 529px\" \/><\/a><figcaption id=\"caption-attachment-52318\" class=\"wp-caption-text\">Los alumnos, profesores, los padres y apoderados de la Escuela Buen Pastor, celebraron el viernes reci\u00e9n pasado el D\u00eda de la Familia.<\/figcaption><\/figure>\n<p>Acompa\u00f1ados del Alcalde Patricio Freire, los alumnos, profesores, los padres y apoderados de la Escuela Buen Pastor, celebraron el viernes reci\u00e9n pasado el D\u00eda de la Familia, el que contempl\u00f3 un entretenido show que fue disfrutado por todos los asistentes.<br \/>\nLa actividad comenz\u00f3 a las 18:00 horas y los asistentes disfrutaron del espect\u00e1culo preparado por el doble de Marc Anthony, junto a la destacada exponente de la m\u00fasica mexicana Flor del Valle, quienes hicieron disfrutar y bailar a la gran cantidad de padres y apoderados que llegaron hasta el establecimiento, actividaad que se prolong\u00f3 hasta pasadas las 20:00 horas.<br \/>\nCecilia Cornejo, directora del establecimiento, se mostr\u00f3 muy conforme con lo realizado, se\u00f1alando que \u201cla iniciativa, que naci\u00f3 de un consejo escolar, dej\u00f3 de manifiesto que exist\u00eda una necesidad de acercar a los padres y apoderados a la escuela, por lo que se decidi\u00f3 realizar esta actividad, y que no representara ning\u00fan gasto econ\u00f3mico para las familias, y que los motivara \u00fanicamente el inter\u00e9s de participar, y pasar un momento entretenido, siendo la escuela quien pudiera generar esa instancia, y as\u00ed lo hemos hecho\u201d.<br \/>\nEl objetivo fundamental de la actividad fue potenciar la participaci\u00f3n de los padres junto a sus hijos, en una actividad de sana entretenci\u00f3n, que tuvo la colaboraci\u00f3n de los profesores, quienes fueron los encargados de organizar la celebraci\u00f3n.<br \/>\nPor su parte, el Alcalde Patricio Freire tambi\u00e9n se refiri\u00f3 a esta entretenida jornada, manifestando que \u201cqueremos seguir fortaleciendo los lazos con los padres y apoderados de los establecimientos educacionales municipalizados de nuestra comuna y por ello estamos apoyando este tipo de actividades, donde padres e hijos comparten y disfrutan de una actividad preparada por los profesores, es decir, vemos una comunidad educativa comprometida con el quehacer de la Escuela Buen Pastor\u201d.<br \/>\nPor su parte, los padres y apoderados se retiraron muy contentos y felices por la actividad, quienes pudieron compartir de un agradable momento, junto a la m\u00e1xima autoridad comunal, con quien cantaron y bailaron, y en vista al buen resultado, la idea es repetirla en los pr\u00f3ximos a\u00f1os, instaurando definitivamente, el D\u00eda de la Familia de la Escuela Buen Pastor.<\/p>\n","protected":false},"excerpt":{"rendered":"<p>Acompa\u00f1ados del Alcalde Patricio Freire, los alumnos, profesores, los padres y apoderados de la Escuela Buen Pastor, celebraron el viernes reci\u00e9n pasado el D\u00eda de la Familia, el que contempl\u00f3 un entretenido&#8230;<\/p>\n","protected":false},"author":482,"featured_media":52318,"comment_status":"open","ping_status":"closed","sticky":false,"template":"","format":"standard","meta":{"advanced_seo_description":"","jetpack_seo_html_title":"","jetpack_seo_noindex":false,"_jetpack_memberships_contains_paid_content":false,"footnotes":""},"categories":[15],"tags":[],"class_list":["post-52317","post","type-post","status-publish","format-standard","has-post-thumbnail","hentry","category-comunidad"],"jetpack_featured_media_url":"https:\/\/i0.wp.com\/eltrabajo.cl\/portal\/wp-content\/uploads\/2014\/10\/Fieston1.jpg?fit=529%2C340&ssl=1","jetpack_sharing_enabled":true,"jetpack_likes_enabled":true,"jetpack-related-posts":[],"_links":{"self":[{"href":"https:\/\/eltrabajo.cl\/portal\/wp-json\/wp\/v2\/posts\/52317","targetHints":{"allow":["GET"]}}],"collection":[{"href":"https:\/\/eltrabajo.cl\/portal\/wp-json\/wp\/v2\/posts"}],"about":[{"href":"https:\/\/eltrabajo.cl\/portal\/wp-json\/wp\/v2\/types\/post"}],"author":[{"embeddable":true,"href":"https:\/\/eltrabajo.cl\/portal\/wp-json\/wp\/v2\/users\/482"}],"replies":[{"embeddable":true,"href":"https:\/\/eltrabajo.cl\/portal\/wp-json\/wp\/v2\/comments?post=52317"}],"version-history":[{"count":0,"href":"https:\/\/eltrabajo.cl\/portal\/wp-json\/wp\/v2\/posts\/52317\/revisions"}],"wp:featuredmedia":[{"embeddable":true,"href":"https:\/\/eltrabajo.cl\/portal\/wp-json\/wp\/v2\/media\/52318"}],"wp:attachment":[{"href":"https:\/\/eltrabajo.cl\/portal\/wp-json\/wp\/v2\/media?parent=52317"}],"wp:term":[{"taxonomy":"category","embeddable":true,"href":"https:\/\/eltrabajo.cl\/portal\/wp-json\/wp\/v2\/categories?post=52317"},{"taxonomy":"post_tag","embeddable":true,"href":"https:\/\/eltrabajo.cl\/portal\/wp-json\/wp\/v2\/tags?post=52317"}],"curies":[{"name":"wp","href":"https:\/\/api.w.org\/{rel}","templated":true}]}}