{"id":52320,"date":"2014-10-15T09:23:03","date_gmt":"2014-10-15T12:23:03","guid":{"rendered":"http:\/\/www.eltrabajo.cl\/portal\/?p=52320"},"modified":"2014-10-15T09:23:03","modified_gmt":"2014-10-15T12:23:03","slug":"muestra-cientifica-explora-conicyt-se-desarrollo-en-la-plaza-de-armas","status":"publish","type":"post","link":"https:\/\/eltrabajo.cl\/portal\/muestra-cientifica-explora-conicyt-se-desarrollo-en-la-plaza-de-armas\/","title":{"rendered":"Muestra Cient\u00edfica Explora Conicyt se desarroll\u00f3 en la Plaza de Armas"},"content":{"rendered":"<figure id=\"attachment_52321\" aria-describedby=\"caption-attachment-52321\" style=\"width: 529px\" class=\"wp-caption alignnone\"><a href=\"https:\/\/i0.wp.com\/www.eltrabajo.cl\/portal\/wp-content\/uploads\/2014\/10\/Feria1.jpg\"><img data-recalc-dims=\"1\" loading=\"lazy\" decoding=\"async\" class=\"size-full wp-image-52321\" src=\"https:\/\/i0.wp.com\/www.eltrabajo.cl\/portal\/wp-content\/uploads\/2014\/10\/Feria1.jpg?resize=529%2C401\" alt=\"EXPLOSIVA PROPUESTA.- La semana pasada en Santa Mar\u00eda, los siete colegios de la comuna participaron en la muestra Cient\u00edfica Explora Conicyt en la plaza de armas de la comuna.\" width=\"529\" height=\"401\" srcset=\"https:\/\/i0.wp.com\/eltrabajo.cl\/portal\/wp-content\/uploads\/2014\/10\/Feria1.jpg?w=529&amp;ssl=1 529w, https:\/\/i0.wp.com\/eltrabajo.cl\/portal\/wp-content\/uploads\/2014\/10\/Feria1.jpg?resize=197%2C150&amp;ssl=1 197w, https:\/\/i0.wp.com\/eltrabajo.cl\/portal\/wp-content\/uploads\/2014\/10\/Feria1.jpg?resize=300%2C227&amp;ssl=1 300w, https:\/\/i0.wp.com\/eltrabajo.cl\/portal\/wp-content\/uploads\/2014\/10\/Feria1.jpg?resize=150%2C113&amp;ssl=1 150w, https:\/\/i0.wp.com\/eltrabajo.cl\/portal\/wp-content\/uploads\/2014\/10\/Feria1.jpg?resize=400%2C303&amp;ssl=1 400w\" sizes=\"auto, (max-width: 529px) 100vw, 529px\" \/><\/a><figcaption id=\"caption-attachment-52321\" class=\"wp-caption-text\">EXPLOSIVA PROPUESTA.- La semana pasada en Santa Mar\u00eda, los siete colegios de la comuna participaron en la muestra Cient\u00edfica Explora Conicyt en la plaza de armas de la comuna.<\/figcaption><\/figure>\n<p><strong>SANTA MAR\u00cdA<\/strong>.- La semana pasada en Santa Mar\u00eda, los siete colegios de la comuna participaron en la Muestra Cient\u00edfica Explora Conicyt durante tres horas. Particip\u00f3 el Liceo Dar\u00edo Salas como instituci\u00f3n organizadora y su coordinadora, la profesora Ana S\u00e1nchez. La feria se realiz\u00f3 en la remodelada plaza municipal. Los trabajos pusieron relevancia al uso del m\u00e9todo cient\u00edfico y a la observaci\u00f3n de fen\u00f3menos de la naturaleza, destacando que en 1.834 Charles Darwin, el creador de la teor\u00eda de la evoluci\u00f3n, estuvo en Alto Jahuel, investigando el entorno geogr\u00e1fico, para luego recorrer La Cordillera de Los Andes, avistando el t\u00edpico c\u00f3ndor en la monta\u00f1a chilena.<br \/>\nLa Escuela Mar\u00eda Esp\u00ednola Espinoza present\u00f3 experiencias cient\u00edficas desde pre-kinder a 8\u00ba b\u00e1sico, desde volcanes en erupci\u00f3n; arco\u00edris en 3-D con anteojos hechos por los mismos estudiantes; efectos de la luz; el cerebro triuno y sus diferentes funciones; videos con dibujos animados de la expedici\u00f3n del cient\u00edfico ingl\u00e9s a Chile durante su estad\u00eda de cuatro a\u00f1os. Estuvieron presente, el Alcalde Claudio Zurita Ibarra y el Jefe del Daem, Rosalindo Gonz\u00e1lez, quienes mostraron su complacencia por el buen pie en que se encuentra la educaci\u00f3n de Santa Mar\u00eda en cuanto al desarrollo de experimentos cient\u00edficos.<\/p>\n<div class=\"tiled-gallery type-rectangular tiled-gallery-unresized\" data-original-width=\"640\" data-carousel-extra='null' itemscope itemtype=\"http:\/\/schema.org\/ImageGallery\" > <div class=\"gallery-row\" style=\"width: 640px; height: 463px;\" data-original-width=\"640\" data-original-height=\"463\" > <div class=\"gallery-group images-2\" style=\"width: 306px; height: 463px;\" data-original-width=\"306\" data-original-height=\"463\" > <div class=\"tiled-gallery-item tiled-gallery-item-large\" itemprop=\"associatedMedia\" itemscope itemtype=\"http:\/\/schema.org\/ImageObject\"> <a href=\"https:\/\/eltrabajo.cl\/portal\/muestra-cientifica-explora-conicyt-se-desarrollo-en-la-plaza-de-armas\/feria2-6\/\" border=\"0\" itemprop=\"url\"> <meta itemprop=\"width\" content=\"302\"> <meta itemprop=\"height\" content=\"226\"> <img decoding=\"async\" class=\"\" data-attachment-id=\"52324\" data-orig-file=\"https:\/\/eltrabajo.cl\/portal\/wp-content\/uploads\/2014\/10\/Feria2.jpg\" data-orig-size=\"528,395\" data-comments-opened=\"1\" data-image-meta=\"{&quot;aperture&quot;:&quot;0&quot;,&quot;credit&quot;:&quot;&quot;,&quot;camera&quot;:&quot;&quot;,&quot;caption&quot;:&quot;&quot;,&quot;created_timestamp&quot;:&quot;0&quot;,&quot;copyright&quot;:&quot;&quot;,&quot;focal_length&quot;:&quot;0&quot;,&quot;iso&quot;:&quot;0&quot;,&quot;shutter_speed&quot;:&quot;0&quot;,&quot;title&quot;:&quot;&quot;,&quot;orientation&quot;:&quot;0&quot;}\" data-image-title=\"Feria2\" data-image-description=\"&lt;p&gt;AUTORIDADES PRESENTES.- Estuvieron presente, el Alcalde Claudio Zurita Ibarra y el Jefe del Daem, Rosalindo Gonz\u00e1lez, quienes mostraron su complacencia por el buen pie en que se encuentra la educaci\u00f3n de Santa Mar\u00eda.&lt;\/p&gt; \" data-medium-file=\"https:\/\/i0.wp.com\/eltrabajo.cl\/portal\/wp-content\/uploads\/2014\/10\/Feria2.jpg?fit=300%2C224&#038;ssl=1\" data-large-file=\"https:\/\/i0.wp.com\/eltrabajo.cl\/portal\/wp-content\/uploads\/2014\/10\/Feria2.jpg?fit=528%2C395&#038;ssl=1\" src=\"https:\/\/i0.wp.com\/eltrabajo.cl\/portal\/wp-content\/uploads\/2014\/10\/Feria2.jpg?w=302&#038;h=226&#038;ssl=1\" srcset=\"https:\/\/i0.wp.com\/eltrabajo.cl\/portal\/wp-content\/uploads\/2014\/10\/Feria2.jpg?w=528&amp;ssl=1 528w, https:\/\/i0.wp.com\/eltrabajo.cl\/portal\/wp-content\/uploads\/2014\/10\/Feria2.jpg?resize=200%2C150&amp;ssl=1 200w, https:\/\/i0.wp.com\/eltrabajo.cl\/portal\/wp-content\/uploads\/2014\/10\/Feria2.jpg?resize=300%2C224&amp;ssl=1 300w, https:\/\/i0.wp.com\/eltrabajo.cl\/portal\/wp-content\/uploads\/2014\/10\/Feria2.jpg?resize=150%2C112&amp;ssl=1 150w, https:\/\/i0.wp.com\/eltrabajo.cl\/portal\/wp-content\/uploads\/2014\/10\/Feria2.jpg?resize=400%2C299&amp;ssl=1 400w\" width=\"302\" height=\"226\" loading=\"lazy\" data-original-width=\"302\" data-original-height=\"226\" itemprop=\"http:\/\/schema.org\/image\" title=\"Feria2\" alt=\"AUTORIDADES PRESENTES.- Estuvieron presente, el Alcalde Claudio Zurita Ibarra y el Jefe del Daem, Rosalindo Gonz\u00e1lez, quienes mostraron su complacencia por el buen pie en que se encuentra la educaci\u00f3n de Santa Mar\u00eda.\" style=\"width: 302px; height: 226px;\" \/> <\/a> <div class=\"tiled-gallery-caption\" itemprop=\"caption description\"> AUTORIDADES PRESENTES.- Estuvieron presente, el Alcalde Claudio Zurita Ibarra y el Jefe del Daem, Rosalindo Gonz\u00e1lez, quienes mostraron su complacencia por el buen pie en que se encuentra la educaci\u00f3n de Santa Mar\u00eda. <\/div> <\/div> <div class=\"tiled-gallery-item tiled-gallery-item-large\" itemprop=\"associatedMedia\" itemscope itemtype=\"http:\/\/schema.org\/ImageObject\"> <a href=\"https:\/\/eltrabajo.cl\/portal\/muestra-cientifica-explora-conicyt-se-desarrollo-en-la-plaza-de-armas\/feria3-3\/\" border=\"0\" itemprop=\"url\"> <meta itemprop=\"width\" content=\"302\"> <meta itemprop=\"height\" content=\"229\"> <img decoding=\"async\" class=\"\" data-attachment-id=\"52325\" data-orig-file=\"https:\/\/eltrabajo.cl\/portal\/wp-content\/uploads\/2014\/10\/Feria3.jpg\" data-orig-size=\"529,401\" data-comments-opened=\"1\" data-image-meta=\"{&quot;aperture&quot;:&quot;0&quot;,&quot;credit&quot;:&quot;&quot;,&quot;camera&quot;:&quot;&quot;,&quot;caption&quot;:&quot;&quot;,&quot;created_timestamp&quot;:&quot;0&quot;,&quot;copyright&quot;:&quot;&quot;,&quot;focal_length&quot;:&quot;0&quot;,&quot;iso&quot;:&quot;0&quot;,&quot;shutter_speed&quot;:&quot;0&quot;,&quot;title&quot;:&quot;&quot;,&quot;orientation&quot;:&quot;0&quot;}\" data-image-title=\"Feria3\" data-image-description=\"&lt;p&gt;REGALONES.- Estos peque\u00f1itos lo pasaron concho durante las horas que dur\u00f3 la feria, dibujando y jugando.&lt;\/p&gt; \" data-medium-file=\"https:\/\/i0.wp.com\/eltrabajo.cl\/portal\/wp-content\/uploads\/2014\/10\/Feria3.jpg?fit=300%2C227&#038;ssl=1\" data-large-file=\"https:\/\/i0.wp.com\/eltrabajo.cl\/portal\/wp-content\/uploads\/2014\/10\/Feria3.jpg?fit=529%2C401&#038;ssl=1\" src=\"https:\/\/i0.wp.com\/eltrabajo.cl\/portal\/wp-content\/uploads\/2014\/10\/Feria3.jpg?w=302&#038;h=229&#038;ssl=1\" srcset=\"https:\/\/i0.wp.com\/eltrabajo.cl\/portal\/wp-content\/uploads\/2014\/10\/Feria3.jpg?w=529&amp;ssl=1 529w, https:\/\/i0.wp.com\/eltrabajo.cl\/portal\/wp-content\/uploads\/2014\/10\/Feria3.jpg?resize=197%2C150&amp;ssl=1 197w, https:\/\/i0.wp.com\/eltrabajo.cl\/portal\/wp-content\/uploads\/2014\/10\/Feria3.jpg?resize=300%2C227&amp;ssl=1 300w, https:\/\/i0.wp.com\/eltrabajo.cl\/portal\/wp-content\/uploads\/2014\/10\/Feria3.jpg?resize=150%2C113&amp;ssl=1 150w, https:\/\/i0.wp.com\/eltrabajo.cl\/portal\/wp-content\/uploads\/2014\/10\/Feria3.jpg?resize=400%2C303&amp;ssl=1 400w\" width=\"302\" height=\"229\" loading=\"lazy\" data-original-width=\"302\" data-original-height=\"229\" itemprop=\"http:\/\/schema.org\/image\" title=\"Feria3\" alt=\"REGALONES.- Estos peque\u00f1itos lo pasaron concho durante las horas que dur\u00f3 la feria, dibujando y jugando.\" style=\"width: 302px; height: 229px;\" \/> <\/a> <div class=\"tiled-gallery-caption\" itemprop=\"caption description\"> REGALONES.- Estos peque\u00f1itos lo pasaron concho durante las horas que dur\u00f3 la feria, dibujando y jugando. <\/div> <\/div> <\/div> <!-- close group --> <div class=\"gallery-group images-1\" style=\"width: 334px; height: 463px;\" data-original-width=\"334\" data-original-height=\"463\" > <div class=\"tiled-gallery-item tiled-gallery-item-large\" itemprop=\"associatedMedia\" itemscope itemtype=\"http:\/\/schema.org\/ImageObject\"> <a href=\"https:\/\/eltrabajo.cl\/portal\/muestra-cientifica-explora-conicyt-se-desarrollo-en-la-plaza-de-armas\/alcalde1-5\/\" border=\"0\" itemprop=\"url\"> <meta itemprop=\"width\" content=\"330\"> <meta itemprop=\"height\" content=\"459\"> <img decoding=\"async\" class=\"\" data-attachment-id=\"52322\" data-orig-file=\"https:\/\/eltrabajo.cl\/portal\/wp-content\/uploads\/2014\/10\/Alcalde1.jpg\" data-orig-size=\"529,737\" data-comments-opened=\"1\" data-image-meta=\"{&quot;aperture&quot;:&quot;0&quot;,&quot;credit&quot;:&quot;&quot;,&quot;camera&quot;:&quot;&quot;,&quot;caption&quot;:&quot;&quot;,&quot;created_timestamp&quot;:&quot;0&quot;,&quot;copyright&quot;:&quot;&quot;,&quot;focal_length&quot;:&quot;0&quot;,&quot;iso&quot;:&quot;0&quot;,&quot;shutter_speed&quot;:&quot;0&quot;,&quot;title&quot;:&quot;&quot;,&quot;orientation&quot;:&quot;0&quot;}\" data-image-title=\"Alcalde1\" data-image-description=\"&lt;p&gt;PESO COMPLETO.- El Alcalde Claudio Zurita tambi\u00e9n aprovech\u00f3 para pesarse en uno de los inventos de la Escuela Mar\u00eda Esp\u00ednola.&lt;\/p&gt; \" data-medium-file=\"https:\/\/i0.wp.com\/eltrabajo.cl\/portal\/wp-content\/uploads\/2014\/10\/Alcalde1.jpg?fit=215%2C300&#038;ssl=1\" data-large-file=\"https:\/\/i0.wp.com\/eltrabajo.cl\/portal\/wp-content\/uploads\/2014\/10\/Alcalde1.jpg?fit=529%2C737&#038;ssl=1\" src=\"https:\/\/i0.wp.com\/eltrabajo.cl\/portal\/wp-content\/uploads\/2014\/10\/Alcalde1.jpg?w=330&#038;h=459&#038;ssl=1\" srcset=\"https:\/\/i0.wp.com\/eltrabajo.cl\/portal\/wp-content\/uploads\/2014\/10\/Alcalde1.jpg?w=529&amp;ssl=1 529w, https:\/\/i0.wp.com\/eltrabajo.cl\/portal\/wp-content\/uploads\/2014\/10\/Alcalde1.jpg?resize=107%2C150&amp;ssl=1 107w, https:\/\/i0.wp.com\/eltrabajo.cl\/portal\/wp-content\/uploads\/2014\/10\/Alcalde1.jpg?resize=215%2C300&amp;ssl=1 215w, https:\/\/i0.wp.com\/eltrabajo.cl\/portal\/wp-content\/uploads\/2014\/10\/Alcalde1.jpg?resize=400%2C557&amp;ssl=1 400w\" width=\"330\" height=\"459\" loading=\"lazy\" data-original-width=\"330\" data-original-height=\"459\" itemprop=\"http:\/\/schema.org\/image\" title=\"Alcalde1\" alt=\"PESO COMPLETO.- El Alcalde Claudio Zurita tambi\u00e9n aprovech\u00f3 para pesarse en uno de los inventos de la Escuela Mar\u00eda Esp\u00ednola.\" style=\"width: 330px; height: 459px;\" \/> <\/a> <div class=\"tiled-gallery-caption\" itemprop=\"caption description\"> PESO COMPLETO.- El Alcalde Claudio Zurita tambi\u00e9n aprovech\u00f3 para pesarse en uno de los inventos de la Escuela Mar\u00eda Esp\u00ednola. <\/div> <\/div> <\/div> <!-- close group --> <\/div> <!-- close row --> <\/div>\n","protected":false},"excerpt":{"rendered":"<p>SANTA MAR\u00cdA.- La semana pasada en Santa Mar\u00eda, los siete colegios de la comuna participaron en la Muestra Cient\u00edfica Explora Conicyt durante tres horas. Particip\u00f3 el Liceo Dar\u00edo Salas como instituci\u00f3n organizadora&#8230;<\/p>\n","protected":false},"author":482,"featured_media":52321,"comment_status":"open","ping_status":"closed","sticky":false,"template":"","format":"standard","meta":{"advanced_seo_description":"","jetpack_seo_html_title":"","jetpack_seo_noindex":false,"_jetpack_memberships_contains_paid_content":false,"footnotes":""},"categories":[15],"tags":[],"class_list":["post-52320","post","type-post","status-publish","format-standard","has-post-thumbnail","hentry","category-comunidad"],"jetpack_featured_media_url":"https:\/\/i0.wp.com\/eltrabajo.cl\/portal\/wp-content\/uploads\/2014\/10\/Feria1.jpg?fit=529%2C401&ssl=1","jetpack_sharing_enabled":true,"jetpack_likes_enabled":true,"jetpack-related-posts":[],"_links":{"self":[{"href":"https:\/\/eltrabajo.cl\/portal\/wp-json\/wp\/v2\/posts\/52320","targetHints":{"allow":["GET"]}}],"collection":[{"href":"https:\/\/eltrabajo.cl\/portal\/wp-json\/wp\/v2\/posts"}],"about":[{"href":"https:\/\/eltrabajo.cl\/portal\/wp-json\/wp\/v2\/types\/post"}],"author":[{"embeddable":true,"href":"https:\/\/eltrabajo.cl\/portal\/wp-json\/wp\/v2\/users\/482"}],"replies":[{"embeddable":true,"href":"https:\/\/eltrabajo.cl\/portal\/wp-json\/wp\/v2\/comments?post=52320"}],"version-history":[{"count":0,"href":"https:\/\/eltrabajo.cl\/portal\/wp-json\/wp\/v2\/posts\/52320\/revisions"}],"wp:featuredmedia":[{"embeddable":true,"href":"https:\/\/eltrabajo.cl\/portal\/wp-json\/wp\/v2\/media\/52321"}],"wp:attachment":[{"href":"https:\/\/eltrabajo.cl\/portal\/wp-json\/wp\/v2\/media?parent=52320"}],"wp:term":[{"taxonomy":"category","embeddable":true,"href":"https:\/\/eltrabajo.cl\/portal\/wp-json\/wp\/v2\/categories?post=52320"},{"taxonomy":"post_tag","embeddable":true,"href":"https:\/\/eltrabajo.cl\/portal\/wp-json\/wp\/v2\/tags?post=52320"}],"curies":[{"name":"wp","href":"https:\/\/api.w.org\/{rel}","templated":true}]}}