{"id":52344,"date":"2014-10-15T09:33:27","date_gmt":"2014-10-15T12:33:27","guid":{"rendered":"http:\/\/www.eltrabajo.cl\/portal\/?p=52344"},"modified":"2014-10-15T09:33:36","modified_gmt":"2014-10-15T12:33:36","slug":"expulsan-a-traficantes-argentinos-por-ser-una-carga-para-el-pais","status":"publish","type":"post","link":"https:\/\/eltrabajo.cl\/portal\/expulsan-a-traficantes-argentinos-por-ser-una-carga-para-el-pais\/","title":{"rendered":"Expulsan a traficantes argentinos por ser una carga para el pa\u00eds"},"content":{"rendered":"<figure id=\"attachment_52345\" aria-describedby=\"caption-attachment-52345\" style=\"width: 529px\" class=\"wp-caption alignnone\"><a href=\"https:\/\/i0.wp.com\/www.eltrabajo.cl\/portal\/wp-content\/uploads\/2014\/10\/Expulsados1.jpg\"><img data-recalc-dims=\"1\" loading=\"lazy\" decoding=\"async\" class=\"size-full wp-image-52345\" src=\"https:\/\/i0.wp.com\/www.eltrabajo.cl\/portal\/wp-content\/uploads\/2014\/10\/Expulsados1.jpg?resize=529%2C397\" alt=\"Cuatro argentinos que se encontraban cumpliendo condenas por Tr\u00e1fico il\u00edcito de estupefacientes en las c\u00e1rceles de Los Andes y San Felipe, fueron expulsados del pa\u00eds en virtud a la reforma a la justicia penal.\" width=\"529\" height=\"397\" srcset=\"https:\/\/i0.wp.com\/eltrabajo.cl\/portal\/wp-content\/uploads\/2014\/10\/Expulsados1.jpg?w=529&amp;ssl=1 529w, https:\/\/i0.wp.com\/eltrabajo.cl\/portal\/wp-content\/uploads\/2014\/10\/Expulsados1.jpg?resize=200%2C150&amp;ssl=1 200w, https:\/\/i0.wp.com\/eltrabajo.cl\/portal\/wp-content\/uploads\/2014\/10\/Expulsados1.jpg?resize=300%2C225&amp;ssl=1 300w, https:\/\/i0.wp.com\/eltrabajo.cl\/portal\/wp-content\/uploads\/2014\/10\/Expulsados1.jpg?resize=150%2C112&amp;ssl=1 150w, https:\/\/i0.wp.com\/eltrabajo.cl\/portal\/wp-content\/uploads\/2014\/10\/Expulsados1.jpg?resize=400%2C300&amp;ssl=1 400w\" sizes=\"auto, (max-width: 529px) 100vw, 529px\" \/><\/a><figcaption id=\"caption-attachment-52345\" class=\"wp-caption-text\">Cuatro argentinos que se encontraban cumpliendo condenas por Tr\u00e1fico il\u00edcito de estupefacientes en las c\u00e1rceles de Los Andes y San Felipe, fueron expulsados del pa\u00eds en virtud a la reforma a la justicia penal.<\/figcaption><\/figure>\n<p><strong>LOS ANDES.<\/strong>&#8211; Cuatro argentinos que se encontraban cumpliendo condenas por Tr\u00e1fico il\u00edcito de estupefacientes en las c\u00e1rceles de Los Andes y San Felipe, fueron expulsados del pa\u00eds en virtud a la reforma a la justicia penal. As\u00ed lo dio a conocer el Jefe de la Unidad de Extranjer\u00eda y Polic\u00eda Internacional de la PDI de Los Andes, Comisario Claudio Soto, quien se\u00f1al\u00f3 que en virtud a esta modificaci\u00f3n legal, los ciudadanos extranjeros que se encuentran condenados en Chile pueden acceder a una medida expulsi\u00f3n y as\u00ed cumplir su pena fuera del territorio nacional y en libertad en su respectivo pa\u00eds.<\/p>\n<figure id=\"attachment_52346\" aria-describedby=\"caption-attachment-52346\" style=\"width: 300px\" class=\"wp-caption alignright\"><a href=\"https:\/\/i0.wp.com\/www.eltrabajo.cl\/portal\/wp-content\/uploads\/2014\/10\/claudio-soto.jpg\"><img data-recalc-dims=\"1\" loading=\"lazy\" decoding=\"async\" class=\"wp-image-52346\" src=\"https:\/\/i0.wp.com\/www.eltrabajo.cl\/portal\/wp-content\/uploads\/2014\/10\/claudio-soto.jpg?resize=300%2C312\" alt=\"Jefe de la Unidad de Extranjer\u00eda y Polic\u00eda Internacional de la PDI de Los Andes, Comisario Claudio Soto.\" width=\"300\" height=\"312\" srcset=\"https:\/\/i0.wp.com\/eltrabajo.cl\/portal\/wp-content\/uploads\/2014\/10\/claudio-soto.jpg?w=529&amp;ssl=1 529w, https:\/\/i0.wp.com\/eltrabajo.cl\/portal\/wp-content\/uploads\/2014\/10\/claudio-soto.jpg?resize=144%2C150&amp;ssl=1 144w, https:\/\/i0.wp.com\/eltrabajo.cl\/portal\/wp-content\/uploads\/2014\/10\/claudio-soto.jpg?resize=288%2C300&amp;ssl=1 288w, https:\/\/i0.wp.com\/eltrabajo.cl\/portal\/wp-content\/uploads\/2014\/10\/claudio-soto.jpg?resize=400%2C416&amp;ssl=1 400w\" sizes=\"auto, (max-width: 300px) 100vw, 300px\" \/><\/a><figcaption id=\"caption-attachment-52346\" class=\"wp-caption-text\">Jefe de la Unidad de Extranjer\u00eda y Polic\u00eda Internacional de la PDI de Los Andes, Comisario Claudio Soto.<\/figcaption><\/figure>\n<p>Puntualiz\u00f3 que en este caso tres de los expulsados se encontraban en la c\u00e1rcel de Los Andes y uno en el centro de cumplimiento penitenciario de San Felipe, los cuales por un per\u00edodo de diez a\u00f1os tendr\u00e1n prohibido el ingreso a nuestro pa\u00eds, \u201cadem\u00e1s de las medidas administrativas que tienen un per\u00edodo un poco m\u00e1s largo, as\u00ed que esta es una medida que les ayuda a tener un cumplimiento alternativo de pena y tambi\u00e9n ayuda a desahogar los penales\u201d.<br \/>\nRecord\u00f3 que se genera adem\u00e1s, un problema adicional el tener extranjeros cumpliendo penas en c\u00e1rceles nacionales, al tener penales con mayor grado de hacinamiento y siendo adem\u00e1s una carga para el estado su mantenci\u00f3n. \u201cEn lo que va corrido del a\u00f1o se han aplicado siete medidas de expulsiones judiciales de diferentes tribunales de la zona y se han expulsado principalmente argentinos, paraguayos, ecuatorianos y tambi\u00e9n deber\u00eda concretarse el de un ciudadano brasile\u00f1o\u201d, inform\u00f3.<\/p>\n<p><strong>SON UNA CARGA<\/strong><br \/>\nEl oficial dijo que esta medida de expulsi\u00f3n se aplica a solamente a cierto tipo de delitos y que llevan aparejada determinadas penas, no as\u00ed los delitos m\u00e1s graves como Homicidio, en los cuales no es aplicable.<br \/>\n\u201cObviamente, si los expulsados no tienen ning\u00fan problema judicial en su pa\u00eds quedan en libertad, no obstante que se les coloca un impedimento de ingreso m\u00ednimo de diez a\u00f1os y nosotros lo que hacemos es retirar a los condenados desde los centro de reclusi\u00f3n y los trasladamos a la frontera, donde hacemos entrega de ellos en Complejo Horcones a Gendarmer\u00eda Argentina y luego Gendarmer\u00eda tiene a cargo verificar si tienen alg\u00fan tipo de pena pendiente en su pa\u00eds y si no es as\u00ed, quedan en libertad\u201d, explic\u00f3 el Comisario Soto.<br \/>\nComent\u00f3 que la gran mayor\u00eda de los extranjeros que cumplen condena en c\u00e1rceles de Aconcagua han sido condenados por Tr\u00e1fico de drogas, siendo ellos los propietarios o bien los transportadores de esta sustancia, \u201cpor lo que aqu\u00ed en Chile no tienen familia ni ninguna red social de apoyo y se transforman en una carga para el estado\u201d.<\/p>\n","protected":false},"excerpt":{"rendered":"<p>LOS ANDES.&#8211; Cuatro argentinos que se encontraban cumpliendo condenas por Tr\u00e1fico il\u00edcito de estupefacientes en las c\u00e1rceles de Los Andes y San Felipe, fueron expulsados del pa\u00eds en virtud a la reforma&#8230;<\/p>\n","protected":false},"author":482,"featured_media":52345,"comment_status":"open","ping_status":"closed","sticky":false,"template":"","format":"standard","meta":{"advanced_seo_description":"","jetpack_seo_html_title":"","jetpack_seo_noindex":false,"_jetpack_memberships_contains_paid_content":false,"footnotes":""},"categories":[21],"tags":[],"class_list":["post-52344","post","type-post","status-publish","format-standard","has-post-thumbnail","hentry","category-policial"],"jetpack_featured_media_url":"https:\/\/i0.wp.com\/eltrabajo.cl\/portal\/wp-content\/uploads\/2014\/10\/Expulsados1.jpg?fit=529%2C397&ssl=1","jetpack_sharing_enabled":true,"jetpack_likes_enabled":true,"jetpack-related-posts":[],"_links":{"self":[{"href":"https:\/\/eltrabajo.cl\/portal\/wp-json\/wp\/v2\/posts\/52344","targetHints":{"allow":["GET"]}}],"collection":[{"href":"https:\/\/eltrabajo.cl\/portal\/wp-json\/wp\/v2\/posts"}],"about":[{"href":"https:\/\/eltrabajo.cl\/portal\/wp-json\/wp\/v2\/types\/post"}],"author":[{"embeddable":true,"href":"https:\/\/eltrabajo.cl\/portal\/wp-json\/wp\/v2\/users\/482"}],"replies":[{"embeddable":true,"href":"https:\/\/eltrabajo.cl\/portal\/wp-json\/wp\/v2\/comments?post=52344"}],"version-history":[{"count":0,"href":"https:\/\/eltrabajo.cl\/portal\/wp-json\/wp\/v2\/posts\/52344\/revisions"}],"wp:featuredmedia":[{"embeddable":true,"href":"https:\/\/eltrabajo.cl\/portal\/wp-json\/wp\/v2\/media\/52345"}],"wp:attachment":[{"href":"https:\/\/eltrabajo.cl\/portal\/wp-json\/wp\/v2\/media?parent=52344"}],"wp:term":[{"taxonomy":"category","embeddable":true,"href":"https:\/\/eltrabajo.cl\/portal\/wp-json\/wp\/v2\/categories?post=52344"},{"taxonomy":"post_tag","embeddable":true,"href":"https:\/\/eltrabajo.cl\/portal\/wp-json\/wp\/v2\/tags?post=52344"}],"curies":[{"name":"wp","href":"https:\/\/api.w.org\/{rel}","templated":true}]}}