{"id":52348,"date":"2014-10-15T09:35:24","date_gmt":"2014-10-15T12:35:24","guid":{"rendered":"http:\/\/www.eltrabajo.cl\/portal\/?p=52348"},"modified":"2014-10-15T09:35:24","modified_gmt":"2014-10-15T12:35:24","slug":"declaran-ilegal-la-detencion-de-tres-jovenes-tras-barricadas-en-ruta-60ch","status":"publish","type":"post","link":"https:\/\/eltrabajo.cl\/portal\/declaran-ilegal-la-detencion-de-tres-jovenes-tras-barricadas-en-ruta-60ch\/","title":{"rendered":"Declaran ilegal la detenci\u00f3n de tres j\u00f3venes tras barricadas en Ruta 60CH"},"content":{"rendered":"<figure id=\"attachment_52349\" aria-describedby=\"caption-attachment-52349\" style=\"width: 400px\" class=\"wp-caption alignleft\"><a href=\"https:\/\/i0.wp.com\/www.eltrabajo.cl\/portal\/wp-content\/uploads\/2014\/10\/Barricadas-2.jpg\"><img data-recalc-dims=\"1\" loading=\"lazy\" decoding=\"async\" class=\"wp-image-52349\" src=\"https:\/\/i0.wp.com\/www.eltrabajo.cl\/portal\/wp-content\/uploads\/2014\/10\/Barricadas-2.jpg?resize=400%2C450\" alt=\"Grupos de manifestantes contin\u00faan en toma de la ruta 60CH hasta que las autoridades reinicien la construcci\u00f3n de la carretera.  \" width=\"400\" height=\"450\" srcset=\"https:\/\/i0.wp.com\/eltrabajo.cl\/portal\/wp-content\/uploads\/2014\/10\/Barricadas-2.jpg?w=529&amp;ssl=1 529w, https:\/\/i0.wp.com\/eltrabajo.cl\/portal\/wp-content\/uploads\/2014\/10\/Barricadas-2.jpg?resize=133%2C150&amp;ssl=1 133w, https:\/\/i0.wp.com\/eltrabajo.cl\/portal\/wp-content\/uploads\/2014\/10\/Barricadas-2.jpg?resize=266%2C300&amp;ssl=1 266w, https:\/\/i0.wp.com\/eltrabajo.cl\/portal\/wp-content\/uploads\/2014\/10\/Barricadas-2.jpg?resize=400%2C449&amp;ssl=1 400w\" sizes=\"auto, (max-width: 400px) 100vw, 400px\" \/><\/a><figcaption id=\"caption-attachment-52349\" class=\"wp-caption-text\">Grupos de manifestantes contin\u00faan en toma de la ruta 60CH hasta que las autoridades reinicien la construcci\u00f3n de la carretera.<\/figcaption><\/figure>\n<p>Pasadas las 22:00 horas del martes, nuevamente se registraron manifestaciones con el encendido de barricadas y des\u00f3rdenes p\u00fablicos en el sector de La Pirca y Escorial de Panquehue, altercados de similares magnitudes a las ocurridas en estos \u00faltimos d\u00edas en protesta tras las demoras en la construcci\u00f3n de la ruta internacional 60CH.<br \/>\nLos vecinos en pie de guerra contra las autoridades del gobierno, han decidido provocar cortes de tr\u00e1nsito por dicha carretera de alto flujo vehicular impidiendo en definitiva el libre desplazamiento de los conductores, quienes deben soportar los interminables tacos por varias horas. En ese sentido personal de Fuerzas Especiales de Carabineros ha debido intervenir en el restablecimiento del orden y seguridad de la ciudadan\u00eda, debiendo dispersar a los manifestantes con carros lanza agua para apagar las barricadas, y el uso de lacrim\u00f3genas para evitar la ocurrencia de des\u00f3rdenes y pedradas hacia los funcionarios policiales.<br \/>\nSeg\u00fan el reporte de la polic\u00eda uniformada, a eso de las 23:30 horas una turba de alrededor de 25 personas que participaban en una de estas manifestaciones, tambi\u00e9n habr\u00edan encendido maderas y neum\u00e1ticos en medio de la ruta obstaculizando el flujo vehicular. Para dispersar a los individuos que arrojaban piedras directamente a los carabineros, se procedi\u00f3 a la detenci\u00f3n de tres sujetos de iniciales E.S.L., D.L.H. y M.M.A., sindicados por la autoridad como participantes del grupo de manifestantes que provocaron des\u00f3rdenes en calle Maximiliano Err\u00e1zuriz de Panquehue.<br \/>\nLos imputados fueron trasladados hasta el Juzgado de Garant\u00eda de San Felipe para controlar su detenci\u00f3n, misma que fue ampliamente discutida entre la Defensor\u00eda Penal y el Ministerio P\u00fablico, donde finalmente el Juez Leopoldo Soto declar\u00f3 ilegal la detenci\u00f3n de los j\u00f3venes, toda vez que el relato de Carabineros en el parte policial, no acredit\u00f3 en detalle la participaci\u00f3n de los acusados, cuyas conductas deben ser descritas y no gen\u00e9ricamente de un hecho, desestimando la acusaci\u00f3n que persegu\u00eda la fiscal\u00eda.<br \/>\nA consecuencia de lo anterior, a los tres acusados no se les otorgaron medidas cautelares, recuperando de inmediato su libertad, decretando 60 d\u00edas para investigar el caso. Sin embargo uno de estos protagonistas manten\u00eda una orden de detenci\u00f3n pendiente emitida por el Juzgado de Garant\u00eda de Vi\u00f1a del Mar, por lo que se orden\u00f3 la custodia de Gendarmer\u00eda para su traslado hacia esa ciudad.<br \/>\nPosteriormente un cuarto detenido por Carabineros dentro del mismo contexto de las manifestaciones, identificado como Jorge Luis Y.L., quien fue sindicado como uno de los participantes durante de las barricadas, incitando a una turba de sujetos a agredir a pedradas al personal policial en el sector Lo Campo pasadas las 22:00 horas, siendo esta vez reconocido por sus vestimentas deportivas que fueron detalladas en el parte policial, documento que lo situaba en los hechos, cuyos funcionarios previamente a la detenci\u00f3n utilizaron altavoces para que los manifestantes depusieran sus acciones de continuar con los des\u00f3rdenes.<br \/>\nEn esta ocasi\u00f3n el juez de garant\u00eda declar\u00f3 legal la detenci\u00f3n para dar paso al Fiscal Andr\u00e9s Gallardo, quien acus\u00f3 al imputado como incitar a la turba a atacar a Carabineros lanzando piedras. Sin embargo el acusado recuper\u00f3 su libertad y por su intachable conducta anterior, no qued\u00f3 sujeto a ninguna medida cautelar por decisi\u00f3n del tribunal, estableciendo un plazo de investigaci\u00f3n de 60 d\u00edas.<br \/>\nPablo Salinas Sald\u00edas<\/p>\n","protected":false},"excerpt":{"rendered":"<p>Pasadas las 22:00 horas del martes, nuevamente se registraron manifestaciones con el encendido de barricadas y des\u00f3rdenes p\u00fablicos en el sector de La Pirca y Escorial de Panquehue, altercados de similares magnitudes&#8230;<\/p>\n","protected":false},"author":482,"featured_media":52349,"comment_status":"open","ping_status":"closed","sticky":false,"template":"","format":"standard","meta":{"advanced_seo_description":"","jetpack_seo_html_title":"","jetpack_seo_noindex":false,"_jetpack_memberships_contains_paid_content":false,"footnotes":""},"categories":[21],"tags":[],"class_list":["post-52348","post","type-post","status-publish","format-standard","has-post-thumbnail","hentry","category-policial"],"jetpack_featured_media_url":"https:\/\/i0.wp.com\/eltrabajo.cl\/portal\/wp-content\/uploads\/2014\/10\/Barricadas-2.jpg?fit=529%2C595&ssl=1","jetpack_sharing_enabled":true,"jetpack_likes_enabled":true,"jetpack-related-posts":[],"_links":{"self":[{"href":"https:\/\/eltrabajo.cl\/portal\/wp-json\/wp\/v2\/posts\/52348","targetHints":{"allow":["GET"]}}],"collection":[{"href":"https:\/\/eltrabajo.cl\/portal\/wp-json\/wp\/v2\/posts"}],"about":[{"href":"https:\/\/eltrabajo.cl\/portal\/wp-json\/wp\/v2\/types\/post"}],"author":[{"embeddable":true,"href":"https:\/\/eltrabajo.cl\/portal\/wp-json\/wp\/v2\/users\/482"}],"replies":[{"embeddable":true,"href":"https:\/\/eltrabajo.cl\/portal\/wp-json\/wp\/v2\/comments?post=52348"}],"version-history":[{"count":0,"href":"https:\/\/eltrabajo.cl\/portal\/wp-json\/wp\/v2\/posts\/52348\/revisions"}],"wp:featuredmedia":[{"embeddable":true,"href":"https:\/\/eltrabajo.cl\/portal\/wp-json\/wp\/v2\/media\/52349"}],"wp:attachment":[{"href":"https:\/\/eltrabajo.cl\/portal\/wp-json\/wp\/v2\/media?parent=52348"}],"wp:term":[{"taxonomy":"category","embeddable":true,"href":"https:\/\/eltrabajo.cl\/portal\/wp-json\/wp\/v2\/categories?post=52348"},{"taxonomy":"post_tag","embeddable":true,"href":"https:\/\/eltrabajo.cl\/portal\/wp-json\/wp\/v2\/tags?post=52348"}],"curies":[{"name":"wp","href":"https:\/\/api.w.org\/{rel}","templated":true}]}}