{"id":52352,"date":"2014-10-15T09:39:25","date_gmt":"2014-10-15T12:39:25","guid":{"rendered":"http:\/\/www.eltrabajo.cl\/portal\/?p=52352"},"modified":"2014-10-15T09:39:25","modified_gmt":"2014-10-15T12:39:25","slug":"con-18-anos-y-casi-180-de-estatura-espera-ser-la-reina-de-la-primavera-2014","status":"publish","type":"post","link":"https:\/\/eltrabajo.cl\/portal\/con-18-anos-y-casi-180-de-estatura-espera-ser-la-reina-de-la-primavera-2014\/","title":{"rendered":"Con 18 a\u00f1os y casi 1,80 de estatura espera ser la Reina de la Primavera 2014"},"content":{"rendered":"<figure id=\"attachment_52353\" aria-describedby=\"caption-attachment-52353\" style=\"width: 200px\" class=\"wp-caption alignleft\"><a href=\"https:\/\/i0.wp.com\/www.eltrabajo.cl\/portal\/wp-content\/uploads\/2014\/10\/jennifer-hurtado-1.jpg\"><img data-recalc-dims=\"1\" loading=\"lazy\" decoding=\"async\" class=\"wp-image-52353\" src=\"https:\/\/i0.wp.com\/www.eltrabajo.cl\/portal\/wp-content\/uploads\/2014\/10\/jennifer-hurtado-1.jpg?resize=200%2C351\" alt=\"Una gran belleza, espontaneidad y simpat\u00eda admirables son algunas de las armas con que Jennifer se presenta a esta elecci\u00f3n.\" width=\"200\" height=\"351\" srcset=\"https:\/\/i0.wp.com\/eltrabajo.cl\/portal\/wp-content\/uploads\/2014\/10\/jennifer-hurtado-1.jpg?w=529&amp;ssl=1 529w, https:\/\/i0.wp.com\/eltrabajo.cl\/portal\/wp-content\/uploads\/2014\/10\/jennifer-hurtado-1.jpg?resize=85%2C150&amp;ssl=1 85w, https:\/\/i0.wp.com\/eltrabajo.cl\/portal\/wp-content\/uploads\/2014\/10\/jennifer-hurtado-1.jpg?resize=400%2C702&amp;ssl=1 400w\" sizes=\"auto, (max-width: 200px) 100vw, 200px\" \/><\/a><figcaption id=\"caption-attachment-52353\" class=\"wp-caption-text\">Una gran belleza, espontaneidad y simpat\u00eda admirables son algunas de las armas con que Jennifer se presenta a esta elecci\u00f3n.<\/figcaption><\/figure>\n<p>Sin duda tiene el encanto, belleza, juventud y simpat\u00eda de una princesa, y por lo mismo es que desea convertirse en la pr\u00f3xima Reina de la Primavera 2014 de San Felipe.<br \/>\nSe trata de Jennifer Hurtado, de juveniles y espigados 18 a\u00f1os de edad. Con 1,77 cms. de estatura, representa con gran simpat\u00eda y personalidad a la unidad vecinal de Villa Juan Pablo II.<br \/>\nD\u00edas pasados visit\u00f3 los estudio de Radio 10, emisora perteneciente al holding El Trabajo, en donde dio rienda suelta a su espontaneidad en una conversaci\u00f3n que se extendi\u00f3 por casi media hora, demostrando su excelente humor y ganas de ganar esta competencia que organiza la Municipalidad de San Felipe y que hab\u00eda quedado olvidada en el tiempo hasta que en 2011 se volvi\u00f3 a realizar.<br \/>\nJennifer estudia actualmente Prevenci\u00f3n de Riesgos en el Instito Profesional de Los Andes (IPLA). Su ense\u00f1anza b\u00e1sica y media la realiz\u00f3 en el Liceo de Ni\u00f1as Corina Urbina de San Felipe, en donde pas\u00f3 14 a\u00f1os de su vida y guarda bellos recuerdos.<br \/>\nAntes de continuar nos pide saludar a su hermano Alexis, de 6 a\u00f1os de edad, y a su madre Amada, quien se ha convertido en su general\u00edsima y la acompa\u00f1a a las diferentes actividades que en esta carrera por el cetro de la Primavera.<br \/>\nEsta belleza cien por ciento sanfelipe\u00f1a naci\u00f3 el 1\u00ba de febrero de 1996 y pertenece al signo de Acuario. Seg\u00fan nos cuenta, su sue\u00f1o es ser modelo profesional de alta costura, y la verdad es que m\u00e9ritos tiene de sobra. De partida es muy alta y delgada, adem\u00e1s de haber estudiado a los 14 a\u00f1os en la academia Milano Modas el a\u00f1o 2010.<br \/>\nActualmente Jennifer se encuentra con agenda completa realizando diversas actividades para reunir votos, debiendo compatibilizar los tiempos con sus estudios. Es as\u00ed como est\u00e1 desarrollando actividades de tipo social adem\u00e1s de visitar los diferentes medios de comunicaci\u00f3n del Valle de Aconcagua, partiendo obviamente por Radio 10 y Diario El Trabajo, dos de los principales medios locales y que dieron inicio a este periplo medi\u00e1tico.<br \/>\nEl pr\u00f3ximo s\u00e1bado 22 de noviembre, nos cuenta Jennifer, se llevar\u00e1 a efecto la ceremonia de premiaci\u00f3n, donde se coronar\u00e1 a la Reina de la Primavera 2014, corona que est\u00e1 segura se llevar\u00e1 a su hogar con su familia. Cabe destacar que ese mismo s\u00e1bado 22 se llevar\u00e1 a efecto la caravana de carros aleg\u00f3ricos, una de las pruebas fuertes y que m\u00e1s puntaje otorgan a las candidatas, ocasi\u00f3n para la cual Jennifer cuenta con el entusiasmo de numerosos vecinos de la Villa Juan Pablo II, a quienes nos pide agradecer p\u00fablicamente por todo el apoyo recibido, llamando de todas maneras a quienes a\u00fan no se han integrado, a participar con todas sus ganas de esta fiesta ciudadana.<\/p>\n<div class=\"tiled-gallery type-rectangular tiled-gallery-unresized\" data-original-width=\"640\" data-carousel-extra='null' itemscope itemtype=\"http:\/\/schema.org\/ImageGallery\" > <div class=\"gallery-row\" style=\"width: 640px; height: 462px;\" data-original-width=\"640\" data-original-height=\"462\" > <div class=\"gallery-group images-1\" style=\"width: 322px; height: 462px;\" data-original-width=\"322\" data-original-height=\"462\" > <div class=\"tiled-gallery-item tiled-gallery-item-large\" itemprop=\"associatedMedia\" itemscope itemtype=\"http:\/\/schema.org\/ImageObject\"> <a href=\"https:\/\/eltrabajo.cl\/portal\/con-18-anos-y-casi-180-de-estatura-espera-ser-la-reina-de-la-primavera-2014\/jennifer-hurtado-primer-dia-clases-4-anos\/\" border=\"0\" itemprop=\"url\"> <meta itemprop=\"width\" content=\"318\"> <meta itemprop=\"height\" content=\"458\"> <img decoding=\"async\" class=\"\" data-attachment-id=\"52354\" data-orig-file=\"https:\/\/eltrabajo.cl\/portal\/wp-content\/uploads\/2014\/10\/jennifer-hurtado-primer-dia-clases-4-a\u00f1os.jpg\" data-orig-size=\"529,760\" data-comments-opened=\"1\" data-image-meta=\"{&quot;aperture&quot;:&quot;0&quot;,&quot;credit&quot;:&quot;&quot;,&quot;camera&quot;:&quot;&quot;,&quot;caption&quot;:&quot;&quot;,&quot;created_timestamp&quot;:&quot;0&quot;,&quot;copyright&quot;:&quot;&quot;,&quot;focal_length&quot;:&quot;0&quot;,&quot;iso&quot;:&quot;0&quot;,&quot;shutter_speed&quot;:&quot;0&quot;,&quot;title&quot;:&quot;&quot;,&quot;orientation&quot;:&quot;0&quot;}\" data-image-title=\"jennifer hurtado primer dia clases 4 a\u00f1os\" data-image-description=\"&lt;p&gt;La peque\u00f1a Jennifer en su primer d\u00eda de clases, a los 4 a\u00f1os de edad, no luce ni asustada ni preocupada, pero s\u00ed muy atenta a salir bien en la foto.&lt;\/p&gt; \" data-medium-file=\"https:\/\/i0.wp.com\/eltrabajo.cl\/portal\/wp-content\/uploads\/2014\/10\/jennifer-hurtado-primer-dia-clases-4-a%C3%B1os.jpg?fit=208%2C300&#038;ssl=1\" data-large-file=\"https:\/\/i0.wp.com\/eltrabajo.cl\/portal\/wp-content\/uploads\/2014\/10\/jennifer-hurtado-primer-dia-clases-4-a%C3%B1os.jpg?fit=529%2C760&#038;ssl=1\" src=\"https:\/\/i0.wp.com\/eltrabajo.cl\/portal\/wp-content\/uploads\/2014\/10\/jennifer-hurtado-primer-dia-clases-4-a%C3%B1os.jpg?w=318&#038;h=458&#038;ssl=1\" width=\"318\" height=\"458\" loading=\"lazy\" data-original-width=\"318\" data-original-height=\"458\" itemprop=\"http:\/\/schema.org\/image\" title=\"jennifer hurtado primer dia clases 4 a\u00f1os\" alt=\"La peque\u00f1a Jennifer en su primer d\u00eda de clases, a los 4 a\u00f1os de edad, no luce ni asustada ni preocupada, pero s\u00ed muy atenta a salir bien en la foto.\" style=\"width: 318px; height: 458px;\" \/> <\/a> <div class=\"tiled-gallery-caption\" itemprop=\"caption description\"> La peque\u00f1a Jennifer en su primer d\u00eda de clases, a los 4 a\u00f1os de edad, no luce ni asustada ni preocupada, pero s\u00ed muy atenta a salir bien en la foto. <\/div> <\/div> <\/div> <!-- close group --> <div class=\"gallery-group images-1\" style=\"width: 318px; height: 462px;\" data-original-width=\"318\" data-original-height=\"462\" > <div class=\"tiled-gallery-item tiled-gallery-item-large\" itemprop=\"associatedMedia\" itemscope itemtype=\"http:\/\/schema.org\/ImageObject\"> <a href=\"https:\/\/eltrabajo.cl\/portal\/con-18-anos-y-casi-180-de-estatura-espera-ser-la-reina-de-la-primavera-2014\/jennifer-hurtado-primera-comunion-13-anos\/\" border=\"0\" itemprop=\"url\"> <meta itemprop=\"width\" content=\"314\"> <meta itemprop=\"height\" content=\"458\"> <img decoding=\"async\" class=\"\" data-attachment-id=\"52355\" data-orig-file=\"https:\/\/eltrabajo.cl\/portal\/wp-content\/uploads\/2014\/10\/jennifer-hurtado-primera-comunion-13-a\u00f1os.jpg\" data-orig-size=\"529,772\" data-comments-opened=\"1\" data-image-meta=\"{&quot;aperture&quot;:&quot;0&quot;,&quot;credit&quot;:&quot;&quot;,&quot;camera&quot;:&quot;&quot;,&quot;caption&quot;:&quot;&quot;,&quot;created_timestamp&quot;:&quot;0&quot;,&quot;copyright&quot;:&quot;&quot;,&quot;focal_length&quot;:&quot;0&quot;,&quot;iso&quot;:&quot;0&quot;,&quot;shutter_speed&quot;:&quot;0&quot;,&quot;title&quot;:&quot;&quot;,&quot;orientation&quot;:&quot;0&quot;}\" data-image-title=\"jennifer hurtado primera comunion 13 a\u00f1os\" data-image-description=\"&lt;p&gt;En su Primera Comuni\u00f3n, a los 13 a\u00f1os de edad.&lt;\/p&gt; \" data-medium-file=\"https:\/\/i0.wp.com\/eltrabajo.cl\/portal\/wp-content\/uploads\/2014\/10\/jennifer-hurtado-primera-comunion-13-a%C3%B1os.jpg?fit=205%2C300&#038;ssl=1\" data-large-file=\"https:\/\/i0.wp.com\/eltrabajo.cl\/portal\/wp-content\/uploads\/2014\/10\/jennifer-hurtado-primera-comunion-13-a%C3%B1os.jpg?fit=529%2C772&#038;ssl=1\" src=\"https:\/\/i0.wp.com\/eltrabajo.cl\/portal\/wp-content\/uploads\/2014\/10\/jennifer-hurtado-primera-comunion-13-a%C3%B1os.jpg?w=314&#038;h=458&#038;ssl=1\" width=\"314\" height=\"458\" loading=\"lazy\" data-original-width=\"314\" data-original-height=\"458\" itemprop=\"http:\/\/schema.org\/image\" title=\"jennifer hurtado primera comunion 13 a\u00f1os\" alt=\"En su Primera Comuni\u00f3n, a los 13 a\u00f1os de edad.\" style=\"width: 314px; height: 458px;\" \/> <\/a> <div class=\"tiled-gallery-caption\" itemprop=\"caption description\"> En su Primera Comuni\u00f3n, a los 13 a\u00f1os de edad. <\/div> <\/div> <\/div> <!-- close group --> <\/div> <!-- close row --> <\/div>\n","protected":false},"excerpt":{"rendered":"<p>Sin duda tiene el encanto, belleza, juventud y simpat\u00eda de una princesa, y por lo mismo es que desea convertirse en la pr\u00f3xima Reina de la Primavera 2014 de San Felipe. Se&#8230;<\/p>\n","protected":false},"author":482,"featured_media":52353,"comment_status":"open","ping_status":"closed","sticky":false,"template":"","format":"standard","meta":{"advanced_seo_description":"","jetpack_seo_html_title":"","jetpack_seo_noindex":false,"_jetpack_memberships_contains_paid_content":false,"footnotes":""},"categories":[15],"tags":[],"class_list":["post-52352","post","type-post","status-publish","format-standard","has-post-thumbnail","hentry","category-comunidad"],"jetpack_featured_media_url":"https:\/\/i0.wp.com\/eltrabajo.cl\/portal\/wp-content\/uploads\/2014\/10\/jennifer-hurtado-1.jpg?fit=529%2C929&ssl=1","jetpack_sharing_enabled":true,"jetpack_likes_enabled":true,"jetpack-related-posts":[],"_links":{"self":[{"href":"https:\/\/eltrabajo.cl\/portal\/wp-json\/wp\/v2\/posts\/52352","targetHints":{"allow":["GET"]}}],"collection":[{"href":"https:\/\/eltrabajo.cl\/portal\/wp-json\/wp\/v2\/posts"}],"about":[{"href":"https:\/\/eltrabajo.cl\/portal\/wp-json\/wp\/v2\/types\/post"}],"author":[{"embeddable":true,"href":"https:\/\/eltrabajo.cl\/portal\/wp-json\/wp\/v2\/users\/482"}],"replies":[{"embeddable":true,"href":"https:\/\/eltrabajo.cl\/portal\/wp-json\/wp\/v2\/comments?post=52352"}],"version-history":[{"count":0,"href":"https:\/\/eltrabajo.cl\/portal\/wp-json\/wp\/v2\/posts\/52352\/revisions"}],"wp:featuredmedia":[{"embeddable":true,"href":"https:\/\/eltrabajo.cl\/portal\/wp-json\/wp\/v2\/media\/52353"}],"wp:attachment":[{"href":"https:\/\/eltrabajo.cl\/portal\/wp-json\/wp\/v2\/media?parent=52352"}],"wp:term":[{"taxonomy":"category","embeddable":true,"href":"https:\/\/eltrabajo.cl\/portal\/wp-json\/wp\/v2\/categories?post=52352"},{"taxonomy":"post_tag","embeddable":true,"href":"https:\/\/eltrabajo.cl\/portal\/wp-json\/wp\/v2\/tags?post=52352"}],"curies":[{"name":"wp","href":"https:\/\/api.w.org\/{rel}","templated":true}]}}